{"id":7597,"date":"2020-07-13T15:13:12","date_gmt":"2020-07-13T15:13:12","guid":{"rendered":"https:\/\/eldromedariorecords.com\/web\/?p=7597"},"modified":"2020-07-13T15:13:13","modified_gmt":"2020-07-13T15:13:13","slug":"mi-primera-vez-asi-descubri-a-cicatriz","status":"publish","type":"post","link":"https:\/\/eldromedariorecords.com\/web\/mi-primera-vez-asi-descubri-a-cicatriz\/","title":{"rendered":"Mi primera vez: as\u00ed descubr\u00ed a Cicatriz"},"content":{"rendered":"\n<figure class=\"wp-block-image size-large\"><img loading=\"lazy\" width=\"1030\" height=\"542\" src=\"https:\/\/eldromedariorecords.com\/web\/wp-content\/uploads\/2020\/07\/Cicatriz-1030x542.jpg\" alt=\"\" class=\"wp-image-7603\" srcset=\"https:\/\/eldromedariorecords.com\/web\/wp-content\/uploads\/2020\/07\/Cicatriz-1030x542.jpg 1030w, https:\/\/eldromedariorecords.com\/web\/wp-content\/uploads\/2020\/07\/Cicatriz-300x158.jpg 300w, https:\/\/eldromedariorecords.com\/web\/wp-content\/uploads\/2020\/07\/Cicatriz-768x404.jpg 768w, https:\/\/eldromedariorecords.com\/web\/wp-content\/uploads\/2020\/07\/Cicatriz-710x375.jpg 710w, https:\/\/eldromedariorecords.com\/web\/wp-content\/uploads\/2020\/07\/Cicatriz-705x371.jpg 705w, https:\/\/eldromedariorecords.com\/web\/wp-content\/uploads\/2020\/07\/Cicatriz.jpg 1500w\" sizes=\"(max-width: 1030px) 100vw, 1030px\" \/><\/figure>\n\n\n\n<p>La primera vez que le\u00ed el nombre <strong>Cicatriz<\/strong> fue hace treinta y seis a\u00f1os, en julio de 1984; en plena desescalada hacia los Sanfermines en un cartel que anunciaba un festival denominado\u00a0\u00a0<em>S.Ferminiko Infernorock<\/em>. La cita era en el Jito Alai, detr\u00e1s del front\u00f3n Labrit, estando previstas entre las 19:00 horas del viernes 13 y las 7:00 del s\u00e1bado 14 las actuaciones de hasta \u00a117! bandas, entre ellas las de unos primerizos <strong>Los Rebeldes, Ser-Vicio P\u00fablico<\/strong> o <strong>RIP<\/strong>.<\/p>\n\n\n\n<div class=\"wp-block-image\"><figure class=\"aligncenter size-large\"><img loading=\"lazy\" width=\"1030\" height=\"697\" src=\"https:\/\/eldromedariorecords.com\/web\/wp-content\/uploads\/2020\/07\/sanferminiko-infernorock-1030x697.jpg\" alt=\"\" class=\"wp-image-7598\" srcset=\"https:\/\/eldromedariorecords.com\/web\/wp-content\/uploads\/2020\/07\/sanferminiko-infernorock-1030x697.jpg 1030w, https:\/\/eldromedariorecords.com\/web\/wp-content\/uploads\/2020\/07\/sanferminiko-infernorock-300x203.jpg 300w, https:\/\/eldromedariorecords.com\/web\/wp-content\/uploads\/2020\/07\/sanferminiko-infernorock-768x520.jpg 768w, https:\/\/eldromedariorecords.com\/web\/wp-content\/uploads\/2020\/07\/sanferminiko-infernorock-705x477.jpg 705w, https:\/\/eldromedariorecords.com\/web\/wp-content\/uploads\/2020\/07\/sanferminiko-infernorock.jpg 1080w\" sizes=\"(max-width: 1030px) 100vw, 1030px\" \/><\/figure><\/div>\n\n\n\n<p>Aquellos Sanfermines fueron muy especiales para m\u00ed, pues debut\u00e9 en el mundo de la hosteler\u00eda. \u00bfMi destino? El Adiskideak de la calle Calderer\u00eda, y mi horario, de 7:00 am a 10 am, para cubrir las necesidades et\u00edlico-festivas y alimenticias del personal en sus \u00faltimas horas de jarana o en las primeras del nuevo d\u00eda: las de una clientela que, con el encierro en lontananza, ya no se ten\u00eda en pie o se acababa de levantar. Con un horario semejante, \u00bfcu\u00e1l era mi plan? Dormir durante el d\u00eda y salir con la cuadrilla y trasnochar directamente hasta el momento de ir a trabajar, algo que, al igual que cualquier otra jornada, hice el s\u00e1bado 14 de julio, yendo muy entrada la madrugada al Jito Alai para ver a los RIP: responsables directos de que me encaminara hasta all\u00ed, toda vez que ya los hab\u00eda visto dos meses antes con <strong>la Polla Records<\/strong> en la Plaza del Castillo. Y de aquellas descubr\u00ed a <strong>Cicatriz<\/strong>.<\/p>\n\n\n\n<p>Poco recuerdo de su actuaci\u00f3n, si acaso a Natxo Etxebarrieta, su cantante,&nbsp;&nbsp;en estado de ebullici\u00f3n total y que las canciones arrancaban y se paraban en medio de un gran desparrame, siendo lo m\u00e1s impactante la transgresi\u00f3n que su sola presencia en el escenario supon\u00eda.<\/p>\n\n\n\n<p>Procedentes de Vitoria\/Gasteiz, ciudad prima-hermana de Pamplona en much\u00edsimos aspectos (muy conservadoras y tradicionales ambas, con importante presencia de curas, monjas y militares), Natxo, Pep\u00edn, Pakito y Pedrito, los <strong>Cicatriz<\/strong>, eran depositarios del esp\u00edritu salvaje de los Freak y de la banda que originariamente sali\u00f3 de sus cenizas como parte de un programa de terapia, Cicatriz en la Matriz, de quienes heredaron modos, maneras, cantante masculino, baterista, guitarrista y canciones como\u00a0<em>Escupe<\/em>\u00a0(\u201cescupe a la \u2018estupa\u2019 \/ que va en su Ritmo\u201d, en alusi\u00f3n al modelo de veh\u00edculo de la brigada de estupefacientes de la \u00e9poca, el Seat Ritmo),\u00a0<em>Cuidado Bur\u00f3cratas<\/em>\u00a0o\u00a0<em>Aprieta el gatillo<\/em>, firmadas por el que fuera el cantante de los Freak, el hoy reconocido escultor Juanjo Elguezabal: autor de la escultura de El Caminante de Gasteiz que, dicho sea de paso, escribi\u00f3 letras en todos los discos de <strong>Cicatriz<\/strong>. Los tres obuses citados, incluidos en 1985 en el c\u00e9lebre\u00a0<em>Disco de los Cuatro<\/em>, tambi\u00e9n iban\u00a0\u00a0firmados por Pedro Landatxe, baterista, talento musical en la sombra y alma mater de los Zika, como se les conocer\u00eda popularmente.\u00a0<\/p>\n\n\n\n<div class=\"wp-block-image\"><figure class=\"aligncenter size-large\"><img loading=\"lazy\" width=\"280\" height=\"280\" src=\"https:\/\/eldromedariorecords.com\/web\/wp-content\/uploads\/2020\/07\/cicatriz-escupe.jpg\" alt=\"\" class=\"wp-image-7599\" srcset=\"https:\/\/eldromedariorecords.com\/web\/wp-content\/uploads\/2020\/07\/cicatriz-escupe.jpg 280w, https:\/\/eldromedariorecords.com\/web\/wp-content\/uploads\/2020\/07\/cicatriz-escupe-80x80.jpg 80w, https:\/\/eldromedariorecords.com\/web\/wp-content\/uploads\/2020\/07\/cicatriz-escupe-36x36.jpg 36w, https:\/\/eldromedariorecords.com\/web\/wp-content\/uploads\/2020\/07\/cicatriz-escupe-180x180.jpg 180w\" sizes=\"(max-width: 280px) 100vw, 280px\" \/><\/figure><\/div>\n\n\n\n<p>Siendo esto as\u00ed, pronto, muy pronto se materializ\u00f3 la conexi\u00f3n entre Pamplona y <strong>Cicatriz<\/strong>, multiplic\u00e1ndose de forma exponencial sus seguidores navarros conforme se iban sucediendo sus visitas: Pabell\u00f3n Anaitasuna y front\u00f3n Bidezarra de No\u00e1in en 1985, barracas pol\u00edticas en 1986 en un ca\u00f3tico y multitudinario concierto (con nuevo disco reci\u00e9n publicado,\u00a0<em>Inadaptados<\/em>), bar La Granja en oto\u00f1o de 1987 con un jovenc\u00edsimo Goar I\u00f1urrieta como guitarrista en lugar de Pep\u00edn\u2026<\/p>\n\n\n\n<p>Habituales del Ttutt y con muy buenos amigos en la ciudad, como <strong>El Drogas<\/strong>, a\u00fan recuerdo la intensidad con que vivimos en el bar durante meses las canciones de <strong>Cicatriz<\/strong>, mediante una pr\u00e1ctica que llev\u00e1bamos a cabo los viernes a partir de las ocho de la tarde; cuando intu\u00edamos cargado el ambiente, esto es, casi todos los fines de semana (\u201cson las ocho y qu\u00e9 foll\u00f3n \/ en la manifestaci\u00f3n\u2026\u201d) \u00edbamos al Ttutt y a una con las se\u00f1ales horarias del reloj de la catedral comenz\u00e1bamos a beber vinos, calent\u00e1ndonos a la vez que se encend\u00edan las calles con canciones de <strong>Cicatriz<\/strong> como\u00a0<em>Botes de Humo<\/em>\u00a0o cualquiera de las de\u00a0<em>Inadaptados<\/em>;\u00a0<em>Era un hombre<\/em>, de la Polla Records;\u00a0<em>La l\u00ednea del frente<\/em>, de Kortatu<em>\u00a0<\/em>o\u00a0<em>Mucha polic\u00eda poca diversi\u00f3n<\/em>\u00a0de <strong>Eskorbuto<\/strong>: qu\u00e9 subidones de adrenalina al ver desde el bar c\u00f3mo corr\u00edan las botas de los antidisturbios al otro lado de la puerta, escuch\u00e1ndose cada vez m\u00e1s cerca, cual truenos tras los rel\u00e1mpagos, los pelotazos.\u00a0<\/p>\n\n\n\n<p>Recuerdo que una tarde-noche de aquellas de nubes y claros (y claretes, m\u00e1s bien), tal vez a modo de editorial o resumen de lo que se viv\u00eda,\u00a0\u00a0a una con los \u00faltimos estertores de la bronca son\u00f3 el\u00a0<em>Hay algo aqu\u00ed que va mal<\/em>\u00a0de <strong>Kortatu<\/strong>, tema que Natxo cant\u00f3 siempre en directo, desde los primeros tiempos, mano a mano\u00a0con Fermin.<\/p>\n\n\n\n<div class=\"wp-block-image\"><figure class=\"aligncenter size-large\"><img loading=\"lazy\" width=\"1030\" height=\"510\" src=\"https:\/\/eldromedariorecords.com\/web\/wp-content\/uploads\/2020\/07\/zikatriz-1030x510.jpg\" alt=\"\" class=\"wp-image-7600\" srcset=\"https:\/\/eldromedariorecords.com\/web\/wp-content\/uploads\/2020\/07\/zikatriz-1030x510.jpg 1030w, https:\/\/eldromedariorecords.com\/web\/wp-content\/uploads\/2020\/07\/zikatriz-300x149.jpg 300w, https:\/\/eldromedariorecords.com\/web\/wp-content\/uploads\/2020\/07\/zikatriz-768x380.jpg 768w, https:\/\/eldromedariorecords.com\/web\/wp-content\/uploads\/2020\/07\/zikatriz-705x349.jpg 705w, https:\/\/eldromedariorecords.com\/web\/wp-content\/uploads\/2020\/07\/zikatriz.jpg 1080w\" sizes=\"(max-width: 1030px) 100vw, 1030px\" \/><\/figure><\/div>\n\n\n\n<p>Tras a\u00f1os vividos a toda m\u00e1quina, multiplicados por unos cu\u00e1ntos cada uno, en 1988, con fecha ya para la grabaci\u00f3n de un segundo disco, <strong>Zikatriz<\/strong> (seg\u00fan se le\u00eda en la entrada) actuaron el 25 de mayo en la Plaza de toros de Estella\/Lizarra, siendo este concierto el pen\u00faltimo de Natxo antes de un accidente de moto que lo dej\u00f3 unos a\u00f1os fuera de juego, postrado en silla de ruedas hasta que, fuerza de voluntad y algo m\u00e1s de por medio, ante la incredulidad incluso de la clase m\u00e9dica, se levant\u00f3, quedando obligado, eso s\u00ed, a valerse de una muletas para andar. Y no solo se levant\u00f3, sino que en un incre\u00edble salto mortal volvi\u00f3 a poner en pie a <strong>Cicatriz<\/strong>, regresando en loor de multitudes con nuevo disco,\u00a0<em>4 a\u00f1os, 2 meses y 1 d\u00eda<\/em>, y un par de conciertos, tres a\u00f1os despu\u00e9s del de Lizarra: uno, el 8 de junio, en Gasteiz, y el otro, el 15, en Pamplona, donde llenaron el pabell\u00f3n Anaitasuna\u00a0\u00a0dando el grupo, en opini\u00f3n de Natxo,\u00a0\u00a0el concierto de su vida. Subid\u00f3n, tras abrir para ellos <strong>La Polla Records<\/strong>. Ah, el grupo de Evaristo, cu\u00e1ntos conciertos protagoniz\u00f3 en este, el pabell\u00f3n del rock por excelencia, ya propios, ya abriendo para otros en su vuelta (como en este caso) o haci\u00e9ndolo en su despedida, algo que har\u00edan a finales de 1992 a prop\u00f3sito de la de Hertzainak.<\/p>\n\n\n\n<div class=\"wp-block-image\"><figure class=\"aligncenter size-large\"><img loading=\"lazy\" width=\"457\" height=\"197\" src=\"https:\/\/eldromedariorecords.com\/web\/wp-content\/uploads\/2020\/07\/la-polla-records-y-cicatriz.jpg\" alt=\"\" class=\"wp-image-7601\" srcset=\"https:\/\/eldromedariorecords.com\/web\/wp-content\/uploads\/2020\/07\/la-polla-records-y-cicatriz.jpg 457w, https:\/\/eldromedariorecords.com\/web\/wp-content\/uploads\/2020\/07\/la-polla-records-y-cicatriz-300x129.jpg 300w\" sizes=\"(max-width: 457px) 100vw, 457px\" \/><\/figure><\/div>\n\n\n\n<p>A\u00fan volver\u00eda a ver a <strong>Cicatriz<\/strong> otra vez en dicho 1991, esta vez en Bergara, en un concierto compartido en uno de sus regresos a los escenarios con aquellos a quienes un buen d\u00eda de 1984 fui a ver al Jito Alai, los <strong>RIP<\/strong>. Con un grupo, al igual que <strong>Cicatriz<\/strong>, condenado a pasar por los escenarios como el Guadiana, yendo y viniendo. Poni\u00e9ndose y quit\u00e1ndose de vez en cuando y que, como las Nochebuenas del villancico, se iban y ven\u00edan, hasta que se fueron y no volvieron m\u00e1s\u2026\u00a0<\/p>\n\n\n\n<p>Tras haber vivido como un cicl\u00f3n, a toda velocidad, y haber visto caer a toda la formaci\u00f3n original; arrastrando su cada vez m\u00e1s castigado cuerpo como una cadena de presidiario, Natxo a\u00fan reorganiz\u00f3 los <strong>Cicatriz<\/strong> en oto\u00f1o de 1994 para tocar en un concierto homenaje a <strong>Pakito<\/strong>, en el que tambi\u00e9n tocar\u00edan\u00a0\u00a0<strong>RIP<\/strong>, registrando estos all\u00ed su disco en directo: algo que har\u00edan <strong>Cicatriz<\/strong> ese a\u00f1o en otro concierto, la v\u00edspera de Nochevieja, en lo que hab\u00eda sido la m\u00edtica sala Ilargi de Lakuntza. Con motivo de su publicaci\u00f3n, en abril de 1995 me plant\u00e9 en Gasteiz y le entrevist\u00e9 para El Tubo, revista en la que comenc\u00e9 en 1994 como entusiasta escribiente de rock &amp; roll y en la que publiqu\u00e9 hasta el 2000 una larga lista de entrevistas y colaboraciones. Natxo y yo nos conoc\u00edamos por amigos comunes y por diferentes incursiones suyas en la Herriko Taberna de Pamplona, donde trabaj\u00e9 hasta 1993: Sanfermines de 1992, nunca olvidar\u00e9 el d\u00eda en el que tras entrar al servicio con su inseparable muleta y permanecer all\u00ed un buen rato (yo ya me tem\u00eda lo peor), sali\u00f3 sin ella, dej\u00e1ndosela olvidada. Dicha muleta permanecer\u00eda colgada durante much\u00edsimo tiempo en el techo del local: la misma que a una con sus subidones, acababa volando en todos los conciertos, s\u00faper salvajes siempre, siendo dichos vuelos aut\u00e9nticos term\u00f3metros de la pasi\u00f3n con la que el cantante los viv\u00eda.\u00a0<\/p>\n\n\n\n<div class=\"wp-block-image\"><figure class=\"aligncenter size-large\"><img loading=\"lazy\" width=\"773\" height=\"1030\" src=\"https:\/\/eldromedariorecords.com\/web\/wp-content\/uploads\/2020\/07\/cicatriz-el-tubo-773x1030.jpg\" alt=\"\" class=\"wp-image-7602\" srcset=\"https:\/\/eldromedariorecords.com\/web\/wp-content\/uploads\/2020\/07\/cicatriz-el-tubo-773x1030.jpg 773w, https:\/\/eldromedariorecords.com\/web\/wp-content\/uploads\/2020\/07\/cicatriz-el-tubo-225x300.jpg 225w, https:\/\/eldromedariorecords.com\/web\/wp-content\/uploads\/2020\/07\/cicatriz-el-tubo-768x1023.jpg 768w, https:\/\/eldromedariorecords.com\/web\/wp-content\/uploads\/2020\/07\/cicatriz-el-tubo-529x705.jpg 529w, https:\/\/eldromedariorecords.com\/web\/wp-content\/uploads\/2020\/07\/cicatriz-el-tubo.jpg 900w\" sizes=\"(max-width: 773px) 100vw, 773px\" \/><\/figure><\/div>\n\n\n\n<p>A una con la entrada de 1996, el 5 de enero Natxo falleci\u00f3, y\u00e9ndose con \u00e9l para siempre los <strong>Cicatriz<\/strong>, banda que tan profunda e imperecedera marca\u00a0\u00a0dej\u00f3 en la escena y en las almas de tantos de nosotros, connotaciones del nombre aparte.\u00a0Vayan estas l\u00edneas en su memoria y en la de Pap\u00edn, Pakito, Pedrito, Portu, Mahoma y Jul, estos tres \u00faltimos, de <strong>RIP<\/strong>.<\/p>\n\n\n\n<p>J. \u00d3scar Beorlegui<\/p>\n","protected":false},"excerpt":{"rendered":"<p>La primera vez que le\u00ed el nombre Cicatriz fue hace treinta y seis a\u00f1os, en julio de 1984; en plena desescalada hacia los Sanfermines en un cartel que anunciaba un festival denominado\u00a0\u00a0S.Ferminiko Infernorock. La cita era en el Jito Alai, detr\u00e1s del front\u00f3n Labrit, estando previstas entre las 19:00 horas del viernes 13 y las [&hellip;]<\/p>\n","protected":false},"author":3,"featured_media":7603,"comment_status":"closed","ping_status":"open","sticky":false,"template":"","format":"standard","meta":[],"categories":[1165],"tags":[1147,1235,187,883,1146,1187,1206,1236,1210,76,1149],"yoast_head":"<!-- This site is optimized with the Yoast SEO plugin v16.5 - https:\/\/yoast.com\/wordpress\/plugins\/seo\/ -->\n<title>Mi primera vez: as\u00ed descubr\u00ed a Cicatriz - El Dromedario Records<\/title>\n<meta name=\"robots\" content=\"index, follow, max-snippet:-1, max-image-preview:large, max-video-preview:-1\" \/>\n<link rel=\"canonical\" href=\"https:\/\/eldromedariorecords.com\/web\/mi-primera-vez-asi-descubri-a-cicatriz\/\" \/>\n<meta property=\"og:locale\" content=\"es_ES\" \/>\n<meta property=\"og:type\" content=\"article\" \/>\n<meta property=\"og:title\" content=\"Mi primera vez: as\u00ed descubr\u00ed a Cicatriz - El Dromedario Records\" \/>\n<meta property=\"og:description\" content=\"La primera vez que le\u00ed el nombre Cicatriz fue hace treinta y seis a\u00f1os, en julio de 1984; en plena desescalada hacia los Sanfermines en un cartel que anunciaba un festival denominado\u00a0\u00a0S.Ferminiko Infernorock. La cita era en el Jito Alai, detr\u00e1s del front\u00f3n Labrit, estando previstas entre las 19:00 horas del viernes 13 y las [&hellip;]\" \/>\n<meta property=\"og:url\" content=\"https:\/\/eldromedariorecords.com\/web\/mi-primera-vez-asi-descubri-a-cicatriz\/\" \/>\n<meta property=\"og:site_name\" content=\"El Dromedario Records\" \/>\n<meta property=\"article:published_time\" content=\"2020-07-13T15:13:12+00:00\" \/>\n<meta property=\"article:modified_time\" content=\"2020-07-13T15:13:13+00:00\" \/>\n<meta property=\"og:image\" content=\"https:\/\/eldromedariorecords.melboss.com\/web\/wp-content\/uploads\/2020\/07\/Cicatriz.jpg\" \/>\n\t<meta property=\"og:image:width\" content=\"1500\" \/>\n\t<meta property=\"og:image:height\" content=\"790\" \/>\n<meta name=\"twitter:card\" content=\"summary\" \/>\n<meta name=\"twitter:label1\" content=\"Tiempo de lectura\" \/>\n\t<meta name=\"twitter:data1\" content=\"7 minutos\" \/>\n<script type=\"application\/ld+json\" class=\"yoast-schema-graph\">{\"@context\":\"https:\/\/schema.org\",\"@graph\":[{\"@type\":\"Organization\",\"@id\":\"https:\/\/eldromedariorecords.com\/web\/#organization\",\"name\":\"El Dromedario Records\",\"url\":\"https:\/\/eldromedariorecords.com\/web\/\",\"sameAs\":[],\"logo\":{\"@type\":\"ImageObject\",\"@id\":\"https:\/\/eldromedariorecords.com\/web\/#logo\",\"inLanguage\":\"es\",\"url\":\"https:\/\/eldromedariorecords.melboss.com\/web\/wp-content\/uploads\/2021\/06\/logo-dromedario-negro.png\",\"contentUrl\":\"https:\/\/eldromedariorecords.melboss.com\/web\/wp-content\/uploads\/2021\/06\/logo-dromedario-negro.png\",\"width\":800,\"height\":624,\"caption\":\"El Dromedario Records\"},\"image\":{\"@id\":\"https:\/\/eldromedariorecords.com\/web\/#logo\"}},{\"@type\":\"WebSite\",\"@id\":\"https:\/\/eldromedariorecords.com\/web\/#website\",\"url\":\"https:\/\/eldromedariorecords.com\/web\/\",\"name\":\"El Dromedario Records\",\"description\":\"Discogr\\u00e1fica El Dromedario Records\",\"publisher\":{\"@id\":\"https:\/\/eldromedariorecords.com\/web\/#organization\"},\"potentialAction\":[{\"@type\":\"SearchAction\",\"target\":\"https:\/\/eldromedariorecords.com\/web\/?s={search_term_string}\",\"query-input\":\"required name=search_term_string\"}],\"inLanguage\":\"es\"},{\"@type\":\"ImageObject\",\"@id\":\"https:\/\/eldromedariorecords.com\/web\/mi-primera-vez-asi-descubri-a-cicatriz\/#primaryimage\",\"inLanguage\":\"es\",\"url\":\"https:\/\/eldromedariorecords.com\/web\/wp-content\/uploads\/2020\/07\/Cicatriz.jpg\",\"contentUrl\":\"https:\/\/eldromedariorecords.com\/web\/wp-content\/uploads\/2020\/07\/Cicatriz.jpg\",\"width\":1500,\"height\":790},{\"@type\":\"WebPage\",\"@id\":\"https:\/\/eldromedariorecords.com\/web\/mi-primera-vez-asi-descubri-a-cicatriz\/#webpage\",\"url\":\"https:\/\/eldromedariorecords.com\/web\/mi-primera-vez-asi-descubri-a-cicatriz\/\",\"name\":\"Mi primera vez: as\\u00ed descubr\\u00ed a Cicatriz - El Dromedario Records\",\"isPartOf\":{\"@id\":\"https:\/\/eldromedariorecords.com\/web\/#website\"},\"primaryImageOfPage\":{\"@id\":\"https:\/\/eldromedariorecords.com\/web\/mi-primera-vez-asi-descubri-a-cicatriz\/#primaryimage\"},\"datePublished\":\"2020-07-13T15:13:12+00:00\",\"dateModified\":\"2020-07-13T15:13:13+00:00\",\"breadcrumb\":{\"@id\":\"https:\/\/eldromedariorecords.com\/web\/mi-primera-vez-asi-descubri-a-cicatriz\/#breadcrumb\"},\"inLanguage\":\"es\",\"potentialAction\":[{\"@type\":\"ReadAction\",\"target\":[\"https:\/\/eldromedariorecords.com\/web\/mi-primera-vez-asi-descubri-a-cicatriz\/\"]}]},{\"@type\":\"BreadcrumbList\",\"@id\":\"https:\/\/eldromedariorecords.com\/web\/mi-primera-vez-asi-descubri-a-cicatriz\/#breadcrumb\",\"itemListElement\":[{\"@type\":\"ListItem\",\"position\":1,\"name\":\"Portada\",\"item\":\"https:\/\/eldromedariorecords.com\/web\/inicio\/\"},{\"@type\":\"ListItem\",\"position\":2,\"name\":\"Mi primera vez: as\\u00ed descubr\\u00ed a Cicatriz\"}]},{\"@type\":\"Article\",\"@id\":\"https:\/\/eldromedariorecords.com\/web\/mi-primera-vez-asi-descubri-a-cicatriz\/#article\",\"isPartOf\":{\"@id\":\"https:\/\/eldromedariorecords.com\/web\/mi-primera-vez-asi-descubri-a-cicatriz\/#webpage\"},\"author\":{\"@id\":\"https:\/\/eldromedariorecords.com\/web\/#\/schema\/person\/71690da9dcd1ce3d7409664303024b87\"},\"headline\":\"Mi primera vez: as\\u00ed descubr\\u00ed a Cicatriz\",\"datePublished\":\"2020-07-13T15:13:12+00:00\",\"dateModified\":\"2020-07-13T15:13:13+00:00\",\"mainEntityOfPage\":{\"@id\":\"https:\/\/eldromedariorecords.com\/web\/mi-primera-vez-asi-descubri-a-cicatriz\/#webpage\"},\"wordCount\":1482,\"publisher\":{\"@id\":\"https:\/\/eldromedariorecords.com\/web\/#organization\"},\"image\":{\"@id\":\"https:\/\/eldromedariorecords.com\/web\/mi-primera-vez-asi-descubri-a-cicatriz\/#primaryimage\"},\"thumbnailUrl\":\"https:\/\/eldromedariorecords.com\/web\/wp-content\/uploads\/2020\/07\/Cicatriz.jpg\",\"keywords\":[\"Cassette\",\"Cinta\",\"conciertos\",\"El Drogas\",\"La polla records\",\"Mi primera vez\",\"M\\u00fasica de los 80\",\"M\\u00fasica de los 90\",\"RIP\",\"Rock\",\"Tape\"],\"articleSection\":[\"Mi primera vez\"],\"inLanguage\":\"es\"},{\"@type\":\"Person\",\"@id\":\"https:\/\/eldromedariorecords.com\/web\/#\/schema\/person\/71690da9dcd1ce3d7409664303024b87\",\"name\":\"Iosu\",\"image\":{\"@type\":\"ImageObject\",\"@id\":\"https:\/\/eldromedariorecords.com\/web\/#personlogo\",\"inLanguage\":\"es\",\"url\":\"https:\/\/secure.gravatar.com\/avatar\/4225fb5a2e5d3e2effd3ee240c8f8d9d?s=96&d=mm&r=g\",\"contentUrl\":\"https:\/\/secure.gravatar.com\/avatar\/4225fb5a2e5d3e2effd3ee240c8f8d9d?s=96&d=mm&r=g\",\"caption\":\"Iosu\"}}]}<\/script>\n<!-- \/ Yoast SEO plugin. -->","_links":{"self":[{"href":"https:\/\/eldromedariorecords.com\/web\/wp-json\/wp\/v2\/posts\/7597"}],"collection":[{"href":"https:\/\/eldromedariorecords.com\/web\/wp-json\/wp\/v2\/posts"}],"about":[{"href":"https:\/\/eldromedariorecords.com\/web\/wp-json\/wp\/v2\/types\/post"}],"author":[{"embeddable":true,"href":"https:\/\/eldromedariorecords.com\/web\/wp-json\/wp\/v2\/users\/3"}],"replies":[{"embeddable":true,"href":"https:\/\/eldromedariorecords.com\/web\/wp-json\/wp\/v2\/comments?post=7597"}],"version-history":[{"count":0,"href":"https:\/\/eldromedariorecords.com\/web\/wp-json\/wp\/v2\/posts\/7597\/revisions"}],"wp:featuredmedia":[{"embeddable":true,"href":"https:\/\/eldromedariorecords.com\/web\/wp-json\/wp\/v2\/media\/7603"}],"wp:attachment":[{"href":"https:\/\/eldromedariorecords.com\/web\/wp-json\/wp\/v2\/media?parent=7597"}],"wp:term":[{"taxonomy":"category","embeddable":true,"href":"https:\/\/eldromedariorecords.com\/web\/wp-json\/wp\/v2\/categories?post=7597"},{"taxonomy":"post_tag","embeddable":true,"href":"https:\/\/eldromedariorecords.com\/web\/wp-json\/wp\/v2\/tags?post=7597"}],"curies":[{"name":"wp","href":"https:\/\/api.w.org\/{rel}","templated":true}]}}