{"id":7026,"date":"2020-02-11T09:29:32","date_gmt":"2020-02-11T09:29:32","guid":{"rendered":"https:\/\/eldromedariorecords.com\/web\/?p=7026"},"modified":"2020-02-11T09:29:34","modified_gmt":"2020-02-11T09:29:34","slug":"mis-tacones-single-videoclip-del-nuevo-disco-de-cobardes-preventa-ya-activada","status":"publish","type":"post","link":"https:\/\/eldromedariorecords.com\/web\/mis-tacones-single-videoclip-del-nuevo-disco-de-cobardes-preventa-ya-activada\/","title":{"rendered":"Mis tacones, single &#038; videoclip del nuevo disco de Cobardes: preventa ya activada"},"content":{"rendered":"\n<div class=\"wp-block-image\"><figure class=\"aligncenter\"><img loading=\"lazy\" width=\"1000\" height=\"899\" src=\"https:\/\/eldromedariorecords.com\/web\/wp-content\/uploads\/2020\/02\/portada-cobardes-ceniza-y-viento.jpg\" alt=\"\" class=\"wp-image-7024\" srcset=\"https:\/\/eldromedariorecords.com\/web\/wp-content\/uploads\/2020\/02\/portada-cobardes-ceniza-y-viento.jpg 1000w, https:\/\/eldromedariorecords.com\/web\/wp-content\/uploads\/2020\/02\/portada-cobardes-ceniza-y-viento-300x270.jpg 300w, https:\/\/eldromedariorecords.com\/web\/wp-content\/uploads\/2020\/02\/portada-cobardes-ceniza-y-viento-768x690.jpg 768w, https:\/\/eldromedariorecords.com\/web\/wp-content\/uploads\/2020\/02\/portada-cobardes-ceniza-y-viento-705x634.jpg 705w, https:\/\/eldromedariorecords.com\/web\/wp-content\/uploads\/2020\/02\/portada-cobardes-ceniza-y-viento-450x405.jpg 450w\" sizes=\"(max-width: 1000px) 100vw, 1000px\" \/><\/figure><\/div>\n\n\n\n<p>Tras presentarnos la semana pasada a\u00a0<strong>Cobardes<\/strong>, \u00faltima banda en incorporarse a\u00a0<strong>El Dromedario Records<\/strong>, hoy compartimos con vosotros\u00a0<em>Mis tacones<\/em>, single y videoclip del \u00e1lbum que publicar\u00e1n el 28 de febrero,. Ya pod\u00e9is ver el videoclip, realizado por GatoBala Films, aqu\u00ed:<\/p>\n\n\n\n<figure class=\"wp-block-embed-youtube wp-block-embed is-type-video is-provider-youtube wp-embed-aspect-16-9 wp-has-aspect-ratio\"><div class=\"wp-block-embed__wrapper\">\n<div class='avia-iframe-wrap'><iframe loading=\"lazy\" width=\"1500\" height=\"844\" src=\"https:\/\/www.youtube.com\/embed\/Nbg_wdIgeCo?feature=oembed\" frameborder=\"0\" allow=\"accelerometer; autoplay; encrypted-media; gyroscope; picture-in-picture\" allowfullscreen><\/iframe><\/div>\n<\/div><\/figure>\n\n\n\n<p>El tema ya est\u00e1 disponible en&nbsp;<strong><a href=\"https:\/\/open.spotify.com\/album\/3IWi4WyE6wsioPgMsyWpV5\">Spotify<\/a><\/strong>,&nbsp;<strong><a href=\"https:\/\/music.apple.com\/es\/album\/mis-tacones-feat-kolibr%C3%AD-d%C3%ADaz-single\/1498188003\">Apple Music<\/a><\/strong>&nbsp;y en las principales plataformas digitales.<\/p>\n\n\n\n<p><em>Ceniza y viento<\/em>, que as\u00ed se titula el disco, cuenta con las colaboraciones de&nbsp;<strong>Kolibr\u00ed D\u00edaz (Marea)<\/strong>&nbsp;a la guitarra ac\u00fastica en&nbsp;<em>Mis tacones<\/em>;&nbsp;<strong>I\u00f1aki \u2018Uoho\u2019 Ant\u00f3n (Platero y T\u00fa, Extremoduro, Inconscientes)<\/strong>, guitarras en&nbsp;<em>Rodeada de idiotas<\/em>, y&nbsp;<strong>Rulo<\/strong>, a la voz, en&nbsp;<em>Un verano sin sol<\/em>.<\/p>\n\n\n\n<p>Ya se puede reservar con camiseta de regalo&nbsp;<a href=\"https:\/\/eldromedariorecords.com\/web\/tienda\/home\/540-cd-cobardes-ceniza-y-viento.html\">en la store de El Dromedario Records<\/a>&nbsp;al precio de&nbsp;<strong>14\u20ac<\/strong>. Env\u00edos a domicilio: promoci\u00f3n v\u00e1lida hasta el 27 de febrero.<\/p>\n\n\n\n<p>Aprovechamos estas l\u00edneas para recordaros que&nbsp;<strong>Cobardes<\/strong>&nbsp;estar\u00e1n abriendo un buen n\u00famero de conciertos de&nbsp;<a href=\"https:\/\/shops.ticketmasterpartners.com\/dromedario-records\"><strong>Bocanada<\/strong><\/a>&nbsp;este 2020.<\/p>\n\n\n\n<p>Formados en 2016 como proyecto personal de Javier Janices \u2018Cordob\u00e9s\u2019, voz y guitarra, la formaci\u00f3n se completa con I\u00f1igo Idoate a la bater\u00eda, I\u00f1igo \u00c1lvarez, a la guitarra, e Iban S\u00e1nchez al bajo. En 2018 comienzan a dar que hablar tras imponerse en dos cert\u00e1menes,&nbsp;<em>Avetoro Fest 2018<\/em>&nbsp;y&nbsp;<em>Encuentros de J\u00f3venes Artistas<\/em>, este \u00faltimo organizado por el Gobierno de Navarra.<\/p>\n\n\n\n<p><strong>Cobardes<\/strong>: Hay que ser muy valientes para llamarse as\u00ed.<\/p>\n","protected":false},"excerpt":{"rendered":"<p>Tras presentarnos la semana pasada a\u00a0Cobardes, \u00faltima banda en incorporarse a\u00a0El Dromedario Records, hoy compartimos con vosotros\u00a0Mis tacones, single y videoclip del \u00e1lbum que publicar\u00e1n el 28 de febrero,. Ya pod\u00e9is ver el videoclip, realizado por GatoBala Films, aqu\u00ed: El tema ya est\u00e1 disponible en&nbsp;Spotify,&nbsp;Apple Music&nbsp;y en las principales plataformas digitales. Ceniza y viento, que [&hellip;]<\/p>\n","protected":false},"author":3,"featured_media":7024,"comment_status":"closed","ping_status":"open","sticky":false,"template":"","format":"standard","meta":[],"categories":[1095],"tags":[1102,838,975,40,1101,79,517,185,76,1103,1104,120,350,30],"yoast_head":"<!-- This site is optimized with the Yoast SEO plugin v16.5 - https:\/\/yoast.com\/wordpress\/plugins\/seo\/ -->\n<title>Mis tacones, single &amp; videoclip del nuevo disco de Cobardes: preventa ya activada - El Dromedario Records<\/title>\n<meta name=\"robots\" content=\"index, follow, max-snippet:-1, max-image-preview:large, max-video-preview:-1\" \/>\n<link rel=\"canonical\" href=\"https:\/\/eldromedariorecords.com\/web\/mis-tacones-single-videoclip-del-nuevo-disco-de-cobardes-preventa-ya-activada\/\" \/>\n<meta property=\"og:locale\" content=\"es_ES\" \/>\n<meta property=\"og:type\" content=\"article\" \/>\n<meta property=\"og:title\" content=\"Mis tacones, single &amp; videoclip del nuevo disco de Cobardes: preventa ya activada - El Dromedario Records\" \/>\n<meta property=\"og:description\" content=\"Tras presentarnos la semana pasada a\u00a0Cobardes, \u00faltima banda en incorporarse a\u00a0El Dromedario Records, hoy compartimos con vosotros\u00a0Mis tacones, single y videoclip del \u00e1lbum que publicar\u00e1n el 28 de febrero,. Ya pod\u00e9is ver el videoclip, realizado por GatoBala Films, aqu\u00ed: El tema ya est\u00e1 disponible en&nbsp;Spotify,&nbsp;Apple Music&nbsp;y en las principales plataformas digitales. Ceniza y viento, que [&hellip;]\" \/>\n<meta property=\"og:url\" content=\"https:\/\/eldromedariorecords.com\/web\/mis-tacones-single-videoclip-del-nuevo-disco-de-cobardes-preventa-ya-activada\/\" \/>\n<meta property=\"og:site_name\" content=\"El Dromedario Records\" \/>\n<meta property=\"article:published_time\" content=\"2020-02-11T09:29:32+00:00\" \/>\n<meta property=\"article:modified_time\" content=\"2020-02-11T09:29:34+00:00\" \/>\n<meta property=\"og:image\" content=\"https:\/\/eldromedariorecords.melboss.com\/web\/wp-content\/uploads\/2020\/02\/portada-cobardes-ceniza-y-viento.jpg\" \/>\n\t<meta property=\"og:image:width\" content=\"1000\" \/>\n\t<meta property=\"og:image:height\" content=\"899\" \/>\n<meta name=\"twitter:card\" content=\"summary\" \/>\n<meta name=\"twitter:label1\" content=\"Tiempo de lectura\" \/>\n\t<meta name=\"twitter:data1\" content=\"1 minuto\" \/>\n<script type=\"application\/ld+json\" class=\"yoast-schema-graph\">{\"@context\":\"https:\/\/schema.org\",\"@graph\":[{\"@type\":\"Organization\",\"@id\":\"https:\/\/eldromedariorecords.com\/web\/#organization\",\"name\":\"El Dromedario Records\",\"url\":\"https:\/\/eldromedariorecords.com\/web\/\",\"sameAs\":[],\"logo\":{\"@type\":\"ImageObject\",\"@id\":\"https:\/\/eldromedariorecords.com\/web\/#logo\",\"inLanguage\":\"es\",\"url\":\"https:\/\/eldromedariorecords.melboss.com\/web\/wp-content\/uploads\/2021\/06\/logo-dromedario-negro.png\",\"contentUrl\":\"https:\/\/eldromedariorecords.melboss.com\/web\/wp-content\/uploads\/2021\/06\/logo-dromedario-negro.png\",\"width\":800,\"height\":624,\"caption\":\"El Dromedario Records\"},\"image\":{\"@id\":\"https:\/\/eldromedariorecords.com\/web\/#logo\"}},{\"@type\":\"WebSite\",\"@id\":\"https:\/\/eldromedariorecords.com\/web\/#website\",\"url\":\"https:\/\/eldromedariorecords.com\/web\/\",\"name\":\"El Dromedario Records\",\"description\":\"Discogr\\u00e1fica El Dromedario Records\",\"publisher\":{\"@id\":\"https:\/\/eldromedariorecords.com\/web\/#organization\"},\"potentialAction\":[{\"@type\":\"SearchAction\",\"target\":\"https:\/\/eldromedariorecords.com\/web\/?s={search_term_string}\",\"query-input\":\"required name=search_term_string\"}],\"inLanguage\":\"es\"},{\"@type\":\"ImageObject\",\"@id\":\"https:\/\/eldromedariorecords.com\/web\/mis-tacones-single-videoclip-del-nuevo-disco-de-cobardes-preventa-ya-activada\/#primaryimage\",\"inLanguage\":\"es\",\"url\":\"https:\/\/eldromedariorecords.com\/web\/wp-content\/uploads\/2020\/02\/portada-cobardes-ceniza-y-viento.jpg\",\"contentUrl\":\"https:\/\/eldromedariorecords.com\/web\/wp-content\/uploads\/2020\/02\/portada-cobardes-ceniza-y-viento.jpg\",\"width\":1000,\"height\":899},{\"@type\":\"WebPage\",\"@id\":\"https:\/\/eldromedariorecords.com\/web\/mis-tacones-single-videoclip-del-nuevo-disco-de-cobardes-preventa-ya-activada\/#webpage\",\"url\":\"https:\/\/eldromedariorecords.com\/web\/mis-tacones-single-videoclip-del-nuevo-disco-de-cobardes-preventa-ya-activada\/\",\"name\":\"Mis tacones, single & videoclip del nuevo disco de Cobardes: preventa ya activada - El Dromedario Records\",\"isPartOf\":{\"@id\":\"https:\/\/eldromedariorecords.com\/web\/#website\"},\"primaryImageOfPage\":{\"@id\":\"https:\/\/eldromedariorecords.com\/web\/mis-tacones-single-videoclip-del-nuevo-disco-de-cobardes-preventa-ya-activada\/#primaryimage\"},\"datePublished\":\"2020-02-11T09:29:32+00:00\",\"dateModified\":\"2020-02-11T09:29:34+00:00\",\"breadcrumb\":{\"@id\":\"https:\/\/eldromedariorecords.com\/web\/mis-tacones-single-videoclip-del-nuevo-disco-de-cobardes-preventa-ya-activada\/#breadcrumb\"},\"inLanguage\":\"es\",\"potentialAction\":[{\"@type\":\"ReadAction\",\"target\":[\"https:\/\/eldromedariorecords.com\/web\/mis-tacones-single-videoclip-del-nuevo-disco-de-cobardes-preventa-ya-activada\/\"]}]},{\"@type\":\"BreadcrumbList\",\"@id\":\"https:\/\/eldromedariorecords.com\/web\/mis-tacones-single-videoclip-del-nuevo-disco-de-cobardes-preventa-ya-activada\/#breadcrumb\",\"itemListElement\":[{\"@type\":\"ListItem\",\"position\":1,\"name\":\"Portada\",\"item\":\"https:\/\/eldromedariorecords.com\/web\/inicio\/\"},{\"@type\":\"ListItem\",\"position\":2,\"name\":\"Mis tacones, single &#038; videoclip del nuevo disco de Cobardes: preventa ya activada\"}]},{\"@type\":\"Article\",\"@id\":\"https:\/\/eldromedariorecords.com\/web\/mis-tacones-single-videoclip-del-nuevo-disco-de-cobardes-preventa-ya-activada\/#article\",\"isPartOf\":{\"@id\":\"https:\/\/eldromedariorecords.com\/web\/mis-tacones-single-videoclip-del-nuevo-disco-de-cobardes-preventa-ya-activada\/#webpage\"},\"author\":{\"@id\":\"https:\/\/eldromedariorecords.com\/web\/#\/schema\/person\/71690da9dcd1ce3d7409664303024b87\"},\"headline\":\"Mis tacones, single &#038; videoclip del nuevo disco de Cobardes: preventa ya activada\",\"datePublished\":\"2020-02-11T09:29:32+00:00\",\"dateModified\":\"2020-02-11T09:29:34+00:00\",\"mainEntityOfPage\":{\"@id\":\"https:\/\/eldromedariorecords.com\/web\/mis-tacones-single-videoclip-del-nuevo-disco-de-cobardes-preventa-ya-activada\/#webpage\"},\"wordCount\":274,\"publisher\":{\"@id\":\"https:\/\/eldromedariorecords.com\/web\/#organization\"},\"image\":{\"@id\":\"https:\/\/eldromedariorecords.com\/web\/mis-tacones-single-videoclip-del-nuevo-disco-de-cobardes-preventa-ya-activada\/#primaryimage\"},\"thumbnailUrl\":\"https:\/\/eldromedariorecords.com\/web\/wp-content\/uploads\/2020\/02\/portada-cobardes-ceniza-y-viento.jpg\",\"keywords\":[\"Ceniza y viento\",\"Cobardes\",\"Kolibr\\u00ed\",\"Marea\",\"Mis tacones\",\"nuevo disco\",\"Nuevo v\\u00eddeo\",\"preventa\",\"Rock\",\"Rulo\",\"Rulo y la contrabanda\",\"single\",\"Uoho\",\"Videoclip\"],\"articleSection\":[\"Cobardes\"],\"inLanguage\":\"es\"},{\"@type\":\"Person\",\"@id\":\"https:\/\/eldromedariorecords.com\/web\/#\/schema\/person\/71690da9dcd1ce3d7409664303024b87\",\"name\":\"Iosu\",\"image\":{\"@type\":\"ImageObject\",\"@id\":\"https:\/\/eldromedariorecords.com\/web\/#personlogo\",\"inLanguage\":\"es\",\"url\":\"https:\/\/secure.gravatar.com\/avatar\/4225fb5a2e5d3e2effd3ee240c8f8d9d?s=96&d=mm&r=g\",\"contentUrl\":\"https:\/\/secure.gravatar.com\/avatar\/4225fb5a2e5d3e2effd3ee240c8f8d9d?s=96&d=mm&r=g\",\"caption\":\"Iosu\"}}]}<\/script>\n<!-- \/ Yoast SEO plugin. -->","_links":{"self":[{"href":"https:\/\/eldromedariorecords.com\/web\/wp-json\/wp\/v2\/posts\/7026"}],"collection":[{"href":"https:\/\/eldromedariorecords.com\/web\/wp-json\/wp\/v2\/posts"}],"about":[{"href":"https:\/\/eldromedariorecords.com\/web\/wp-json\/wp\/v2\/types\/post"}],"author":[{"embeddable":true,"href":"https:\/\/eldromedariorecords.com\/web\/wp-json\/wp\/v2\/users\/3"}],"replies":[{"embeddable":true,"href":"https:\/\/eldromedariorecords.com\/web\/wp-json\/wp\/v2\/comments?post=7026"}],"version-history":[{"count":0,"href":"https:\/\/eldromedariorecords.com\/web\/wp-json\/wp\/v2\/posts\/7026\/revisions"}],"wp:featuredmedia":[{"embeddable":true,"href":"https:\/\/eldromedariorecords.com\/web\/wp-json\/wp\/v2\/media\/7024"}],"wp:attachment":[{"href":"https:\/\/eldromedariorecords.com\/web\/wp-json\/wp\/v2\/media?parent=7026"}],"wp:term":[{"taxonomy":"category","embeddable":true,"href":"https:\/\/eldromedariorecords.com\/web\/wp-json\/wp\/v2\/categories?post=7026"},{"taxonomy":"post_tag","embeddable":true,"href":"https:\/\/eldromedariorecords.com\/web\/wp-json\/wp\/v2\/tags?post=7026"}],"curies":[{"name":"wp","href":"https:\/\/api.w.org\/{rel}","templated":true}]}}