{"id":6515,"date":"2019-08-26T07:10:41","date_gmt":"2019-08-26T07:10:41","guid":{"rendered":"https:\/\/eldromedariorecords.com\/web\/?p=6515"},"modified":"2019-08-26T07:12:55","modified_gmt":"2019-08-26T07:12:55","slug":"brutales-subidas-de-la-marea-en-ciudad-real-y-almeria","status":"publish","type":"post","link":"https:\/\/eldromedariorecords.com\/web\/brutales-subidas-de-la-marea-en-ciudad-real-y-almeria\/","title":{"rendered":"Brutales subidas de la Marea en Ciudad Real y Almer\u00eda"},"content":{"rendered":"\n<div class=\"wp-block-image\"><figure class=\"aligncenter\"><img loading=\"lazy\" width=\"1030\" height=\"686\" src=\"https:\/\/eldromedariorecords.com\/web\/wp-content\/uploads\/2019\/08\/jgp-Marea-4-1030x686.jpg\" alt=\"\" class=\"wp-image-6516\" srcset=\"https:\/\/eldromedariorecords.com\/web\/wp-content\/uploads\/2019\/08\/jgp-Marea-4-1030x686.jpg 1030w, https:\/\/eldromedariorecords.com\/web\/wp-content\/uploads\/2019\/08\/jgp-Marea-4-300x200.jpg 300w, https:\/\/eldromedariorecords.com\/web\/wp-content\/uploads\/2019\/08\/jgp-Marea-4-768x512.jpg 768w, https:\/\/eldromedariorecords.com\/web\/wp-content\/uploads\/2019\/08\/jgp-Marea-4-1500x999.jpg 1500w, https:\/\/eldromedariorecords.com\/web\/wp-content\/uploads\/2019\/08\/jgp-Marea-4-705x470.jpg 705w, https:\/\/eldromedariorecords.com\/web\/wp-content\/uploads\/2019\/08\/jgp-Marea-4-450x300.jpg 450w, https:\/\/eldromedariorecords.com\/web\/wp-content\/uploads\/2019\/08\/jgp-Marea-4.jpg 1600w\" sizes=\"(max-width: 1030px) 100vw, 1030px\" \/><\/figure><\/div>\n\n\n\n<p>A una con el devenir de agosto volvi\u00f3 a subir la\u00a0Marea una vez m\u00e1s, siendo\u00a0Ciudad Real y Almer\u00eda las ciudades\u00a0testigo de las nuevas e incuestionables pleamares; dejando la banda sin adjetivos a los miles de personas que se dieron cita en ambos conciertos: un p\u00fablico m\u00e1s que deseoso de dejarse salpicar por los de Berriozar. Un gent\u00edo\u00a0cuya avidez de sensaciones se vio plenamente recompensada por su impactante hacer.<\/p>\n\n\n\n<div class=\"wp-block-image\"><figure class=\"aligncenter\"><img loading=\"lazy\" width=\"1030\" height=\"686\" src=\"https:\/\/eldromedariorecords.com\/web\/wp-content\/uploads\/2019\/08\/vuelo-505-rocksesion-2-1030x686.jpg\" alt=\"\" class=\"wp-image-6520\" srcset=\"https:\/\/eldromedariorecords.com\/web\/wp-content\/uploads\/2019\/08\/vuelo-505-rocksesion-2-1030x686.jpg 1030w, https:\/\/eldromedariorecords.com\/web\/wp-content\/uploads\/2019\/08\/vuelo-505-rocksesion-2-300x200.jpg 300w, https:\/\/eldromedariorecords.com\/web\/wp-content\/uploads\/2019\/08\/vuelo-505-rocksesion-2-768x512.jpg 768w, https:\/\/eldromedariorecords.com\/web\/wp-content\/uploads\/2019\/08\/vuelo-505-rocksesion-2-705x470.jpg 705w, https:\/\/eldromedariorecords.com\/web\/wp-content\/uploads\/2019\/08\/vuelo-505-rocksesion-2-450x300.jpg 450w, https:\/\/eldromedariorecords.com\/web\/wp-content\/uploads\/2019\/08\/vuelo-505-rocksesion-2.jpg 1208w\" sizes=\"(max-width: 1030px) 100vw, 1030px\" \/><\/figure><\/div>\n\n\n\n<p>Ambas noches arrancaron con las igualmente incuestionables actuaciones de <strong>Vuelo 505<\/strong> y\u00a0 <strong>Bocanada<\/strong>, los mejores entrantes posibles de cara a la llegada del plato llamado a saciar a todos.\u00a0 Ya sobre el escenario, Kutxi \u00a0y sus bandoleros sentaron c\u00e1tedra con sus canciones como solo ellos saben, alternado en feliz comuni\u00f3n himnos de todas sus \u00e9pocas durante sus dos horas largas de concierto: \u00bfhimnos? S\u00ed, porque eso son ya por derecho propio cuantos temas sonaron en las dos ciudades, est\u00e9n en el disco en que est\u00e9n: desde\u00a0<em>En las enc\u00edas<\/em>\u00a0hasta\u00a0<em>Marea<\/em>, alfa y omega de sus noches en este 2019. Y as\u00ed lo entendieron, los cantaron y los disfrutaron los presentes, haciendo gala de una conexi\u00f3n brutal con el grupo, dej\u00e1ndose gargantas y alma\u00a0en la labor.<\/p>\n\n\n\n<div class=\"wp-block-image\"><figure class=\"aligncenter\"><img loading=\"lazy\" width=\"1030\" height=\"686\" src=\"https:\/\/eldromedariorecords.com\/web\/wp-content\/uploads\/2019\/08\/bocanada-rocksesion-4-1030x686.jpg\" alt=\"\" class=\"wp-image-6519\" srcset=\"https:\/\/eldromedariorecords.com\/web\/wp-content\/uploads\/2019\/08\/bocanada-rocksesion-4-1030x686.jpg 1030w, https:\/\/eldromedariorecords.com\/web\/wp-content\/uploads\/2019\/08\/bocanada-rocksesion-4-300x200.jpg 300w, https:\/\/eldromedariorecords.com\/web\/wp-content\/uploads\/2019\/08\/bocanada-rocksesion-4-768x512.jpg 768w, https:\/\/eldromedariorecords.com\/web\/wp-content\/uploads\/2019\/08\/bocanada-rocksesion-4-705x470.jpg 705w, https:\/\/eldromedariorecords.com\/web\/wp-content\/uploads\/2019\/08\/bocanada-rocksesion-4-450x300.jpg 450w, https:\/\/eldromedariorecords.com\/web\/wp-content\/uploads\/2019\/08\/bocanada-rocksesion-4.jpg 1208w\" sizes=\"(max-width: 1030px) 100vw, 1030px\" \/><\/figure><\/div>\n\n\n\n<p>Llegados a este punto, \u00bfmomentos \u00e1lgidos de los conciertos en unas noches ricas en ellos? Las comparecencias de Rub\u00e9n, de <strong>Vuelo 505<\/strong> y de Mart\u00edn Romero y Juanito Lorente de <strong>Bocanada<\/strong>, para cantar con Kutxi en\u00a0<em>La luna me sabe a poco<\/em>\u00a0y\u00a0<em>Como los trileros<\/em>\u00a0\u2013los dos primeros, con Mart\u00edn tambi\u00e9n a cuchillo en<em>Preparados para el rock and roll<\/em>, la versi\u00f3n del gran tema de L<strong>os Suaves <\/strong>que est\u00e1 brindando <strong>Marea<\/strong> en este tour-, y para aportar Juanito una tercera guitarra en<em>Que se joda el viento<\/em>, ante el alborozo general.\u00a0<\/p>\n\n\n\n<div class=\"wp-block-image\"><figure class=\"aligncenter\"><img loading=\"lazy\" width=\"1030\" height=\"687\" src=\"https:\/\/eldromedariorecords.com\/web\/wp-content\/uploads\/2019\/08\/b-1030x687.jpg\" alt=\"\" class=\"wp-image-6517\" srcset=\"https:\/\/eldromedariorecords.com\/web\/wp-content\/uploads\/2019\/08\/b-1030x687.jpg 1030w, https:\/\/eldromedariorecords.com\/web\/wp-content\/uploads\/2019\/08\/b-300x200.jpg 300w, https:\/\/eldromedariorecords.com\/web\/wp-content\/uploads\/2019\/08\/b-768x512.jpg 768w, https:\/\/eldromedariorecords.com\/web\/wp-content\/uploads\/2019\/08\/b-1500x1000.jpg 1500w, https:\/\/eldromedariorecords.com\/web\/wp-content\/uploads\/2019\/08\/b-705x470.jpg 705w, https:\/\/eldromedariorecords.com\/web\/wp-content\/uploads\/2019\/08\/b-450x300.jpg 450w, https:\/\/eldromedariorecords.com\/web\/wp-content\/uploads\/2019\/08\/b.jpg 1575w\" sizes=\"(max-width: 1030px) 100vw, 1030px\" \/><\/figure><\/div>\n\n\n\n<p>La pr\u00f3xima semana la gira de\u00a0<strong>Marea<\/strong>\u00a0despedir\u00e1 este inolvidable mes pasando por Huelva (viernes 30) y M\u00e1laga (s\u00e1bado 31): \u00a1os esperamos!<\/p>\n\n\n\n<p>Fotos: <a href=\"https:\/\/rocksesion.com\/2019\/08\/23\/marea-bocanada-y-vuelo-505-almeria-22-de-agosto\/\">Rocksesi\u00f3n<\/a> y <a href=\"https:\/\/www.miciudadreal.es\/2019\/08\/22\/ciudad-real-se-deja-arrastrar-por-la-marea\/?fbclid=IwAR2Svg8KhY6UjeiYEwov6sfVO_HBAgiXGBEF2MhfZ3Ju9hqqk0bpXIS4i5g\">miciudadreeal.es<\/a><\/p>\n\n\n\n<figure class=\"wp-block-image\"><img alt=\"\"\/><\/figure>\n","protected":false},"excerpt":{"rendered":"<p>A una con el devenir de agosto volvi\u00f3 a subir la\u00a0Marea una vez m\u00e1s, siendo\u00a0Ciudad Real y Almer\u00eda las ciudades\u00a0testigo de las nuevas e incuestionables pleamares; dejando la banda sin adjetivos a los miles de personas que se dieron cita en ambos conciertos: un p\u00fablico m\u00e1s que deseoso de dejarse salpicar por los de Berriozar. [&hellip;]<\/p>\n","protected":false},"author":3,"featured_media":6516,"comment_status":"closed","ping_status":"open","sticky":false,"template":"","format":"standard","meta":[],"categories":[663,977,669],"tags":[],"yoast_head":"<!-- This site is optimized with the Yoast SEO plugin v16.5 - https:\/\/yoast.com\/wordpress\/plugins\/seo\/ -->\n<title>Brutales subidas de la Marea en Ciudad Real y Almer\u00eda -<\/title>\n<meta name=\"description\" content=\"Con el devenir de agosto volvi\u00f3 a subir la Marea una vez m\u00e1s, siendo Ciudad Real y Almer\u00eda las ciudades testigo de las nuevas e incuestionables pleamares.\" \/>\n<meta name=\"robots\" content=\"index, follow, max-snippet:-1, max-image-preview:large, max-video-preview:-1\" \/>\n<link rel=\"canonical\" href=\"https:\/\/eldromedariorecords.com\/web\/brutales-subidas-de-la-marea-en-ciudad-real-y-almeria\/\" \/>\n<meta property=\"og:locale\" content=\"es_ES\" \/>\n<meta property=\"og:type\" content=\"article\" \/>\n<meta property=\"og:title\" content=\"Brutales subidas de la Marea en Ciudad Real y Almer\u00eda -\" \/>\n<meta property=\"og:description\" content=\"Con el devenir de agosto volvi\u00f3 a subir la Marea una vez m\u00e1s, siendo Ciudad Real y Almer\u00eda las ciudades testigo de las nuevas e incuestionables pleamares.\" \/>\n<meta property=\"og:url\" content=\"https:\/\/eldromedariorecords.com\/web\/brutales-subidas-de-la-marea-en-ciudad-real-y-almeria\/\" \/>\n<meta property=\"og:site_name\" content=\"El Dromedario Records\" \/>\n<meta property=\"article:published_time\" content=\"2019-08-26T07:10:41+00:00\" \/>\n<meta property=\"article:modified_time\" content=\"2019-08-26T07:12:55+00:00\" \/>\n<meta property=\"og:image\" content=\"https:\/\/eldromedariorecords.melboss.com\/web\/wp-content\/uploads\/2019\/08\/jgp-Marea-4.jpg\" \/>\n\t<meta property=\"og:image:width\" content=\"1600\" \/>\n\t<meta property=\"og:image:height\" content=\"1066\" \/>\n<meta name=\"twitter:card\" content=\"summary\" \/>\n<meta name=\"twitter:label1\" content=\"Tiempo de lectura\" \/>\n\t<meta name=\"twitter:data1\" content=\"2 minutos\" \/>\n<script type=\"application\/ld+json\" class=\"yoast-schema-graph\">{\"@context\":\"https:\/\/schema.org\",\"@graph\":[{\"@type\":\"Organization\",\"@id\":\"https:\/\/eldromedariorecords.com\/web\/#organization\",\"name\":\"El Dromedario Records\",\"url\":\"https:\/\/eldromedariorecords.com\/web\/\",\"sameAs\":[],\"logo\":{\"@type\":\"ImageObject\",\"@id\":\"https:\/\/eldromedariorecords.com\/web\/#logo\",\"inLanguage\":\"es\",\"url\":\"https:\/\/eldromedariorecords.melboss.com\/web\/wp-content\/uploads\/2021\/06\/logo-dromedario-negro.png\",\"contentUrl\":\"https:\/\/eldromedariorecords.melboss.com\/web\/wp-content\/uploads\/2021\/06\/logo-dromedario-negro.png\",\"width\":800,\"height\":624,\"caption\":\"El Dromedario Records\"},\"image\":{\"@id\":\"https:\/\/eldromedariorecords.com\/web\/#logo\"}},{\"@type\":\"WebSite\",\"@id\":\"https:\/\/eldromedariorecords.com\/web\/#website\",\"url\":\"https:\/\/eldromedariorecords.com\/web\/\",\"name\":\"El Dromedario Records\",\"description\":\"Discogr\\u00e1fica El Dromedario Records\",\"publisher\":{\"@id\":\"https:\/\/eldromedariorecords.com\/web\/#organization\"},\"potentialAction\":[{\"@type\":\"SearchAction\",\"target\":\"https:\/\/eldromedariorecords.com\/web\/?s={search_term_string}\",\"query-input\":\"required name=search_term_string\"}],\"inLanguage\":\"es\"},{\"@type\":\"ImageObject\",\"@id\":\"https:\/\/eldromedariorecords.com\/web\/brutales-subidas-de-la-marea-en-ciudad-real-y-almeria\/#primaryimage\",\"inLanguage\":\"es\",\"url\":\"https:\/\/eldromedariorecords.com\/web\/wp-content\/uploads\/2019\/08\/jgp-Marea-4.jpg\",\"contentUrl\":\"https:\/\/eldromedariorecords.com\/web\/wp-content\/uploads\/2019\/08\/jgp-Marea-4.jpg\",\"width\":1600,\"height\":1066},{\"@type\":\"WebPage\",\"@id\":\"https:\/\/eldromedariorecords.com\/web\/brutales-subidas-de-la-marea-en-ciudad-real-y-almeria\/#webpage\",\"url\":\"https:\/\/eldromedariorecords.com\/web\/brutales-subidas-de-la-marea-en-ciudad-real-y-almeria\/\",\"name\":\"Brutales subidas de la Marea en Ciudad Real y Almer\\u00eda -\",\"isPartOf\":{\"@id\":\"https:\/\/eldromedariorecords.com\/web\/#website\"},\"primaryImageOfPage\":{\"@id\":\"https:\/\/eldromedariorecords.com\/web\/brutales-subidas-de-la-marea-en-ciudad-real-y-almeria\/#primaryimage\"},\"datePublished\":\"2019-08-26T07:10:41+00:00\",\"dateModified\":\"2019-08-26T07:12:55+00:00\",\"description\":\"Con el devenir de agosto volvi\\u00f3 a subir la Marea una vez m\\u00e1s, siendo Ciudad Real y Almer\\u00eda las ciudades testigo de las nuevas e incuestionables pleamares.\",\"breadcrumb\":{\"@id\":\"https:\/\/eldromedariorecords.com\/web\/brutales-subidas-de-la-marea-en-ciudad-real-y-almeria\/#breadcrumb\"},\"inLanguage\":\"es\",\"potentialAction\":[{\"@type\":\"ReadAction\",\"target\":[\"https:\/\/eldromedariorecords.com\/web\/brutales-subidas-de-la-marea-en-ciudad-real-y-almeria\/\"]}]},{\"@type\":\"BreadcrumbList\",\"@id\":\"https:\/\/eldromedariorecords.com\/web\/brutales-subidas-de-la-marea-en-ciudad-real-y-almeria\/#breadcrumb\",\"itemListElement\":[{\"@type\":\"ListItem\",\"position\":1,\"name\":\"Portada\",\"item\":\"https:\/\/eldromedariorecords.com\/web\/inicio\/\"},{\"@type\":\"ListItem\",\"position\":2,\"name\":\"Brutales subidas de la Marea en Ciudad Real y Almer\\u00eda\"}]},{\"@type\":\"Article\",\"@id\":\"https:\/\/eldromedariorecords.com\/web\/brutales-subidas-de-la-marea-en-ciudad-real-y-almeria\/#article\",\"isPartOf\":{\"@id\":\"https:\/\/eldromedariorecords.com\/web\/brutales-subidas-de-la-marea-en-ciudad-real-y-almeria\/#webpage\"},\"author\":{\"@id\":\"https:\/\/eldromedariorecords.com\/web\/#\/schema\/person\/71690da9dcd1ce3d7409664303024b87\"},\"headline\":\"Brutales subidas de la Marea en Ciudad Real y Almer\\u00eda\",\"datePublished\":\"2019-08-26T07:10:41+00:00\",\"dateModified\":\"2019-08-26T07:12:55+00:00\",\"mainEntityOfPage\":{\"@id\":\"https:\/\/eldromedariorecords.com\/web\/brutales-subidas-de-la-marea-en-ciudad-real-y-almeria\/#webpage\"},\"wordCount\":344,\"publisher\":{\"@id\":\"https:\/\/eldromedariorecords.com\/web\/#organization\"},\"image\":{\"@id\":\"https:\/\/eldromedariorecords.com\/web\/brutales-subidas-de-la-marea-en-ciudad-real-y-almeria\/#primaryimage\"},\"thumbnailUrl\":\"https:\/\/eldromedariorecords.com\/web\/wp-content\/uploads\/2019\/08\/jgp-Marea-4.jpg\",\"articleSection\":[\"Bocanada\",\"Marea\",\"Vuelo 505\"],\"inLanguage\":\"es\"},{\"@type\":\"Person\",\"@id\":\"https:\/\/eldromedariorecords.com\/web\/#\/schema\/person\/71690da9dcd1ce3d7409664303024b87\",\"name\":\"Iosu\",\"image\":{\"@type\":\"ImageObject\",\"@id\":\"https:\/\/eldromedariorecords.com\/web\/#personlogo\",\"inLanguage\":\"es\",\"url\":\"https:\/\/secure.gravatar.com\/avatar\/4225fb5a2e5d3e2effd3ee240c8f8d9d?s=96&d=mm&r=g\",\"contentUrl\":\"https:\/\/secure.gravatar.com\/avatar\/4225fb5a2e5d3e2effd3ee240c8f8d9d?s=96&d=mm&r=g\",\"caption\":\"Iosu\"}}]}<\/script>\n<!-- \/ Yoast SEO plugin. -->","_links":{"self":[{"href":"https:\/\/eldromedariorecords.com\/web\/wp-json\/wp\/v2\/posts\/6515"}],"collection":[{"href":"https:\/\/eldromedariorecords.com\/web\/wp-json\/wp\/v2\/posts"}],"about":[{"href":"https:\/\/eldromedariorecords.com\/web\/wp-json\/wp\/v2\/types\/post"}],"author":[{"embeddable":true,"href":"https:\/\/eldromedariorecords.com\/web\/wp-json\/wp\/v2\/users\/3"}],"replies":[{"embeddable":true,"href":"https:\/\/eldromedariorecords.com\/web\/wp-json\/wp\/v2\/comments?post=6515"}],"version-history":[{"count":0,"href":"https:\/\/eldromedariorecords.com\/web\/wp-json\/wp\/v2\/posts\/6515\/revisions"}],"wp:featuredmedia":[{"embeddable":true,"href":"https:\/\/eldromedariorecords.com\/web\/wp-json\/wp\/v2\/media\/6516"}],"wp:attachment":[{"href":"https:\/\/eldromedariorecords.com\/web\/wp-json\/wp\/v2\/media?parent=6515"}],"wp:term":[{"taxonomy":"category","embeddable":true,"href":"https:\/\/eldromedariorecords.com\/web\/wp-json\/wp\/v2\/categories?post=6515"},{"taxonomy":"post_tag","embeddable":true,"href":"https:\/\/eldromedariorecords.com\/web\/wp-json\/wp\/v2\/tags?post=6515"}],"curies":[{"name":"wp","href":"https:\/\/api.w.org\/{rel}","templated":true}]}}