{"id":6488,"date":"2019-07-17T08:21:44","date_gmt":"2019-07-17T08:21:44","guid":{"rendered":"https:\/\/eldromedariorecords.com\/web\/?p=6488"},"modified":"2019-07-17T08:21:46","modified_gmt":"2019-07-17T08:21:46","slug":"la-sinfonia-del-paradysso-de-sober-recalara-el-20-de-julio-en-leganes","status":"publish","type":"post","link":"https:\/\/eldromedariorecords.com\/web\/la-sinfonia-del-paradysso-de-sober-recalara-el-20-de-julio-en-leganes\/","title":{"rendered":"La Sinfon\u00eda del Parad\u00ffsso, de S\u00f4ber, recalar\u00e1 el 20 de julio en Legan\u00e9s"},"content":{"rendered":"\n<div class=\"wp-block-image\"><figure class=\"aligncenter\"><img loading=\"lazy\" width=\"728\" height=\"1030\" src=\"https:\/\/eldromedariorecords.com\/web\/wp-content\/uploads\/2019\/07\/sober-leganes-728x1030.jpg\" alt=\"\" class=\"wp-image-6487\" srcset=\"https:\/\/eldromedariorecords.com\/web\/wp-content\/uploads\/2019\/07\/sober-leganes-728x1030.jpg 728w, https:\/\/eldromedariorecords.com\/web\/wp-content\/uploads\/2019\/07\/sober-leganes-212x300.jpg 212w, https:\/\/eldromedariorecords.com\/web\/wp-content\/uploads\/2019\/07\/sober-leganes-768x1086.jpg 768w, https:\/\/eldromedariorecords.com\/web\/wp-content\/uploads\/2019\/07\/sober-leganes-499x705.jpg 499w, https:\/\/eldromedariorecords.com\/web\/wp-content\/uploads\/2019\/07\/sober-leganes-450x636.jpg 450w, https:\/\/eldromedariorecords.com\/web\/wp-content\/uploads\/2019\/07\/sober-leganes.jpg 1000w\" sizes=\"(max-width: 728px) 100vw, 728px\" \/><figcaption><br><br><\/figcaption><\/figure><\/div>\n\n\n\n<p>El tour de presentaci\u00f3n de&nbsp;<em>La Sinfon\u00eda del Parad\u00ffsso<\/em>, que en su primera parte, correspondiente a la gira de salas, se sald\u00f3 con varios sold out, recalar\u00e1 este s\u00e1bado 20 de julio en el Teatro Egaleo de Legan\u00e9s. Para la presente cita&nbsp;<strong>S\u00f4ber<\/strong>, la hist\u00f3rica banda comandada por los hermanos Escobedo, contar\u00e1 con el respaldo de la&nbsp;<strong>Barcelona Rock Orchestra<\/strong>, bajo la direcci\u00f3n de Marc Ari\u00f1o. Todav\u00eda es posible hacerse con entradas en los siguientes enlaces:&nbsp;<a href=\"https:\/\/www.entradas.com\/entradas.html?affiliate=EES&amp;doc=artistPages%2Ftickets&amp;fun=artist&amp;action=tickets&amp;erid=2216256&amp;includeOnlybookable=false&amp;xtmc=Sober&amp;xtnp=1&amp;xtcr=1\">entrada b\u00e1sica<\/a>&nbsp;y&nbsp;<a href=\"https:\/\/eldromedariorecords.com\/web\/tienda\/home\/362-sober-entrada-vip-teatro-egaleo-leganes.html\">entrada VIP<\/a>.<\/p>\n","protected":false},"excerpt":{"rendered":"<p>El tour de presentaci\u00f3n de&nbsp;La Sinfon\u00eda del Parad\u00ffsso, que en su primera parte, correspondiente a la gira de salas, se sald\u00f3 con varios sold out, recalar\u00e1 este s\u00e1bado 20 de julio en el Teatro Egaleo de Legan\u00e9s. Para la presente cita&nbsp;S\u00f4ber, la hist\u00f3rica banda comandada por los hermanos Escobedo, contar\u00e1 con el respaldo de la&nbsp;Barcelona [&hellip;]<\/p>\n","protected":false},"author":3,"featured_media":6487,"comment_status":"closed","ping_status":"open","sticky":false,"template":"","format":"standard","meta":[],"categories":[659],"tags":[1011,186,1012,195,611],"yoast_head":"<!-- This site is optimized with the Yoast SEO plugin v16.5 - https:\/\/yoast.com\/wordpress\/plugins\/seo\/ -->\n<title>La Sinfon\u00eda del Parad\u00ffsso, de S\u00f4ber, recalar\u00e1 el 20 de julio en Legan\u00e9s - El Dromedario Records<\/title>\n<meta name=\"robots\" content=\"index, follow, max-snippet:-1, max-image-preview:large, max-video-preview:-1\" \/>\n<link rel=\"canonical\" href=\"https:\/\/eldromedariorecords.com\/web\/la-sinfonia-del-paradysso-de-sober-recalara-el-20-de-julio-en-leganes\/\" \/>\n<meta property=\"og:locale\" content=\"es_ES\" \/>\n<meta property=\"og:type\" content=\"article\" \/>\n<meta property=\"og:title\" content=\"La Sinfon\u00eda del Parad\u00ffsso, de S\u00f4ber, recalar\u00e1 el 20 de julio en Legan\u00e9s - El Dromedario Records\" \/>\n<meta property=\"og:description\" content=\"El tour de presentaci\u00f3n de&nbsp;La Sinfon\u00eda del Parad\u00ffsso, que en su primera parte, correspondiente a la gira de salas, se sald\u00f3 con varios sold out, recalar\u00e1 este s\u00e1bado 20 de julio en el Teatro Egaleo de Legan\u00e9s. Para la presente cita&nbsp;S\u00f4ber, la hist\u00f3rica banda comandada por los hermanos Escobedo, contar\u00e1 con el respaldo de la&nbsp;Barcelona [&hellip;]\" \/>\n<meta property=\"og:url\" content=\"https:\/\/eldromedariorecords.com\/web\/la-sinfonia-del-paradysso-de-sober-recalara-el-20-de-julio-en-leganes\/\" \/>\n<meta property=\"og:site_name\" content=\"El Dromedario Records\" \/>\n<meta property=\"article:published_time\" content=\"2019-07-17T08:21:44+00:00\" \/>\n<meta property=\"article:modified_time\" content=\"2019-07-17T08:21:46+00:00\" \/>\n<meta property=\"og:image\" content=\"https:\/\/eldromedariorecords.melboss.com\/web\/wp-content\/uploads\/2019\/07\/sober-leganes.jpg\" \/>\n\t<meta property=\"og:image:width\" content=\"1000\" \/>\n\t<meta property=\"og:image:height\" content=\"1414\" \/>\n<meta name=\"twitter:card\" content=\"summary\" \/>\n<script type=\"application\/ld+json\" class=\"yoast-schema-graph\">{\"@context\":\"https:\/\/schema.org\",\"@graph\":[{\"@type\":\"Organization\",\"@id\":\"https:\/\/eldromedariorecords.com\/web\/#organization\",\"name\":\"El Dromedario Records\",\"url\":\"https:\/\/eldromedariorecords.com\/web\/\",\"sameAs\":[],\"logo\":{\"@type\":\"ImageObject\",\"@id\":\"https:\/\/eldromedariorecords.com\/web\/#logo\",\"inLanguage\":\"es\",\"url\":\"https:\/\/eldromedariorecords.melboss.com\/web\/wp-content\/uploads\/2021\/06\/logo-dromedario-negro.png\",\"contentUrl\":\"https:\/\/eldromedariorecords.melboss.com\/web\/wp-content\/uploads\/2021\/06\/logo-dromedario-negro.png\",\"width\":800,\"height\":624,\"caption\":\"El Dromedario Records\"},\"image\":{\"@id\":\"https:\/\/eldromedariorecords.com\/web\/#logo\"}},{\"@type\":\"WebSite\",\"@id\":\"https:\/\/eldromedariorecords.com\/web\/#website\",\"url\":\"https:\/\/eldromedariorecords.com\/web\/\",\"name\":\"El Dromedario Records\",\"description\":\"Discogr\\u00e1fica El Dromedario Records\",\"publisher\":{\"@id\":\"https:\/\/eldromedariorecords.com\/web\/#organization\"},\"potentialAction\":[{\"@type\":\"SearchAction\",\"target\":\"https:\/\/eldromedariorecords.com\/web\/?s={search_term_string}\",\"query-input\":\"required name=search_term_string\"}],\"inLanguage\":\"es\"},{\"@type\":\"ImageObject\",\"@id\":\"https:\/\/eldromedariorecords.com\/web\/la-sinfonia-del-paradysso-de-sober-recalara-el-20-de-julio-en-leganes\/#primaryimage\",\"inLanguage\":\"es\",\"url\":\"https:\/\/eldromedariorecords.com\/web\/wp-content\/uploads\/2019\/07\/sober-leganes.jpg\",\"contentUrl\":\"https:\/\/eldromedariorecords.com\/web\/wp-content\/uploads\/2019\/07\/sober-leganes.jpg\",\"width\":1000,\"height\":1414},{\"@type\":\"WebPage\",\"@id\":\"https:\/\/eldromedariorecords.com\/web\/la-sinfonia-del-paradysso-de-sober-recalara-el-20-de-julio-en-leganes\/#webpage\",\"url\":\"https:\/\/eldromedariorecords.com\/web\/la-sinfonia-del-paradysso-de-sober-recalara-el-20-de-julio-en-leganes\/\",\"name\":\"La Sinfon\\u00eda del Parad\\u00ffsso, de S\\u00f4ber, recalar\\u00e1 el 20 de julio en Legan\\u00e9s - El Dromedario Records\",\"isPartOf\":{\"@id\":\"https:\/\/eldromedariorecords.com\/web\/#website\"},\"primaryImageOfPage\":{\"@id\":\"https:\/\/eldromedariorecords.com\/web\/la-sinfonia-del-paradysso-de-sober-recalara-el-20-de-julio-en-leganes\/#primaryimage\"},\"datePublished\":\"2019-07-17T08:21:44+00:00\",\"dateModified\":\"2019-07-17T08:21:46+00:00\",\"breadcrumb\":{\"@id\":\"https:\/\/eldromedariorecords.com\/web\/la-sinfonia-del-paradysso-de-sober-recalara-el-20-de-julio-en-leganes\/#breadcrumb\"},\"inLanguage\":\"es\",\"potentialAction\":[{\"@type\":\"ReadAction\",\"target\":[\"https:\/\/eldromedariorecords.com\/web\/la-sinfonia-del-paradysso-de-sober-recalara-el-20-de-julio-en-leganes\/\"]}]},{\"@type\":\"BreadcrumbList\",\"@id\":\"https:\/\/eldromedariorecords.com\/web\/la-sinfonia-del-paradysso-de-sober-recalara-el-20-de-julio-en-leganes\/#breadcrumb\",\"itemListElement\":[{\"@type\":\"ListItem\",\"position\":1,\"name\":\"Portada\",\"item\":\"https:\/\/eldromedariorecords.com\/web\/inicio\/\"},{\"@type\":\"ListItem\",\"position\":2,\"name\":\"La Sinfon\\u00eda del Parad\\u00ffsso, de S\\u00f4ber, recalar\\u00e1 el 20 de julio en Legan\\u00e9s\"}]},{\"@type\":\"Article\",\"@id\":\"https:\/\/eldromedariorecords.com\/web\/la-sinfonia-del-paradysso-de-sober-recalara-el-20-de-julio-en-leganes\/#article\",\"isPartOf\":{\"@id\":\"https:\/\/eldromedariorecords.com\/web\/la-sinfonia-del-paradysso-de-sober-recalara-el-20-de-julio-en-leganes\/#webpage\"},\"author\":{\"@id\":\"https:\/\/eldromedariorecords.com\/web\/#\/schema\/person\/71690da9dcd1ce3d7409664303024b87\"},\"headline\":\"La Sinfon\\u00eda del Parad\\u00ffsso, de S\\u00f4ber, recalar\\u00e1 el 20 de julio en Legan\\u00e9s\",\"datePublished\":\"2019-07-17T08:21:44+00:00\",\"dateModified\":\"2019-07-17T08:21:46+00:00\",\"mainEntityOfPage\":{\"@id\":\"https:\/\/eldromedariorecords.com\/web\/la-sinfonia-del-paradysso-de-sober-recalara-el-20-de-julio-en-leganes\/#webpage\"},\"wordCount\":113,\"publisher\":{\"@id\":\"https:\/\/eldromedariorecords.com\/web\/#organization\"},\"image\":{\"@id\":\"https:\/\/eldromedariorecords.com\/web\/la-sinfonia-del-paradysso-de-sober-recalara-el-20-de-julio-en-leganes\/#primaryimage\"},\"thumbnailUrl\":\"https:\/\/eldromedariorecords.com\/web\/wp-content\/uploads\/2019\/07\/sober-leganes.jpg\",\"keywords\":[\"Egaleo\",\"entradas\",\"Legan\\u00e9s\",\"Madrid\",\"S\\u00f6ber\"],\"articleSection\":[\"S\\u00f4ber\"],\"inLanguage\":\"es\"},{\"@type\":\"Person\",\"@id\":\"https:\/\/eldromedariorecords.com\/web\/#\/schema\/person\/71690da9dcd1ce3d7409664303024b87\",\"name\":\"Iosu\",\"image\":{\"@type\":\"ImageObject\",\"@id\":\"https:\/\/eldromedariorecords.com\/web\/#personlogo\",\"inLanguage\":\"es\",\"url\":\"https:\/\/secure.gravatar.com\/avatar\/4225fb5a2e5d3e2effd3ee240c8f8d9d?s=96&d=mm&r=g\",\"contentUrl\":\"https:\/\/secure.gravatar.com\/avatar\/4225fb5a2e5d3e2effd3ee240c8f8d9d?s=96&d=mm&r=g\",\"caption\":\"Iosu\"}}]}<\/script>\n<!-- \/ Yoast SEO plugin. -->","_links":{"self":[{"href":"https:\/\/eldromedariorecords.com\/web\/wp-json\/wp\/v2\/posts\/6488"}],"collection":[{"href":"https:\/\/eldromedariorecords.com\/web\/wp-json\/wp\/v2\/posts"}],"about":[{"href":"https:\/\/eldromedariorecords.com\/web\/wp-json\/wp\/v2\/types\/post"}],"author":[{"embeddable":true,"href":"https:\/\/eldromedariorecords.com\/web\/wp-json\/wp\/v2\/users\/3"}],"replies":[{"embeddable":true,"href":"https:\/\/eldromedariorecords.com\/web\/wp-json\/wp\/v2\/comments?post=6488"}],"version-history":[{"count":0,"href":"https:\/\/eldromedariorecords.com\/web\/wp-json\/wp\/v2\/posts\/6488\/revisions"}],"wp:featuredmedia":[{"embeddable":true,"href":"https:\/\/eldromedariorecords.com\/web\/wp-json\/wp\/v2\/media\/6487"}],"wp:attachment":[{"href":"https:\/\/eldromedariorecords.com\/web\/wp-json\/wp\/v2\/media?parent=6488"}],"wp:term":[{"taxonomy":"category","embeddable":true,"href":"https:\/\/eldromedariorecords.com\/web\/wp-json\/wp\/v2\/categories?post=6488"},{"taxonomy":"post_tag","embeddable":true,"href":"https:\/\/eldromedariorecords.com\/web\/wp-json\/wp\/v2\/tags?post=6488"}],"curies":[{"name":"wp","href":"https:\/\/api.w.org\/{rel}","templated":true}]}}