{"id":6251,"date":"2019-02-14T10:19:12","date_gmt":"2019-02-14T10:19:12","guid":{"rendered":"https:\/\/eldromedariorecords.com\/web\/?p=6251"},"modified":"2019-02-14T10:19:14","modified_gmt":"2019-02-14T10:19:14","slug":"el-nuevo-disco-de-latxatarra-excarabajos-ya-se-puede-reservar-en-preventa","status":"publish","type":"post","link":"https:\/\/eldromedariorecords.com\/web\/el-nuevo-disco-de-latxatarra-excarabajos-ya-se-puede-reservar-en-preventa\/","title":{"rendered":"El nuevo disco de Latxatarra, Excarabajos, ya se puede reservar en preventa"},"content":{"rendered":"\n<figure class=\"wp-block-image\"><img loading=\"lazy\" width=\"715\" height=\"717\" src=\"https:\/\/eldromedariorecords.com\/web\/wp-content\/uploads\/2019\/02\/latxatarra-cover.jpg\" alt=\"\" class=\"wp-image-6249\" srcset=\"https:\/\/eldromedariorecords.com\/web\/wp-content\/uploads\/2019\/02\/latxatarra-cover.jpg 715w, https:\/\/eldromedariorecords.com\/web\/wp-content\/uploads\/2019\/02\/latxatarra-cover-80x80.jpg 80w, https:\/\/eldromedariorecords.com\/web\/wp-content\/uploads\/2019\/02\/latxatarra-cover-300x300.jpg 300w, https:\/\/eldromedariorecords.com\/web\/wp-content\/uploads\/2019\/02\/latxatarra-cover-36x36.jpg 36w, https:\/\/eldromedariorecords.com\/web\/wp-content\/uploads\/2019\/02\/latxatarra-cover-180x180.jpg 180w, https:\/\/eldromedariorecords.com\/web\/wp-content\/uploads\/2019\/02\/latxatarra-cover-703x705.jpg 703w, https:\/\/eldromedariorecords.com\/web\/wp-content\/uploads\/2019\/02\/latxatarra-cover-120x120.jpg 120w, https:\/\/eldromedariorecords.com\/web\/wp-content\/uploads\/2019\/02\/latxatarra-cover-450x451.jpg 450w\" sizes=\"(max-width: 715px) 100vw, 715px\" \/><\/figure>\n\n\n\n<p><em>Excarabajos<\/em>, el nuevo CD de&nbsp;<strong>Latxatarra<\/strong>, saldr\u00e1 a la venta el pr\u00f3ximo 1 de marzo. Ya se puede reservar en Fnacs y tiendas Elkar.<\/p>\n\n\n\n<p><strong>Latxatarra<\/strong>\u00a0presentar\u00e1n el disco el\u00a0<strong>27 de abril en la sala Zentral Kafe Teatro de Pamplona<\/strong>, en una cita en la que tambi\u00e9n estar\u00e1n\u00a0<strong>Cuatro Madres<\/strong>. Ya es posible adquirir las entradas a 10,00 euros + gastos en los siguientes puntos: Mes\u00f3n de la Nabarreria, Infiernito Guitar Shop y\u00a0<a rel=\"noreferrer noopener\" href=\"https:\/\/www.zentralpamplona.com\/programacion\/\" target=\"_blank\">web de Zentral<\/a>. En taquilla costar\u00e1n 12,00 euros.<\/p>\n\n\n\n<figure class=\"wp-block-image\"><img loading=\"lazy\" width=\"729\" height=\"1030\" src=\"https:\/\/eldromedariorecords.com\/web\/wp-content\/uploads\/2019\/02\/zentral-latxatarra-729x1030.jpg\" alt=\"\" class=\"wp-image-6250\" srcset=\"https:\/\/eldromedariorecords.com\/web\/wp-content\/uploads\/2019\/02\/zentral-latxatarra-729x1030.jpg 729w, https:\/\/eldromedariorecords.com\/web\/wp-content\/uploads\/2019\/02\/zentral-latxatarra-212x300.jpg 212w, https:\/\/eldromedariorecords.com\/web\/wp-content\/uploads\/2019\/02\/zentral-latxatarra-768x1086.jpg 768w, https:\/\/eldromedariorecords.com\/web\/wp-content\/uploads\/2019\/02\/zentral-latxatarra-499x705.jpg 499w, https:\/\/eldromedariorecords.com\/web\/wp-content\/uploads\/2019\/02\/zentral-latxatarra-450x636.jpg 450w, https:\/\/eldromedariorecords.com\/web\/wp-content\/uploads\/2019\/02\/zentral-latxatarra.jpg 800w\" sizes=\"(max-width: 729px) 100vw, 729px\" \/><\/figure>\n\n\n\n<p>Adem\u00e1s ya se ha activado la preventa del CD en&nbsp;<a href=\"https:\/\/eldromedariorecords.com\/web\/tienda\/home\/344-cd-excarabajos-latxatarra.html\" target=\"_blank\" rel=\"noreferrer noopener\">nuestra web<\/a>, pudi\u00e9ndose adquirir por 12,00 euros. Tambi\u00e9n es posible reservar un&nbsp;<a href=\"https:\/\/eldromedariorecords.com\/web\/tienda\/home\/345-pack-cd-excarabajos-latxatarra-entrada-zentral.html\" target=\"_blank\" rel=\"noreferrer noopener\">pack de disco + entrada<\/a>&nbsp;para el concierto por 20,00 euros (en ambos casos a\u00f1adiendo los gastos de env\u00edo).<\/p>\n\n\n\n<p>Env\u00edos a domicilio: promoci\u00f3n v\u00e1lida hasta el 27 de febrero.<\/p>\n","protected":false},"excerpt":{"rendered":"<p>Excarabajos, el nuevo CD de&nbsp;Latxatarra, saldr\u00e1 a la venta el pr\u00f3ximo 1 de marzo. Ya se puede reservar en Fnacs y tiendas Elkar. Latxatarra\u00a0presentar\u00e1n el disco el\u00a027 de abril en la sala Zentral Kafe Teatro de Pamplona, en una cita en la que tambi\u00e9n estar\u00e1n\u00a0Cuatro Madres. Ya es posible adquirir las entradas a 10,00 euros [&hellip;]<\/p>\n","protected":false},"author":3,"featured_media":6249,"comment_status":"closed","ping_status":"open","sticky":false,"template":"","format":"standard","meta":[],"categories":[672,954],"tags":[44,957,955,200],"yoast_head":"<!-- This site is optimized with the Yoast SEO plugin v16.5 - https:\/\/yoast.com\/wordpress\/plugins\/seo\/ -->\n<title>El nuevo disco de Latxatarra, Excarabajos, ya se puede reservar en preventa - El Dromedario Records<\/title>\n<meta name=\"robots\" content=\"index, follow, max-snippet:-1, max-image-preview:large, max-video-preview:-1\" \/>\n<link rel=\"canonical\" href=\"https:\/\/eldromedariorecords.com\/web\/el-nuevo-disco-de-latxatarra-excarabajos-ya-se-puede-reservar-en-preventa\/\" \/>\n<meta property=\"og:locale\" content=\"es_ES\" \/>\n<meta property=\"og:type\" content=\"article\" \/>\n<meta property=\"og:title\" content=\"El nuevo disco de Latxatarra, Excarabajos, ya se puede reservar en preventa - El Dromedario Records\" \/>\n<meta property=\"og:description\" content=\"Excarabajos, el nuevo CD de&nbsp;Latxatarra, saldr\u00e1 a la venta el pr\u00f3ximo 1 de marzo. Ya se puede reservar en Fnacs y tiendas Elkar. Latxatarra\u00a0presentar\u00e1n el disco el\u00a027 de abril en la sala Zentral Kafe Teatro de Pamplona, en una cita en la que tambi\u00e9n estar\u00e1n\u00a0Cuatro Madres. Ya es posible adquirir las entradas a 10,00 euros [&hellip;]\" \/>\n<meta property=\"og:url\" content=\"https:\/\/eldromedariorecords.com\/web\/el-nuevo-disco-de-latxatarra-excarabajos-ya-se-puede-reservar-en-preventa\/\" \/>\n<meta property=\"og:site_name\" content=\"El Dromedario Records\" \/>\n<meta property=\"article:published_time\" content=\"2019-02-14T10:19:12+00:00\" \/>\n<meta property=\"article:modified_time\" content=\"2019-02-14T10:19:14+00:00\" \/>\n<meta property=\"og:image\" content=\"https:\/\/eldromedariorecords.melboss.com\/web\/wp-content\/uploads\/2019\/02\/latxatarra-cover.jpg\" \/>\n\t<meta property=\"og:image:width\" content=\"715\" \/>\n\t<meta property=\"og:image:height\" content=\"717\" \/>\n<meta name=\"twitter:card\" content=\"summary\" \/>\n<meta name=\"twitter:label1\" content=\"Tiempo de lectura\" \/>\n\t<meta name=\"twitter:data1\" content=\"1 minuto\" \/>\n<script type=\"application\/ld+json\" class=\"yoast-schema-graph\">{\"@context\":\"https:\/\/schema.org\",\"@graph\":[{\"@type\":\"Organization\",\"@id\":\"https:\/\/eldromedariorecords.com\/web\/#organization\",\"name\":\"El Dromedario Records\",\"url\":\"https:\/\/eldromedariorecords.com\/web\/\",\"sameAs\":[],\"logo\":{\"@type\":\"ImageObject\",\"@id\":\"https:\/\/eldromedariorecords.com\/web\/#logo\",\"inLanguage\":\"es\",\"url\":\"https:\/\/eldromedariorecords.melboss.com\/web\/wp-content\/uploads\/2021\/06\/logo-dromedario-negro.png\",\"contentUrl\":\"https:\/\/eldromedariorecords.melboss.com\/web\/wp-content\/uploads\/2021\/06\/logo-dromedario-negro.png\",\"width\":800,\"height\":624,\"caption\":\"El Dromedario Records\"},\"image\":{\"@id\":\"https:\/\/eldromedariorecords.com\/web\/#logo\"}},{\"@type\":\"WebSite\",\"@id\":\"https:\/\/eldromedariorecords.com\/web\/#website\",\"url\":\"https:\/\/eldromedariorecords.com\/web\/\",\"name\":\"El Dromedario Records\",\"description\":\"Discogr\\u00e1fica El Dromedario Records\",\"publisher\":{\"@id\":\"https:\/\/eldromedariorecords.com\/web\/#organization\"},\"potentialAction\":[{\"@type\":\"SearchAction\",\"target\":\"https:\/\/eldromedariorecords.com\/web\/?s={search_term_string}\",\"query-input\":\"required name=search_term_string\"}],\"inLanguage\":\"es\"},{\"@type\":\"ImageObject\",\"@id\":\"https:\/\/eldromedariorecords.com\/web\/el-nuevo-disco-de-latxatarra-excarabajos-ya-se-puede-reservar-en-preventa\/#primaryimage\",\"inLanguage\":\"es\",\"url\":\"https:\/\/eldromedariorecords.com\/web\/wp-content\/uploads\/2019\/02\/latxatarra-cover.jpg\",\"contentUrl\":\"https:\/\/eldromedariorecords.com\/web\/wp-content\/uploads\/2019\/02\/latxatarra-cover.jpg\",\"width\":715,\"height\":717},{\"@type\":\"WebPage\",\"@id\":\"https:\/\/eldromedariorecords.com\/web\/el-nuevo-disco-de-latxatarra-excarabajos-ya-se-puede-reservar-en-preventa\/#webpage\",\"url\":\"https:\/\/eldromedariorecords.com\/web\/el-nuevo-disco-de-latxatarra-excarabajos-ya-se-puede-reservar-en-preventa\/\",\"name\":\"El nuevo disco de Latxatarra, Excarabajos, ya se puede reservar en preventa - El Dromedario Records\",\"isPartOf\":{\"@id\":\"https:\/\/eldromedariorecords.com\/web\/#website\"},\"primaryImageOfPage\":{\"@id\":\"https:\/\/eldromedariorecords.com\/web\/el-nuevo-disco-de-latxatarra-excarabajos-ya-se-puede-reservar-en-preventa\/#primaryimage\"},\"datePublished\":\"2019-02-14T10:19:12+00:00\",\"dateModified\":\"2019-02-14T10:19:14+00:00\",\"breadcrumb\":{\"@id\":\"https:\/\/eldromedariorecords.com\/web\/el-nuevo-disco-de-latxatarra-excarabajos-ya-se-puede-reservar-en-preventa\/#breadcrumb\"},\"inLanguage\":\"es\",\"potentialAction\":[{\"@type\":\"ReadAction\",\"target\":[\"https:\/\/eldromedariorecords.com\/web\/el-nuevo-disco-de-latxatarra-excarabajos-ya-se-puede-reservar-en-preventa\/\"]}]},{\"@type\":\"BreadcrumbList\",\"@id\":\"https:\/\/eldromedariorecords.com\/web\/el-nuevo-disco-de-latxatarra-excarabajos-ya-se-puede-reservar-en-preventa\/#breadcrumb\",\"itemListElement\":[{\"@type\":\"ListItem\",\"position\":1,\"name\":\"Portada\",\"item\":\"https:\/\/eldromedariorecords.com\/web\/inicio\/\"},{\"@type\":\"ListItem\",\"position\":2,\"name\":\"El nuevo disco de Latxatarra, Excarabajos, ya se puede reservar en preventa\"}]},{\"@type\":\"Article\",\"@id\":\"https:\/\/eldromedariorecords.com\/web\/el-nuevo-disco-de-latxatarra-excarabajos-ya-se-puede-reservar-en-preventa\/#article\",\"isPartOf\":{\"@id\":\"https:\/\/eldromedariorecords.com\/web\/el-nuevo-disco-de-latxatarra-excarabajos-ya-se-puede-reservar-en-preventa\/#webpage\"},\"author\":{\"@id\":\"https:\/\/eldromedariorecords.com\/web\/#\/schema\/person\/71690da9dcd1ce3d7409664303024b87\"},\"headline\":\"El nuevo disco de Latxatarra, Excarabajos, ya se puede reservar en preventa\",\"datePublished\":\"2019-02-14T10:19:12+00:00\",\"dateModified\":\"2019-02-14T10:19:14+00:00\",\"mainEntityOfPage\":{\"@id\":\"https:\/\/eldromedariorecords.com\/web\/el-nuevo-disco-de-latxatarra-excarabajos-ya-se-puede-reservar-en-preventa\/#webpage\"},\"wordCount\":153,\"publisher\":{\"@id\":\"https:\/\/eldromedariorecords.com\/web\/#organization\"},\"image\":{\"@id\":\"https:\/\/eldromedariorecords.com\/web\/el-nuevo-disco-de-latxatarra-excarabajos-ya-se-puede-reservar-en-preventa\/#primaryimage\"},\"thumbnailUrl\":\"https:\/\/eldromedariorecords.com\/web\/wp-content\/uploads\/2019\/02\/latxatarra-cover.jpg\",\"keywords\":[\"Concierto\",\"Escarabajos\",\"Latxatarra\",\"Zentral\"],\"articleSection\":[\"Conciertos\",\"Latxatarra\"],\"inLanguage\":\"es\"},{\"@type\":\"Person\",\"@id\":\"https:\/\/eldromedariorecords.com\/web\/#\/schema\/person\/71690da9dcd1ce3d7409664303024b87\",\"name\":\"Iosu\",\"image\":{\"@type\":\"ImageObject\",\"@id\":\"https:\/\/eldromedariorecords.com\/web\/#personlogo\",\"inLanguage\":\"es\",\"url\":\"https:\/\/secure.gravatar.com\/avatar\/4225fb5a2e5d3e2effd3ee240c8f8d9d?s=96&d=mm&r=g\",\"contentUrl\":\"https:\/\/secure.gravatar.com\/avatar\/4225fb5a2e5d3e2effd3ee240c8f8d9d?s=96&d=mm&r=g\",\"caption\":\"Iosu\"}}]}<\/script>\n<!-- \/ Yoast SEO plugin. -->","_links":{"self":[{"href":"https:\/\/eldromedariorecords.com\/web\/wp-json\/wp\/v2\/posts\/6251"}],"collection":[{"href":"https:\/\/eldromedariorecords.com\/web\/wp-json\/wp\/v2\/posts"}],"about":[{"href":"https:\/\/eldromedariorecords.com\/web\/wp-json\/wp\/v2\/types\/post"}],"author":[{"embeddable":true,"href":"https:\/\/eldromedariorecords.com\/web\/wp-json\/wp\/v2\/users\/3"}],"replies":[{"embeddable":true,"href":"https:\/\/eldromedariorecords.com\/web\/wp-json\/wp\/v2\/comments?post=6251"}],"version-history":[{"count":0,"href":"https:\/\/eldromedariorecords.com\/web\/wp-json\/wp\/v2\/posts\/6251\/revisions"}],"wp:featuredmedia":[{"embeddable":true,"href":"https:\/\/eldromedariorecords.com\/web\/wp-json\/wp\/v2\/media\/6249"}],"wp:attachment":[{"href":"https:\/\/eldromedariorecords.com\/web\/wp-json\/wp\/v2\/media?parent=6251"}],"wp:term":[{"taxonomy":"category","embeddable":true,"href":"https:\/\/eldromedariorecords.com\/web\/wp-json\/wp\/v2\/categories?post=6251"},{"taxonomy":"post_tag","embeddable":true,"href":"https:\/\/eldromedariorecords.com\/web\/wp-json\/wp\/v2\/tags?post=6251"}],"curies":[{"name":"wp","href":"https:\/\/api.w.org\/{rel}","templated":true}]}}