{"id":6193,"date":"2019-01-23T09:31:28","date_gmt":"2019-01-23T09:31:28","guid":{"rendered":"https:\/\/eldromedariorecords.com\/web\/?p=6193"},"modified":"2019-01-23T09:34:23","modified_gmt":"2019-01-23T09:34:23","slug":"vuelo-505-nuevas-fechas-de-conciertos-y-nuevo-videoclip-para-las-arrugas-de-mi-voz","status":"publish","type":"post","link":"https:\/\/eldromedariorecords.com\/web\/vuelo-505-nuevas-fechas-de-conciertos-y-nuevo-videoclip-para-las-arrugas-de-mi-voz\/","title":{"rendered":"Vuelo 505, nuevas fechas de conciertos y nuevo videoclip para \u00abLas arrugas de mi voz\u00bb"},"content":{"rendered":"\n<figure class=\"wp-block-embed-youtube wp-block-embed is-type-video is-provider-youtube wp-embed-aspect-16-9 wp-has-aspect-ratio\"><div class=\"wp-block-embed__wrapper\">\n<div class='avia-iframe-wrap'><iframe loading=\"lazy\" width=\"1500\" height=\"844\" src=\"https:\/\/www.youtube.com\/embed\/1PgXZYRiM4w?feature=oembed\" frameborder=\"0\" allow=\"accelerometer; autoplay; encrypted-media; gyroscope; picture-in-picture\" allowfullscreen><\/iframe><\/div>\n<\/div><\/figure>\n\n\n\n<p>En colaboraci\u00f3n con Bodegas Campo Viejo, Vuelo 505 presentan videoclip para Las arrugas de mi voz, 2\u00ba single en ac\u00fastico extra\u00eddo de su disco No hay historias de fracaso. Pod\u00e9is disfrutarlo&nbsp;<a href=\"https:\/\/www.youtube.com\/watch?v=1PgXZYRiM4w\">en este enlace.<\/a><\/p>\n\n\n\n<p>El videoclip fue rodado por&nbsp;<strong>Ander Shinova y Luz Tato<\/strong>&nbsp;en el marco de caracter\u00edsticos paisajes de vi\u00f1edos de La Rioja.<\/p>\n\n\n\n<p>Por otra parte, aprovechamos para presentaros las nuevas fechas de conciertos de\u00a0<strong>Vuelo 505<\/strong>, estas son:<\/p>\n\n\n\n<figure class=\"wp-block-image\"><img loading=\"lazy\" width=\"728\" height=\"1030\" src=\"https:\/\/eldromedariorecords.com\/web\/wp-content\/uploads\/2019\/01\/cartel-digital-vuelo-505-2019-728x1030.jpg\" alt=\"\" class=\"wp-image-6192\" srcset=\"https:\/\/eldromedariorecords.com\/web\/wp-content\/uploads\/2019\/01\/cartel-digital-vuelo-505-2019-728x1030.jpg 728w, https:\/\/eldromedariorecords.com\/web\/wp-content\/uploads\/2019\/01\/cartel-digital-vuelo-505-2019-212x300.jpg 212w, https:\/\/eldromedariorecords.com\/web\/wp-content\/uploads\/2019\/01\/cartel-digital-vuelo-505-2019-768x1087.jpg 768w, https:\/\/eldromedariorecords.com\/web\/wp-content\/uploads\/2019\/01\/cartel-digital-vuelo-505-2019-498x705.jpg 498w, https:\/\/eldromedariorecords.com\/web\/wp-content\/uploads\/2019\/01\/cartel-digital-vuelo-505-2019-450x637.jpg 450w, https:\/\/eldromedariorecords.com\/web\/wp-content\/uploads\/2019\/01\/cartel-digital-vuelo-505-2019.jpg 1000w\" sizes=\"(max-width: 728px) 100vw, 728px\" \/><figcaption><br><br><br><\/figcaption><\/figure>\n\n\n\n<p>Desde que viera la luz en abril de 2018,&nbsp;<em>No hay historias de fracaso<\/em>&nbsp;no ha dejado de dar satisfacciones a la banda. Como muestra de lo dicho recordamos su entrada en la lista oficial de ventas o&nbsp;<a href=\"https:\/\/www.noticiasdenavarra.com\/2018\/12\/09\/ocio-y-cultura\/el-hasta-luego-de-jarabe-de-palo\" rel=\"nofollow\">el llenazo cosechado por Vuelo 505 abriendo para Jarabe de Palo en Pamplona.<\/a><\/p>\n","protected":false},"excerpt":{"rendered":"<p>En colaboraci\u00f3n con Bodegas Campo Viejo, Vuelo 505 presentan videoclip para Las arrugas de mi voz, 2\u00ba single en ac\u00fastico extra\u00eddo de su disco No hay historias de fracaso. Pod\u00e9is disfrutarlo&nbsp;en este enlace. El videoclip fue rodado por&nbsp;Ander Shinova y Luz Tato&nbsp;en el marco de caracter\u00edsticos paisajes de vi\u00f1edos de La Rioja. Por otra parte, [&hellip;]<\/p>\n","protected":false},"author":3,"featured_media":6191,"comment_status":"closed","ping_status":"open","sticky":false,"template":"","format":"standard","meta":[],"categories":[669],"tags":[949,950,709,67],"yoast_head":"<!-- This site is optimized with the Yoast SEO plugin v16.5 - https:\/\/yoast.com\/wordpress\/plugins\/seo\/ -->\n<title>Vuelo 505, nuevas fechas de conciertos y nuevo videoclip para &quot;Las arrugas de mi voz&quot; - El Dromedario Records<\/title>\n<meta name=\"robots\" content=\"index, follow, max-snippet:-1, max-image-preview:large, max-video-preview:-1\" \/>\n<link rel=\"canonical\" href=\"https:\/\/eldromedariorecords.com\/web\/vuelo-505-nuevas-fechas-de-conciertos-y-nuevo-videoclip-para-las-arrugas-de-mi-voz\/\" \/>\n<meta property=\"og:locale\" content=\"es_ES\" \/>\n<meta property=\"og:type\" content=\"article\" \/>\n<meta property=\"og:title\" content=\"Vuelo 505, nuevas fechas de conciertos y nuevo videoclip para &quot;Las arrugas de mi voz&quot; - El Dromedario Records\" \/>\n<meta property=\"og:description\" content=\"En colaboraci\u00f3n con Bodegas Campo Viejo, Vuelo 505 presentan videoclip para Las arrugas de mi voz, 2\u00ba single en ac\u00fastico extra\u00eddo de su disco No hay historias de fracaso. Pod\u00e9is disfrutarlo&nbsp;en este enlace. El videoclip fue rodado por&nbsp;Ander Shinova y Luz Tato&nbsp;en el marco de caracter\u00edsticos paisajes de vi\u00f1edos de La Rioja. Por otra parte, [&hellip;]\" \/>\n<meta property=\"og:url\" content=\"https:\/\/eldromedariorecords.com\/web\/vuelo-505-nuevas-fechas-de-conciertos-y-nuevo-videoclip-para-las-arrugas-de-mi-voz\/\" \/>\n<meta property=\"og:site_name\" content=\"El Dromedario Records\" \/>\n<meta property=\"article:published_time\" content=\"2019-01-23T09:31:28+00:00\" \/>\n<meta property=\"article:modified_time\" content=\"2019-01-23T09:34:23+00:00\" \/>\n<meta property=\"og:image\" content=\"https:\/\/eldromedariorecords.melboss.com\/web\/wp-content\/uploads\/2019\/01\/vuelo-505-video-bodegas-campo-viejo.jpg\" \/>\n\t<meta property=\"og:image:width\" content=\"1000\" \/>\n\t<meta property=\"og:image:height\" content=\"415\" \/>\n<meta name=\"twitter:card\" content=\"summary\" \/>\n<meta name=\"twitter:label1\" content=\"Tiempo de lectura\" \/>\n\t<meta name=\"twitter:data1\" content=\"1 minuto\" \/>\n<script type=\"application\/ld+json\" class=\"yoast-schema-graph\">{\"@context\":\"https:\/\/schema.org\",\"@graph\":[{\"@type\":\"Organization\",\"@id\":\"https:\/\/eldromedariorecords.com\/web\/#organization\",\"name\":\"El Dromedario Records\",\"url\":\"https:\/\/eldromedariorecords.com\/web\/\",\"sameAs\":[],\"logo\":{\"@type\":\"ImageObject\",\"@id\":\"https:\/\/eldromedariorecords.com\/web\/#logo\",\"inLanguage\":\"es\",\"url\":\"https:\/\/eldromedariorecords.melboss.com\/web\/wp-content\/uploads\/2021\/06\/logo-dromedario-negro.png\",\"contentUrl\":\"https:\/\/eldromedariorecords.melboss.com\/web\/wp-content\/uploads\/2021\/06\/logo-dromedario-negro.png\",\"width\":800,\"height\":624,\"caption\":\"El Dromedario Records\"},\"image\":{\"@id\":\"https:\/\/eldromedariorecords.com\/web\/#logo\"}},{\"@type\":\"WebSite\",\"@id\":\"https:\/\/eldromedariorecords.com\/web\/#website\",\"url\":\"https:\/\/eldromedariorecords.com\/web\/\",\"name\":\"El Dromedario Records\",\"description\":\"Discogr\\u00e1fica El Dromedario Records\",\"publisher\":{\"@id\":\"https:\/\/eldromedariorecords.com\/web\/#organization\"},\"potentialAction\":[{\"@type\":\"SearchAction\",\"target\":\"https:\/\/eldromedariorecords.com\/web\/?s={search_term_string}\",\"query-input\":\"required name=search_term_string\"}],\"inLanguage\":\"es\"},{\"@type\":\"ImageObject\",\"@id\":\"https:\/\/eldromedariorecords.com\/web\/vuelo-505-nuevas-fechas-de-conciertos-y-nuevo-videoclip-para-las-arrugas-de-mi-voz\/#primaryimage\",\"inLanguage\":\"es\",\"url\":\"https:\/\/eldromedariorecords.com\/web\/wp-content\/uploads\/2019\/01\/vuelo-505-video-bodegas-campo-viejo.jpg\",\"contentUrl\":\"https:\/\/eldromedariorecords.com\/web\/wp-content\/uploads\/2019\/01\/vuelo-505-video-bodegas-campo-viejo.jpg\",\"width\":1000,\"height\":415},{\"@type\":\"WebPage\",\"@id\":\"https:\/\/eldromedariorecords.com\/web\/vuelo-505-nuevas-fechas-de-conciertos-y-nuevo-videoclip-para-las-arrugas-de-mi-voz\/#webpage\",\"url\":\"https:\/\/eldromedariorecords.com\/web\/vuelo-505-nuevas-fechas-de-conciertos-y-nuevo-videoclip-para-las-arrugas-de-mi-voz\/\",\"name\":\"Vuelo 505, nuevas fechas de conciertos y nuevo videoclip para \\\"Las arrugas de mi voz\\\" - El Dromedario Records\",\"isPartOf\":{\"@id\":\"https:\/\/eldromedariorecords.com\/web\/#website\"},\"primaryImageOfPage\":{\"@id\":\"https:\/\/eldromedariorecords.com\/web\/vuelo-505-nuevas-fechas-de-conciertos-y-nuevo-videoclip-para-las-arrugas-de-mi-voz\/#primaryimage\"},\"datePublished\":\"2019-01-23T09:31:28+00:00\",\"dateModified\":\"2019-01-23T09:34:23+00:00\",\"breadcrumb\":{\"@id\":\"https:\/\/eldromedariorecords.com\/web\/vuelo-505-nuevas-fechas-de-conciertos-y-nuevo-videoclip-para-las-arrugas-de-mi-voz\/#breadcrumb\"},\"inLanguage\":\"es\",\"potentialAction\":[{\"@type\":\"ReadAction\",\"target\":[\"https:\/\/eldromedariorecords.com\/web\/vuelo-505-nuevas-fechas-de-conciertos-y-nuevo-videoclip-para-las-arrugas-de-mi-voz\/\"]}]},{\"@type\":\"BreadcrumbList\",\"@id\":\"https:\/\/eldromedariorecords.com\/web\/vuelo-505-nuevas-fechas-de-conciertos-y-nuevo-videoclip-para-las-arrugas-de-mi-voz\/#breadcrumb\",\"itemListElement\":[{\"@type\":\"ListItem\",\"position\":1,\"name\":\"Portada\",\"item\":\"https:\/\/eldromedariorecords.com\/web\/inicio\/\"},{\"@type\":\"ListItem\",\"position\":2,\"name\":\"Vuelo 505, nuevas fechas de conciertos y nuevo videoclip para \\u00abLas arrugas de mi voz\\u00bb\"}]},{\"@type\":\"Article\",\"@id\":\"https:\/\/eldromedariorecords.com\/web\/vuelo-505-nuevas-fechas-de-conciertos-y-nuevo-videoclip-para-las-arrugas-de-mi-voz\/#article\",\"isPartOf\":{\"@id\":\"https:\/\/eldromedariorecords.com\/web\/vuelo-505-nuevas-fechas-de-conciertos-y-nuevo-videoclip-para-las-arrugas-de-mi-voz\/#webpage\"},\"author\":{\"@id\":\"https:\/\/eldromedariorecords.com\/web\/#\/schema\/person\/71690da9dcd1ce3d7409664303024b87\"},\"headline\":\"Vuelo 505, nuevas fechas de conciertos y nuevo videoclip para \\u00abLas arrugas de mi voz\\u00bb\",\"datePublished\":\"2019-01-23T09:31:28+00:00\",\"dateModified\":\"2019-01-23T09:34:23+00:00\",\"mainEntityOfPage\":{\"@id\":\"https:\/\/eldromedariorecords.com\/web\/vuelo-505-nuevas-fechas-de-conciertos-y-nuevo-videoclip-para-las-arrugas-de-mi-voz\/#webpage\"},\"wordCount\":151,\"publisher\":{\"@id\":\"https:\/\/eldromedariorecords.com\/web\/#organization\"},\"image\":{\"@id\":\"https:\/\/eldromedariorecords.com\/web\/vuelo-505-nuevas-fechas-de-conciertos-y-nuevo-videoclip-para-las-arrugas-de-mi-voz\/#primaryimage\"},\"thumbnailUrl\":\"https:\/\/eldromedariorecords.com\/web\/wp-content\/uploads\/2019\/01\/vuelo-505-video-bodegas-campo-viejo.jpg\",\"keywords\":[\"Campo Viejo\",\"Las arrugas de mi voz\",\"Pau Don\\u00e9s\",\"Vuelo 505\"],\"articleSection\":[\"Vuelo 505\"],\"inLanguage\":\"es\"},{\"@type\":\"Person\",\"@id\":\"https:\/\/eldromedariorecords.com\/web\/#\/schema\/person\/71690da9dcd1ce3d7409664303024b87\",\"name\":\"Iosu\",\"image\":{\"@type\":\"ImageObject\",\"@id\":\"https:\/\/eldromedariorecords.com\/web\/#personlogo\",\"inLanguage\":\"es\",\"url\":\"https:\/\/secure.gravatar.com\/avatar\/4225fb5a2e5d3e2effd3ee240c8f8d9d?s=96&d=mm&r=g\",\"contentUrl\":\"https:\/\/secure.gravatar.com\/avatar\/4225fb5a2e5d3e2effd3ee240c8f8d9d?s=96&d=mm&r=g\",\"caption\":\"Iosu\"}}]}<\/script>\n<!-- \/ Yoast SEO plugin. -->","_links":{"self":[{"href":"https:\/\/eldromedariorecords.com\/web\/wp-json\/wp\/v2\/posts\/6193"}],"collection":[{"href":"https:\/\/eldromedariorecords.com\/web\/wp-json\/wp\/v2\/posts"}],"about":[{"href":"https:\/\/eldromedariorecords.com\/web\/wp-json\/wp\/v2\/types\/post"}],"author":[{"embeddable":true,"href":"https:\/\/eldromedariorecords.com\/web\/wp-json\/wp\/v2\/users\/3"}],"replies":[{"embeddable":true,"href":"https:\/\/eldromedariorecords.com\/web\/wp-json\/wp\/v2\/comments?post=6193"}],"version-history":[{"count":0,"href":"https:\/\/eldromedariorecords.com\/web\/wp-json\/wp\/v2\/posts\/6193\/revisions"}],"wp:featuredmedia":[{"embeddable":true,"href":"https:\/\/eldromedariorecords.com\/web\/wp-json\/wp\/v2\/media\/6191"}],"wp:attachment":[{"href":"https:\/\/eldromedariorecords.com\/web\/wp-json\/wp\/v2\/media?parent=6193"}],"wp:term":[{"taxonomy":"category","embeddable":true,"href":"https:\/\/eldromedariorecords.com\/web\/wp-json\/wp\/v2\/categories?post=6193"},{"taxonomy":"post_tag","embeddable":true,"href":"https:\/\/eldromedariorecords.com\/web\/wp-json\/wp\/v2\/tags?post=6193"}],"curies":[{"name":"wp","href":"https:\/\/api.w.org\/{rel}","templated":true}]}}