{"id":6096,"date":"2018-12-27T17:12:21","date_gmt":"2018-12-27T17:12:21","guid":{"rendered":"https:\/\/eldromedariorecords.com\/web\/?p=6096"},"modified":"2018-12-27T17:12:22","modified_gmt":"2018-12-27T17:12:22","slug":"belo-nos-regala-volvere-nuevo-video-de-la-ultima-y-nos-vamos","status":"publish","type":"post","link":"https:\/\/eldromedariorecords.com\/web\/belo-nos-regala-volvere-nuevo-video-de-la-ultima-y-nos-vamos\/","title":{"rendered":"Belo nos regala \u00abVolver\u00e9\u00bb, nuevo v\u00eddeo de \u00abLa \u00faltima y nos vamos\u00bb"},"content":{"rendered":"\n<p><strong>Belo<\/strong>\u00a0contin\u00faa regal\u00e1ndonos v\u00eddeos para celebrar la publicaci\u00f3n de\u00a0<em>La \u00faltima y nos vamos<\/em>, DVD + CD con el que ha puesto exquisito broche de oro a su etapa al frente de\u00a0<strong>Los Susodichos<\/strong>. He aqu\u00ed la canci\u00f3n compartida en esta ocasi\u00f3n,\u00a0<em>Volver\u00e9<\/em>. Esperamos que resulte de vuestro agrado.<\/p>\n\n\n\n<figure class=\"wp-block-embed-youtube wp-block-embed is-type-video is-provider-youtube wp-embed-aspect-16-9 wp-has-aspect-ratio\"><div class=\"wp-block-embed__wrapper\">\n<div class='avia-iframe-wrap'><iframe loading=\"lazy\" width=\"1500\" height=\"844\" src=\"https:\/\/www.youtube.com\/embed\/jtxxl6M3PqM?feature=oembed\" frameborder=\"0\" allow=\"accelerometer; autoplay; encrypted-media; gyroscope; picture-in-picture\" allowfullscreen><\/iframe><\/div>\n<\/div><\/figure>\n\n\n\n<p><em>La \u00faltima y nos vamos<\/em>&nbsp;vio la luz el 30 de noviembre; pod\u00e9is adquirirlo en formato f\u00edsico&nbsp;<a href=\"https:\/\/eldromedariorecords.com\/web\/tienda\/home\/339-belo-doble-cd-dvd-la-ultima-y-nos-vamos.html\">en la tienda de El Dromedario Records<\/a>, en El Corte Ingl\u00e9s, Fnacs y Tiendas Elkar, y en&nbsp;<a href=\"https:\/\/itunes.apple.com\/es\/album\/la-%C3%BAltima-y-nos-vamos-en-directo-2018\/1444424504\">iTunes<\/a>&nbsp;y&nbsp;<a href=\"https:\/\/play.google.com\/store\/music\/album\/Belo_Los_Susodichos_La_%C3%9Altima_y_Nos_Vamos_En_Direc?id=Bmwtkjqcvr7lbdzri75thc4htmu\">Google Play<\/a>&nbsp;en digital.<\/p>\n\n\n\n<p>Belo Susodicho en&nbsp;<a href=\"https:\/\/www.facebook.com\/belosusodichos\/\">Facebook<\/a>&nbsp;.<\/p>\n","protected":false},"excerpt":{"rendered":"<p>Belo\u00a0contin\u00faa regal\u00e1ndonos v\u00eddeos para celebrar la publicaci\u00f3n de\u00a0La \u00faltima y nos vamos, DVD + CD con el que ha puesto exquisito broche de oro a su etapa al frente de\u00a0Los Susodichos. He aqu\u00ed la canci\u00f3n compartida en esta ocasi\u00f3n,\u00a0Volver\u00e9. Esperamos que resulte de vuestro agrado. La \u00faltima y nos vamos&nbsp;vio la luz el 30 de [&hellip;]<\/p>\n","protected":false},"author":3,"featured_media":5954,"comment_status":"closed","ping_status":"open","sticky":false,"template":"","format":"standard","meta":[],"categories":[877,45],"tags":[604,920,187,50,30],"yoast_head":"<!-- This site is optimized with the Yoast SEO plugin v16.5 - https:\/\/yoast.com\/wordpress\/plugins\/seo\/ -->\n<title>Belo nos regala &quot;Volver\u00e9&quot;, nuevo v\u00eddeo de &quot;La \u00faltima y nos vamos&quot; - El Dromedario Records<\/title>\n<meta name=\"description\" content=\"Belo contin\u00faa regal\u00e1ndonos v\u00eddeos para celebrar la publicaci\u00f3n de La \u00faltima y nos vamos, DVD + CD con el que ha puesto exquisito broche de oro a su etapa al frente de Los Susodichos. He aqu\u00ed la canci\u00f3n compartida en esta ocasi\u00f3n, Volver\u00e9. Esperamos que resulte de vuestro agrado.\" \/>\n<meta name=\"robots\" content=\"index, follow, max-snippet:-1, max-image-preview:large, max-video-preview:-1\" \/>\n<link rel=\"canonical\" href=\"https:\/\/eldromedariorecords.com\/web\/belo-nos-regala-volvere-nuevo-video-de-la-ultima-y-nos-vamos\/\" \/>\n<meta property=\"og:locale\" content=\"es_ES\" \/>\n<meta property=\"og:type\" content=\"article\" \/>\n<meta property=\"og:title\" content=\"Belo nos regala &quot;Volver\u00e9&quot;, nuevo v\u00eddeo de &quot;La \u00faltima y nos vamos&quot; - El Dromedario Records\" \/>\n<meta property=\"og:description\" content=\"Belo contin\u00faa regal\u00e1ndonos v\u00eddeos para celebrar la publicaci\u00f3n de La \u00faltima y nos vamos, DVD + CD con el que ha puesto exquisito broche de oro a su etapa al frente de Los Susodichos. He aqu\u00ed la canci\u00f3n compartida en esta ocasi\u00f3n, Volver\u00e9. Esperamos que resulte de vuestro agrado.\" \/>\n<meta property=\"og:url\" content=\"https:\/\/eldromedariorecords.com\/web\/belo-nos-regala-volvere-nuevo-video-de-la-ultima-y-nos-vamos\/\" \/>\n<meta property=\"og:site_name\" content=\"El Dromedario Records\" \/>\n<meta property=\"article:published_time\" content=\"2018-12-27T17:12:21+00:00\" \/>\n<meta property=\"article:modified_time\" content=\"2018-12-27T17:12:22+00:00\" \/>\n<meta property=\"og:image\" content=\"https:\/\/eldromedariorecords.melboss.com\/web\/wp-content\/uploads\/2018\/11\/al-gallo-que-me-cante.jpg\" \/>\n\t<meta property=\"og:image:width\" content=\"1000\" \/>\n\t<meta property=\"og:image:height\" content=\"521\" \/>\n<meta name=\"twitter:card\" content=\"summary\" \/>\n<meta name=\"twitter:label1\" content=\"Tiempo de lectura\" \/>\n\t<meta name=\"twitter:data1\" content=\"1 minuto\" \/>\n<script type=\"application\/ld+json\" class=\"yoast-schema-graph\">{\"@context\":\"https:\/\/schema.org\",\"@graph\":[{\"@type\":\"Organization\",\"@id\":\"https:\/\/eldromedariorecords.com\/web\/#organization\",\"name\":\"El Dromedario Records\",\"url\":\"https:\/\/eldromedariorecords.com\/web\/\",\"sameAs\":[],\"logo\":{\"@type\":\"ImageObject\",\"@id\":\"https:\/\/eldromedariorecords.com\/web\/#logo\",\"inLanguage\":\"es\",\"url\":\"https:\/\/eldromedariorecords.melboss.com\/web\/wp-content\/uploads\/2021\/06\/logo-dromedario-negro.png\",\"contentUrl\":\"https:\/\/eldromedariorecords.melboss.com\/web\/wp-content\/uploads\/2021\/06\/logo-dromedario-negro.png\",\"width\":800,\"height\":624,\"caption\":\"El Dromedario Records\"},\"image\":{\"@id\":\"https:\/\/eldromedariorecords.com\/web\/#logo\"}},{\"@type\":\"WebSite\",\"@id\":\"https:\/\/eldromedariorecords.com\/web\/#website\",\"url\":\"https:\/\/eldromedariorecords.com\/web\/\",\"name\":\"El Dromedario Records\",\"description\":\"Discogr\\u00e1fica El Dromedario Records\",\"publisher\":{\"@id\":\"https:\/\/eldromedariorecords.com\/web\/#organization\"},\"potentialAction\":[{\"@type\":\"SearchAction\",\"target\":\"https:\/\/eldromedariorecords.com\/web\/?s={search_term_string}\",\"query-input\":\"required name=search_term_string\"}],\"inLanguage\":\"es\"},{\"@type\":\"ImageObject\",\"@id\":\"https:\/\/eldromedariorecords.com\/web\/belo-nos-regala-volvere-nuevo-video-de-la-ultima-y-nos-vamos\/#primaryimage\",\"inLanguage\":\"es\",\"url\":\"https:\/\/eldromedariorecords.com\/web\/wp-content\/uploads\/2018\/11\/al-gallo-que-me-cante.jpg\",\"contentUrl\":\"https:\/\/eldromedariorecords.com\/web\/wp-content\/uploads\/2018\/11\/al-gallo-que-me-cante.jpg\",\"width\":1000,\"height\":521},{\"@type\":\"WebPage\",\"@id\":\"https:\/\/eldromedariorecords.com\/web\/belo-nos-regala-volvere-nuevo-video-de-la-ultima-y-nos-vamos\/#webpage\",\"url\":\"https:\/\/eldromedariorecords.com\/web\/belo-nos-regala-volvere-nuevo-video-de-la-ultima-y-nos-vamos\/\",\"name\":\"Belo nos regala \\\"Volver\\u00e9\\\", nuevo v\\u00eddeo de \\\"La \\u00faltima y nos vamos\\\" - El Dromedario Records\",\"isPartOf\":{\"@id\":\"https:\/\/eldromedariorecords.com\/web\/#website\"},\"primaryImageOfPage\":{\"@id\":\"https:\/\/eldromedariorecords.com\/web\/belo-nos-regala-volvere-nuevo-video-de-la-ultima-y-nos-vamos\/#primaryimage\"},\"datePublished\":\"2018-12-27T17:12:21+00:00\",\"dateModified\":\"2018-12-27T17:12:22+00:00\",\"description\":\"Belo contin\\u00faa regal\\u00e1ndonos v\\u00eddeos para celebrar la publicaci\\u00f3n de La \\u00faltima y nos vamos, DVD + CD con el que ha puesto exquisito broche de oro a su etapa al frente de Los Susodichos. He aqu\\u00ed la canci\\u00f3n compartida en esta ocasi\\u00f3n, Volver\\u00e9. Esperamos que resulte de vuestro agrado.\",\"breadcrumb\":{\"@id\":\"https:\/\/eldromedariorecords.com\/web\/belo-nos-regala-volvere-nuevo-video-de-la-ultima-y-nos-vamos\/#breadcrumb\"},\"inLanguage\":\"es\",\"potentialAction\":[{\"@type\":\"ReadAction\",\"target\":[\"https:\/\/eldromedariorecords.com\/web\/belo-nos-regala-volvere-nuevo-video-de-la-ultima-y-nos-vamos\/\"]}]},{\"@type\":\"BreadcrumbList\",\"@id\":\"https:\/\/eldromedariorecords.com\/web\/belo-nos-regala-volvere-nuevo-video-de-la-ultima-y-nos-vamos\/#breadcrumb\",\"itemListElement\":[{\"@type\":\"ListItem\",\"position\":1,\"name\":\"Portada\",\"item\":\"https:\/\/eldromedariorecords.com\/web\/inicio\/\"},{\"@type\":\"ListItem\",\"position\":2,\"name\":\"Belo nos regala \\u00abVolver\\u00e9\\u00bb, nuevo v\\u00eddeo de \\u00abLa \\u00faltima y nos vamos\\u00bb\"}]},{\"@type\":\"Article\",\"@id\":\"https:\/\/eldromedariorecords.com\/web\/belo-nos-regala-volvere-nuevo-video-de-la-ultima-y-nos-vamos\/#article\",\"isPartOf\":{\"@id\":\"https:\/\/eldromedariorecords.com\/web\/belo-nos-regala-volvere-nuevo-video-de-la-ultima-y-nos-vamos\/#webpage\"},\"author\":{\"@id\":\"https:\/\/eldromedariorecords.com\/web\/#\/schema\/person\/71690da9dcd1ce3d7409664303024b87\"},\"headline\":\"Belo nos regala \\u00abVolver\\u00e9\\u00bb, nuevo v\\u00eddeo de \\u00abLa \\u00faltima y nos vamos\\u00bb\",\"datePublished\":\"2018-12-27T17:12:21+00:00\",\"dateModified\":\"2018-12-27T17:12:22+00:00\",\"mainEntityOfPage\":{\"@id\":\"https:\/\/eldromedariorecords.com\/web\/belo-nos-regala-volvere-nuevo-video-de-la-ultima-y-nos-vamos\/#webpage\"},\"wordCount\":134,\"publisher\":{\"@id\":\"https:\/\/eldromedariorecords.com\/web\/#organization\"},\"image\":{\"@id\":\"https:\/\/eldromedariorecords.com\/web\/belo-nos-regala-volvere-nuevo-video-de-la-ultima-y-nos-vamos\/#primaryimage\"},\"thumbnailUrl\":\"https:\/\/eldromedariorecords.com\/web\/wp-content\/uploads\/2018\/11\/al-gallo-que-me-cante.jpg\",\"keywords\":[\"Belo\",\"Belo y los susodichos\",\"conciertos\",\"Directo\",\"Videoclip\"],\"articleSection\":[\"Belo Susodicho\",\"Videoclip\"],\"inLanguage\":\"es\"},{\"@type\":\"Person\",\"@id\":\"https:\/\/eldromedariorecords.com\/web\/#\/schema\/person\/71690da9dcd1ce3d7409664303024b87\",\"name\":\"Iosu\",\"image\":{\"@type\":\"ImageObject\",\"@id\":\"https:\/\/eldromedariorecords.com\/web\/#personlogo\",\"inLanguage\":\"es\",\"url\":\"https:\/\/secure.gravatar.com\/avatar\/4225fb5a2e5d3e2effd3ee240c8f8d9d?s=96&d=mm&r=g\",\"contentUrl\":\"https:\/\/secure.gravatar.com\/avatar\/4225fb5a2e5d3e2effd3ee240c8f8d9d?s=96&d=mm&r=g\",\"caption\":\"Iosu\"}}]}<\/script>\n<!-- \/ Yoast SEO plugin. -->","_links":{"self":[{"href":"https:\/\/eldromedariorecords.com\/web\/wp-json\/wp\/v2\/posts\/6096"}],"collection":[{"href":"https:\/\/eldromedariorecords.com\/web\/wp-json\/wp\/v2\/posts"}],"about":[{"href":"https:\/\/eldromedariorecords.com\/web\/wp-json\/wp\/v2\/types\/post"}],"author":[{"embeddable":true,"href":"https:\/\/eldromedariorecords.com\/web\/wp-json\/wp\/v2\/users\/3"}],"replies":[{"embeddable":true,"href":"https:\/\/eldromedariorecords.com\/web\/wp-json\/wp\/v2\/comments?post=6096"}],"version-history":[{"count":0,"href":"https:\/\/eldromedariorecords.com\/web\/wp-json\/wp\/v2\/posts\/6096\/revisions"}],"wp:featuredmedia":[{"embeddable":true,"href":"https:\/\/eldromedariorecords.com\/web\/wp-json\/wp\/v2\/media\/5954"}],"wp:attachment":[{"href":"https:\/\/eldromedariorecords.com\/web\/wp-json\/wp\/v2\/media?parent=6096"}],"wp:term":[{"taxonomy":"category","embeddable":true,"href":"https:\/\/eldromedariorecords.com\/web\/wp-json\/wp\/v2\/categories?post=6096"},{"taxonomy":"post_tag","embeddable":true,"href":"https:\/\/eldromedariorecords.com\/web\/wp-json\/wp\/v2\/tags?post=6096"}],"curies":[{"name":"wp","href":"https:\/\/api.w.org\/{rel}","templated":true}]}}