{"id":6070,"date":"2018-12-20T08:56:11","date_gmt":"2018-12-20T08:56:11","guid":{"rendered":"https:\/\/eldromedariorecords.com\/web\/?p=6070"},"modified":"2018-12-20T08:56:12","modified_gmt":"2018-12-20T08:56:12","slug":"pan-y-circo-nuevo-video-de-la-ultima-y-nos-vamos-de-belo-los-susodichos","status":"publish","type":"post","link":"https:\/\/eldromedariorecords.com\/web\/pan-y-circo-nuevo-video-de-la-ultima-y-nos-vamos-de-belo-los-susodichos\/","title":{"rendered":"&#8216;Pan y circo&#8217;, nuevo v\u00eddeo de &#8216;La \u00faltima y nos vamos&#8217; de Belo &#038; Los Susodichos"},"content":{"rendered":"\n<figure class=\"wp-block-embed-youtube wp-block-embed is-type-video is-provider-youtube wp-embed-aspect-16-9 wp-has-aspect-ratio\"><div class=\"wp-block-embed__wrapper\">\n<div class='avia-iframe-wrap'><iframe loading=\"lazy\" width=\"1500\" height=\"844\" src=\"https:\/\/www.youtube.com\/embed\/Hrlj8vFX0h8?feature=oembed\" frameborder=\"0\" allow=\"accelerometer; autoplay; encrypted-media; gyroscope; picture-in-picture\" allowfullscreen><\/iframe><\/div>\n<\/div><\/figure>\n\n\n\n<p><strong>Belo<\/strong>\u00a0contin\u00faa celebrando la publicaci\u00f3n de\u00a0<em>La \u00faltima y nos vamos<\/em>, DVD + CD de despedida de su etapa al frente de\u00a0<strong>Los Susodichos<\/strong>, y en esta ocasi\u00f3n lo hace compartiendo con todos\u00a0<em>Pan y circo<\/em>, todo un t\u00f3tem de su discograf\u00eda. Para la grabaci\u00f3n de tan ic\u00f3nico tema se cont\u00f3 con la colaboraci\u00f3n de\u00a0<strong>Kutxi Romero<\/strong>.\u00a0<\/p>\n\n\n\n<p><em>La \u00faltima y nos vamos<\/em>&nbsp;vio la luz el 30 de noviembre; pod\u00e9is adquirirlo en formato f\u00edsico&nbsp;<a href=\"https:\/\/eldromedariorecords.com\/web\/tienda\/home\/339-belo-doble-cd-dvd-la-ultima-y-nos-vamos.html\">en la tienda de El Dromedario Records<\/a>, en El Corte Ingl\u00e9s, Fnacs y Tiendas Elkar, y en&nbsp;<a href=\"https:\/\/itunes.apple.com\/es\/album\/la-%C3%BAltima-y-nos-vamos-en-directo-2018\/1444424504\">iTunes<\/a>&nbsp;y&nbsp;<a href=\"https:\/\/play.google.com\/store\/music\/album\/Belo_Los_Susodichos_La_%C3%9Altima_y_Nos_Vamos_En_Direc?id=Bmwtkjqcvr7lbdzri75thc4htmu\">Google Play<\/a>&nbsp;en digital.<\/p>\n\n\n\n<p>Belo Susodicho en&nbsp;<a href=\"https:\/\/www.facebook.com\/belosusodichos\/\">Facebook<\/a>&nbsp;.<\/p>\n","protected":false},"excerpt":{"rendered":"<p>Belo\u00a0contin\u00faa celebrando la publicaci\u00f3n de\u00a0La \u00faltima y nos vamos, DVD + CD de despedida de su etapa al frente de\u00a0Los Susodichos, y en esta ocasi\u00f3n lo hace compartiendo con todos\u00a0Pan y circo, todo un t\u00f3tem de su discograf\u00eda. Para la grabaci\u00f3n de tan ic\u00f3nico tema se cont\u00f3 con la colaboraci\u00f3n de\u00a0Kutxi Romero.\u00a0 La \u00faltima y [&hellip;]<\/p>\n","protected":false},"author":3,"featured_media":6069,"comment_status":"closed","ping_status":"open","sticky":false,"template":"","format":"standard","meta":[],"categories":[877,45],"tags":[604,50,929],"yoast_head":"<!-- This site is optimized with the Yoast SEO plugin v16.5 - https:\/\/yoast.com\/wordpress\/plugins\/seo\/ -->\n<title>&#039;Pan y circo&#039;, nuevo v\u00eddeo de &#039;La \u00faltima y nos vamos&#039; de Belo &amp; Los Susodichos - El Dromedario Records<\/title>\n<meta name=\"robots\" content=\"index, follow, max-snippet:-1, max-image-preview:large, max-video-preview:-1\" \/>\n<link rel=\"canonical\" href=\"https:\/\/eldromedariorecords.com\/web\/pan-y-circo-nuevo-video-de-la-ultima-y-nos-vamos-de-belo-los-susodichos\/\" \/>\n<meta property=\"og:locale\" content=\"es_ES\" \/>\n<meta property=\"og:type\" content=\"article\" \/>\n<meta property=\"og:title\" content=\"&#039;Pan y circo&#039;, nuevo v\u00eddeo de &#039;La \u00faltima y nos vamos&#039; de Belo &amp; Los Susodichos - El Dromedario Records\" \/>\n<meta property=\"og:description\" content=\"Belo\u00a0contin\u00faa celebrando la publicaci\u00f3n de\u00a0La \u00faltima y nos vamos, DVD + CD de despedida de su etapa al frente de\u00a0Los Susodichos, y en esta ocasi\u00f3n lo hace compartiendo con todos\u00a0Pan y circo, todo un t\u00f3tem de su discograf\u00eda. Para la grabaci\u00f3n de tan ic\u00f3nico tema se cont\u00f3 con la colaboraci\u00f3n de\u00a0Kutxi Romero.\u00a0 La \u00faltima y [&hellip;]\" \/>\n<meta property=\"og:url\" content=\"https:\/\/eldromedariorecords.com\/web\/pan-y-circo-nuevo-video-de-la-ultima-y-nos-vamos-de-belo-los-susodichos\/\" \/>\n<meta property=\"og:site_name\" content=\"El Dromedario Records\" \/>\n<meta property=\"article:published_time\" content=\"2018-12-20T08:56:11+00:00\" \/>\n<meta property=\"article:modified_time\" content=\"2018-12-20T08:56:12+00:00\" \/>\n<meta property=\"og:image\" content=\"https:\/\/eldromedariorecords.melboss.com\/web\/wp-content\/uploads\/2018\/12\/pan-y-circo.jpg\" \/>\n\t<meta property=\"og:image:width\" content=\"1300\" \/>\n\t<meta property=\"og:image:height\" content=\"705\" \/>\n<meta name=\"twitter:card\" content=\"summary\" \/>\n<meta name=\"twitter:label1\" content=\"Tiempo de lectura\" \/>\n\t<meta name=\"twitter:data1\" content=\"1 minuto\" \/>\n<script type=\"application\/ld+json\" class=\"yoast-schema-graph\">{\"@context\":\"https:\/\/schema.org\",\"@graph\":[{\"@type\":\"Organization\",\"@id\":\"https:\/\/eldromedariorecords.com\/web\/#organization\",\"name\":\"El Dromedario Records\",\"url\":\"https:\/\/eldromedariorecords.com\/web\/\",\"sameAs\":[],\"logo\":{\"@type\":\"ImageObject\",\"@id\":\"https:\/\/eldromedariorecords.com\/web\/#logo\",\"inLanguage\":\"es\",\"url\":\"https:\/\/eldromedariorecords.melboss.com\/web\/wp-content\/uploads\/2021\/06\/logo-dromedario-negro.png\",\"contentUrl\":\"https:\/\/eldromedariorecords.melboss.com\/web\/wp-content\/uploads\/2021\/06\/logo-dromedario-negro.png\",\"width\":800,\"height\":624,\"caption\":\"El Dromedario Records\"},\"image\":{\"@id\":\"https:\/\/eldromedariorecords.com\/web\/#logo\"}},{\"@type\":\"WebSite\",\"@id\":\"https:\/\/eldromedariorecords.com\/web\/#website\",\"url\":\"https:\/\/eldromedariorecords.com\/web\/\",\"name\":\"El Dromedario Records\",\"description\":\"Discogr\\u00e1fica El Dromedario Records\",\"publisher\":{\"@id\":\"https:\/\/eldromedariorecords.com\/web\/#organization\"},\"potentialAction\":[{\"@type\":\"SearchAction\",\"target\":\"https:\/\/eldromedariorecords.com\/web\/?s={search_term_string}\",\"query-input\":\"required name=search_term_string\"}],\"inLanguage\":\"es\"},{\"@type\":\"ImageObject\",\"@id\":\"https:\/\/eldromedariorecords.com\/web\/pan-y-circo-nuevo-video-de-la-ultima-y-nos-vamos-de-belo-los-susodichos\/#primaryimage\",\"inLanguage\":\"es\",\"url\":\"https:\/\/eldromedariorecords.com\/web\/wp-content\/uploads\/2018\/12\/pan-y-circo.jpg\",\"contentUrl\":\"https:\/\/eldromedariorecords.com\/web\/wp-content\/uploads\/2018\/12\/pan-y-circo.jpg\",\"width\":1300,\"height\":705},{\"@type\":\"WebPage\",\"@id\":\"https:\/\/eldromedariorecords.com\/web\/pan-y-circo-nuevo-video-de-la-ultima-y-nos-vamos-de-belo-los-susodichos\/#webpage\",\"url\":\"https:\/\/eldromedariorecords.com\/web\/pan-y-circo-nuevo-video-de-la-ultima-y-nos-vamos-de-belo-los-susodichos\/\",\"name\":\"'Pan y circo', nuevo v\\u00eddeo de 'La \\u00faltima y nos vamos' de Belo & Los Susodichos - El Dromedario Records\",\"isPartOf\":{\"@id\":\"https:\/\/eldromedariorecords.com\/web\/#website\"},\"primaryImageOfPage\":{\"@id\":\"https:\/\/eldromedariorecords.com\/web\/pan-y-circo-nuevo-video-de-la-ultima-y-nos-vamos-de-belo-los-susodichos\/#primaryimage\"},\"datePublished\":\"2018-12-20T08:56:11+00:00\",\"dateModified\":\"2018-12-20T08:56:12+00:00\",\"breadcrumb\":{\"@id\":\"https:\/\/eldromedariorecords.com\/web\/pan-y-circo-nuevo-video-de-la-ultima-y-nos-vamos-de-belo-los-susodichos\/#breadcrumb\"},\"inLanguage\":\"es\",\"potentialAction\":[{\"@type\":\"ReadAction\",\"target\":[\"https:\/\/eldromedariorecords.com\/web\/pan-y-circo-nuevo-video-de-la-ultima-y-nos-vamos-de-belo-los-susodichos\/\"]}]},{\"@type\":\"BreadcrumbList\",\"@id\":\"https:\/\/eldromedariorecords.com\/web\/pan-y-circo-nuevo-video-de-la-ultima-y-nos-vamos-de-belo-los-susodichos\/#breadcrumb\",\"itemListElement\":[{\"@type\":\"ListItem\",\"position\":1,\"name\":\"Portada\",\"item\":\"https:\/\/eldromedariorecords.com\/web\/inicio\/\"},{\"@type\":\"ListItem\",\"position\":2,\"name\":\"&#8216;Pan y circo&#8217;, nuevo v\\u00eddeo de &#8216;La \\u00faltima y nos vamos&#8217; de Belo &#038; Los Susodichos\"}]},{\"@type\":\"Article\",\"@id\":\"https:\/\/eldromedariorecords.com\/web\/pan-y-circo-nuevo-video-de-la-ultima-y-nos-vamos-de-belo-los-susodichos\/#article\",\"isPartOf\":{\"@id\":\"https:\/\/eldromedariorecords.com\/web\/pan-y-circo-nuevo-video-de-la-ultima-y-nos-vamos-de-belo-los-susodichos\/#webpage\"},\"author\":{\"@id\":\"https:\/\/eldromedariorecords.com\/web\/#\/schema\/person\/71690da9dcd1ce3d7409664303024b87\"},\"headline\":\"&#8216;Pan y circo&#8217;, nuevo v\\u00eddeo de &#8216;La \\u00faltima y nos vamos&#8217; de Belo &#038; Los Susodichos\",\"datePublished\":\"2018-12-20T08:56:11+00:00\",\"dateModified\":\"2018-12-20T08:56:12+00:00\",\"mainEntityOfPage\":{\"@id\":\"https:\/\/eldromedariorecords.com\/web\/pan-y-circo-nuevo-video-de-la-ultima-y-nos-vamos-de-belo-los-susodichos\/#webpage\"},\"wordCount\":147,\"publisher\":{\"@id\":\"https:\/\/eldromedariorecords.com\/web\/#organization\"},\"image\":{\"@id\":\"https:\/\/eldromedariorecords.com\/web\/pan-y-circo-nuevo-video-de-la-ultima-y-nos-vamos-de-belo-los-susodichos\/#primaryimage\"},\"thumbnailUrl\":\"https:\/\/eldromedariorecords.com\/web\/wp-content\/uploads\/2018\/12\/pan-y-circo.jpg\",\"keywords\":[\"Belo\",\"Directo\",\"Disco directo\"],\"articleSection\":[\"Belo Susodicho\",\"Videoclip\"],\"inLanguage\":\"es\"},{\"@type\":\"Person\",\"@id\":\"https:\/\/eldromedariorecords.com\/web\/#\/schema\/person\/71690da9dcd1ce3d7409664303024b87\",\"name\":\"Iosu\",\"image\":{\"@type\":\"ImageObject\",\"@id\":\"https:\/\/eldromedariorecords.com\/web\/#personlogo\",\"inLanguage\":\"es\",\"url\":\"https:\/\/secure.gravatar.com\/avatar\/4225fb5a2e5d3e2effd3ee240c8f8d9d?s=96&d=mm&r=g\",\"contentUrl\":\"https:\/\/secure.gravatar.com\/avatar\/4225fb5a2e5d3e2effd3ee240c8f8d9d?s=96&d=mm&r=g\",\"caption\":\"Iosu\"}}]}<\/script>\n<!-- \/ Yoast SEO plugin. -->","_links":{"self":[{"href":"https:\/\/eldromedariorecords.com\/web\/wp-json\/wp\/v2\/posts\/6070"}],"collection":[{"href":"https:\/\/eldromedariorecords.com\/web\/wp-json\/wp\/v2\/posts"}],"about":[{"href":"https:\/\/eldromedariorecords.com\/web\/wp-json\/wp\/v2\/types\/post"}],"author":[{"embeddable":true,"href":"https:\/\/eldromedariorecords.com\/web\/wp-json\/wp\/v2\/users\/3"}],"replies":[{"embeddable":true,"href":"https:\/\/eldromedariorecords.com\/web\/wp-json\/wp\/v2\/comments?post=6070"}],"version-history":[{"count":0,"href":"https:\/\/eldromedariorecords.com\/web\/wp-json\/wp\/v2\/posts\/6070\/revisions"}],"wp:featuredmedia":[{"embeddable":true,"href":"https:\/\/eldromedariorecords.com\/web\/wp-json\/wp\/v2\/media\/6069"}],"wp:attachment":[{"href":"https:\/\/eldromedariorecords.com\/web\/wp-json\/wp\/v2\/media?parent=6070"}],"wp:term":[{"taxonomy":"category","embeddable":true,"href":"https:\/\/eldromedariorecords.com\/web\/wp-json\/wp\/v2\/categories?post=6070"},{"taxonomy":"post_tag","embeddable":true,"href":"https:\/\/eldromedariorecords.com\/web\/wp-json\/wp\/v2\/tags?post=6070"}],"curies":[{"name":"wp","href":"https:\/\/api.w.org\/{rel}","templated":true}]}}