{"id":6041,"date":"2018-12-12T11:39:06","date_gmt":"2018-12-12T11:39:06","guid":{"rendered":"https:\/\/eldromedariorecords.com\/web\/?p=6041"},"modified":"2018-12-12T11:39:07","modified_gmt":"2018-12-12T11:39:07","slug":"mariposas-de-papel-nuevo-video-de-la-ultima-y-nos-vamos-de-belo-los-susodichos","status":"publish","type":"post","link":"https:\/\/eldromedariorecords.com\/web\/mariposas-de-papel-nuevo-video-de-la-ultima-y-nos-vamos-de-belo-los-susodichos\/","title":{"rendered":"\u00abMariposas de papel\u00bb, nuevo v\u00eddeo de \u00abLa \u00faltima y nos vamos\u00bb de Belo &#038; los Susodichos"},"content":{"rendered":"\n<figure class=\"wp-block-embed-youtube wp-block-embed is-type-video is-provider-youtube wp-embed-aspect-16-9 wp-has-aspect-ratio\"><div class=\"wp-block-embed__wrapper\">\n<div class='avia-iframe-wrap'><iframe loading=\"lazy\" width=\"1500\" height=\"844\" src=\"https:\/\/www.youtube.com\/embed\/CKrj0bBU7Mc?feature=oembed\" frameborder=\"0\" allow=\"accelerometer; autoplay; encrypted-media; gyroscope; picture-in-picture\" allowfullscreen><\/iframe><\/div>\n<\/div><\/figure>\n\n\n\n<p>Con \u201cLa \u00faltima y nos vamos\u201d, el colosal DVD + doble CD de Belo &amp; Los Susodichos ya en la calle, compartimos hoy con vosotros el video de&nbsp;<a href=\"http:\/\/v2.boletin.eldromedariorecords.com\/4\/l\/iPoY763wFkTykhT2kkZCnKig\/Cst5vPmKDXfiR0pDPL7WCA\/MY1X892XxNbnA7ln4U2bLhYg\" target=\"_blank\" rel=\"noreferrer noopener\">\u201cMariposas de papel\u201d<\/a>, una de las canciones insignia de su carrera y del presente trabajo.<\/p>\n\n\n\n<p>\u201cLa \u00faltima y nos vamos\u201d representa el emotivo concierto de despedida de Belo &amp; Los Susodichos tras 10 a\u00f1os de trayectoria, 5 discos y m\u00e1s de 500 actuaciones ofrecidas. A partir de este momento Belo seguir\u00e1 su carrera en solitario.El \u00faltimo DVD en directo + doble CD de&nbsp;<strong>Belo &amp; Los Susodichos<\/strong>, ya est\u00e1 a disposici\u00f3n de todos en formato f\u00edsico,&nbsp;<a href=\"http:\/\/v2.boletin.eldromedariorecords.com\/4\/l\/iPoY763wFkTykhT2kkZCnKig\/jsjoUAXH1LYaBbRKx80aOw\/MY1X892XxNbnA7ln4U2bLhYg\" target=\"_blank\" rel=\"noreferrer noopener\">en la tienda de El Dromedario Records<\/a>&nbsp;y en, y en El Corte Ingl\u00e9s, Fnacs y Tiendas Elkar digital (<a href=\"http:\/\/v2.boletin.eldromedariorecords.com\/4\/l\/iPoY763wFkTykhT2kkZCnKig\/t5kuY892ZPRhR8927EdR892aWOOw\/MY1X892XxNbnA7ln4U2bLhYg\" target=\"_blank\" rel=\"noreferrer noopener\">Spotify<\/a>,&nbsp;<a href=\"http:\/\/v2.boletin.eldromedariorecords.com\/4\/l\/iPoY763wFkTykhT2kkZCnKig\/W892NiuXLghst9D9i7630AsyGg\/MY1X892XxNbnA7ln4U2bLhYg\" target=\"_blank\" rel=\"noreferrer noopener\">iTunes<\/a>&nbsp;y&nbsp;<a href=\"http:\/\/v2.boletin.eldromedariorecords.com\/4\/l\/iPoY763wFkTykhT2kkZCnKig\/r9fJtXUV9j5o892TN48Y98wg\/MY1X892XxNbnA7ln4U2bLhYg\" target=\"_blank\" rel=\"noreferrer noopener\">Google Play<\/a>).<\/p>\n","protected":false},"excerpt":{"rendered":"<p>Con \u201cLa \u00faltima y nos vamos\u201d, el colosal DVD + doble CD de Belo &amp; Los Susodichos ya en la calle, compartimos hoy con vosotros el video de&nbsp;\u201cMariposas de papel\u201d, una de las canciones insignia de su carrera y del presente trabajo. \u201cLa \u00faltima y nos vamos\u201d representa el emotivo concierto de despedida de Belo [&hellip;]<\/p>\n","protected":false},"author":3,"featured_media":5954,"comment_status":"closed","ping_status":"open","sticky":false,"template":"","format":"standard","meta":[],"categories":[877,45],"tags":[604,44,50,912,896,921,76,93,30],"yoast_head":"<!-- This site is optimized with the Yoast SEO plugin v16.5 - https:\/\/yoast.com\/wordpress\/plugins\/seo\/ -->\n<title>&quot;Mariposas de papel&quot;, nuevo v\u00eddeo de &quot;La \u00faltima y nos vamos&quot; de Belo &amp; los Susodichos<\/title>\n<meta name=\"description\" content=\"Con \u201cLa \u00faltima y nos vamos\u201d, el colosal DVD + doble CD de Belo &amp; Los Susodichos ya en la calle, compartimos hoy con vosotros el video de \u201cMariposas de papel\u201d, una de las canciones insignia de su carrera y del presente trabajo.\" \/>\n<meta name=\"robots\" content=\"index, follow, max-snippet:-1, max-image-preview:large, max-video-preview:-1\" \/>\n<link rel=\"canonical\" href=\"https:\/\/eldromedariorecords.com\/web\/mariposas-de-papel-nuevo-video-de-la-ultima-y-nos-vamos-de-belo-los-susodichos\/\" \/>\n<meta property=\"og:locale\" content=\"es_ES\" \/>\n<meta property=\"og:type\" content=\"article\" \/>\n<meta property=\"og:title\" content=\"&quot;Mariposas de papel&quot;, nuevo v\u00eddeo de &quot;La \u00faltima y nos vamos&quot; de Belo &amp; los Susodichos\" \/>\n<meta property=\"og:description\" content=\"Con \u201cLa \u00faltima y nos vamos\u201d, el colosal DVD + doble CD de Belo &amp; Los Susodichos ya en la calle, compartimos hoy con vosotros el video de \u201cMariposas de papel\u201d, una de las canciones insignia de su carrera y del presente trabajo.\" \/>\n<meta property=\"og:url\" content=\"https:\/\/eldromedariorecords.com\/web\/mariposas-de-papel-nuevo-video-de-la-ultima-y-nos-vamos-de-belo-los-susodichos\/\" \/>\n<meta property=\"og:site_name\" content=\"El Dromedario Records\" \/>\n<meta property=\"article:published_time\" content=\"2018-12-12T11:39:06+00:00\" \/>\n<meta property=\"article:modified_time\" content=\"2018-12-12T11:39:07+00:00\" \/>\n<meta property=\"og:image\" content=\"https:\/\/eldromedariorecords.melboss.com\/web\/wp-content\/uploads\/2018\/11\/al-gallo-que-me-cante.jpg\" \/>\n\t<meta property=\"og:image:width\" content=\"1000\" \/>\n\t<meta property=\"og:image:height\" content=\"521\" \/>\n<meta name=\"twitter:card\" content=\"summary\" \/>\n<meta name=\"twitter:label1\" content=\"Tiempo de lectura\" \/>\n\t<meta name=\"twitter:data1\" content=\"1 minuto\" \/>\n<script type=\"application\/ld+json\" class=\"yoast-schema-graph\">{\"@context\":\"https:\/\/schema.org\",\"@graph\":[{\"@type\":\"Organization\",\"@id\":\"https:\/\/eldromedariorecords.com\/web\/#organization\",\"name\":\"El Dromedario Records\",\"url\":\"https:\/\/eldromedariorecords.com\/web\/\",\"sameAs\":[],\"logo\":{\"@type\":\"ImageObject\",\"@id\":\"https:\/\/eldromedariorecords.com\/web\/#logo\",\"inLanguage\":\"es\",\"url\":\"https:\/\/eldromedariorecords.melboss.com\/web\/wp-content\/uploads\/2021\/06\/logo-dromedario-negro.png\",\"contentUrl\":\"https:\/\/eldromedariorecords.melboss.com\/web\/wp-content\/uploads\/2021\/06\/logo-dromedario-negro.png\",\"width\":800,\"height\":624,\"caption\":\"El Dromedario Records\"},\"image\":{\"@id\":\"https:\/\/eldromedariorecords.com\/web\/#logo\"}},{\"@type\":\"WebSite\",\"@id\":\"https:\/\/eldromedariorecords.com\/web\/#website\",\"url\":\"https:\/\/eldromedariorecords.com\/web\/\",\"name\":\"El Dromedario Records\",\"description\":\"Discogr\\u00e1fica El Dromedario Records\",\"publisher\":{\"@id\":\"https:\/\/eldromedariorecords.com\/web\/#organization\"},\"potentialAction\":[{\"@type\":\"SearchAction\",\"target\":\"https:\/\/eldromedariorecords.com\/web\/?s={search_term_string}\",\"query-input\":\"required name=search_term_string\"}],\"inLanguage\":\"es\"},{\"@type\":\"ImageObject\",\"@id\":\"https:\/\/eldromedariorecords.com\/web\/mariposas-de-papel-nuevo-video-de-la-ultima-y-nos-vamos-de-belo-los-susodichos\/#primaryimage\",\"inLanguage\":\"es\",\"url\":\"https:\/\/eldromedariorecords.com\/web\/wp-content\/uploads\/2018\/11\/al-gallo-que-me-cante.jpg\",\"contentUrl\":\"https:\/\/eldromedariorecords.com\/web\/wp-content\/uploads\/2018\/11\/al-gallo-que-me-cante.jpg\",\"width\":1000,\"height\":521},{\"@type\":\"WebPage\",\"@id\":\"https:\/\/eldromedariorecords.com\/web\/mariposas-de-papel-nuevo-video-de-la-ultima-y-nos-vamos-de-belo-los-susodichos\/#webpage\",\"url\":\"https:\/\/eldromedariorecords.com\/web\/mariposas-de-papel-nuevo-video-de-la-ultima-y-nos-vamos-de-belo-los-susodichos\/\",\"name\":\"\\\"Mariposas de papel\\\", nuevo v\\u00eddeo de \\\"La \\u00faltima y nos vamos\\\" de Belo & los Susodichos\",\"isPartOf\":{\"@id\":\"https:\/\/eldromedariorecords.com\/web\/#website\"},\"primaryImageOfPage\":{\"@id\":\"https:\/\/eldromedariorecords.com\/web\/mariposas-de-papel-nuevo-video-de-la-ultima-y-nos-vamos-de-belo-los-susodichos\/#primaryimage\"},\"datePublished\":\"2018-12-12T11:39:06+00:00\",\"dateModified\":\"2018-12-12T11:39:07+00:00\",\"description\":\"Con \\u201cLa \\u00faltima y nos vamos\\u201d, el colosal DVD + doble CD de Belo & Los Susodichos ya en la calle, compartimos hoy con vosotros el video de \\u201cMariposas de papel\\u201d, una de las canciones insignia de su carrera y del presente trabajo.\",\"breadcrumb\":{\"@id\":\"https:\/\/eldromedariorecords.com\/web\/mariposas-de-papel-nuevo-video-de-la-ultima-y-nos-vamos-de-belo-los-susodichos\/#breadcrumb\"},\"inLanguage\":\"es\",\"potentialAction\":[{\"@type\":\"ReadAction\",\"target\":[\"https:\/\/eldromedariorecords.com\/web\/mariposas-de-papel-nuevo-video-de-la-ultima-y-nos-vamos-de-belo-los-susodichos\/\"]}]},{\"@type\":\"BreadcrumbList\",\"@id\":\"https:\/\/eldromedariorecords.com\/web\/mariposas-de-papel-nuevo-video-de-la-ultima-y-nos-vamos-de-belo-los-susodichos\/#breadcrumb\",\"itemListElement\":[{\"@type\":\"ListItem\",\"position\":1,\"name\":\"Portada\",\"item\":\"https:\/\/eldromedariorecords.com\/web\/inicio\/\"},{\"@type\":\"ListItem\",\"position\":2,\"name\":\"\\u00abMariposas de papel\\u00bb, nuevo v\\u00eddeo de \\u00abLa \\u00faltima y nos vamos\\u00bb de Belo &#038; los Susodichos\"}]},{\"@type\":\"Article\",\"@id\":\"https:\/\/eldromedariorecords.com\/web\/mariposas-de-papel-nuevo-video-de-la-ultima-y-nos-vamos-de-belo-los-susodichos\/#article\",\"isPartOf\":{\"@id\":\"https:\/\/eldromedariorecords.com\/web\/mariposas-de-papel-nuevo-video-de-la-ultima-y-nos-vamos-de-belo-los-susodichos\/#webpage\"},\"author\":{\"@id\":\"https:\/\/eldromedariorecords.com\/web\/#\/schema\/person\/71690da9dcd1ce3d7409664303024b87\"},\"headline\":\"\\u00abMariposas de papel\\u00bb, nuevo v\\u00eddeo de \\u00abLa \\u00faltima y nos vamos\\u00bb de Belo &#038; los Susodichos\",\"datePublished\":\"2018-12-12T11:39:06+00:00\",\"dateModified\":\"2018-12-12T11:39:07+00:00\",\"mainEntityOfPage\":{\"@id\":\"https:\/\/eldromedariorecords.com\/web\/mariposas-de-papel-nuevo-video-de-la-ultima-y-nos-vamos-de-belo-los-susodichos\/#webpage\"},\"wordCount\":166,\"publisher\":{\"@id\":\"https:\/\/eldromedariorecords.com\/web\/#organization\"},\"image\":{\"@id\":\"https:\/\/eldromedariorecords.com\/web\/mariposas-de-papel-nuevo-video-de-la-ultima-y-nos-vamos-de-belo-los-susodichos\/#primaryimage\"},\"thumbnailUrl\":\"https:\/\/eldromedariorecords.com\/web\/wp-content\/uploads\/2018\/11\/al-gallo-que-me-cante.jpg\",\"keywords\":[\"Belo\",\"Concierto\",\"Directo\",\"doble CD\",\"DVD\",\"Mariposas de papel\",\"Rock\",\"Rock urbano\",\"Videoclip\"],\"articleSection\":[\"Belo Susodicho\",\"Videoclip\"],\"inLanguage\":\"es\"},{\"@type\":\"Person\",\"@id\":\"https:\/\/eldromedariorecords.com\/web\/#\/schema\/person\/71690da9dcd1ce3d7409664303024b87\",\"name\":\"Iosu\",\"image\":{\"@type\":\"ImageObject\",\"@id\":\"https:\/\/eldromedariorecords.com\/web\/#personlogo\",\"inLanguage\":\"es\",\"url\":\"https:\/\/secure.gravatar.com\/avatar\/4225fb5a2e5d3e2effd3ee240c8f8d9d?s=96&d=mm&r=g\",\"contentUrl\":\"https:\/\/secure.gravatar.com\/avatar\/4225fb5a2e5d3e2effd3ee240c8f8d9d?s=96&d=mm&r=g\",\"caption\":\"Iosu\"}}]}<\/script>\n<!-- \/ Yoast SEO plugin. -->","_links":{"self":[{"href":"https:\/\/eldromedariorecords.com\/web\/wp-json\/wp\/v2\/posts\/6041"}],"collection":[{"href":"https:\/\/eldromedariorecords.com\/web\/wp-json\/wp\/v2\/posts"}],"about":[{"href":"https:\/\/eldromedariorecords.com\/web\/wp-json\/wp\/v2\/types\/post"}],"author":[{"embeddable":true,"href":"https:\/\/eldromedariorecords.com\/web\/wp-json\/wp\/v2\/users\/3"}],"replies":[{"embeddable":true,"href":"https:\/\/eldromedariorecords.com\/web\/wp-json\/wp\/v2\/comments?post=6041"}],"version-history":[{"count":0,"href":"https:\/\/eldromedariorecords.com\/web\/wp-json\/wp\/v2\/posts\/6041\/revisions"}],"wp:featuredmedia":[{"embeddable":true,"href":"https:\/\/eldromedariorecords.com\/web\/wp-json\/wp\/v2\/media\/5954"}],"wp:attachment":[{"href":"https:\/\/eldromedariorecords.com\/web\/wp-json\/wp\/v2\/media?parent=6041"}],"wp:term":[{"taxonomy":"category","embeddable":true,"href":"https:\/\/eldromedariorecords.com\/web\/wp-json\/wp\/v2\/categories?post=6041"},{"taxonomy":"post_tag","embeddable":true,"href":"https:\/\/eldromedariorecords.com\/web\/wp-json\/wp\/v2\/tags?post=6041"}],"curies":[{"name":"wp","href":"https:\/\/api.w.org\/{rel}","templated":true}]}}