{"id":5726,"date":"2018-09-07T10:55:40","date_gmt":"2018-09-07T10:55:40","guid":{"rendered":"https:\/\/eldromedariorecords.com\/web\/?p=5726"},"modified":"2018-09-07T10:55:40","modified_gmt":"2018-09-07T10:55:40","slug":"inconscientes-saldran-de-gira-para-presentar-no-somos-viento-disco-ya-disponible-en-vinilo","status":"publish","type":"post","link":"https:\/\/eldromedariorecords.com\/web\/inconscientes-saldran-de-gira-para-presentar-no-somos-viento-disco-ya-disponible-en-vinilo\/","title":{"rendered":"Inconscientes saldr\u00e1n de gira para presentar \u00abNo somos viento\u00bb: \u00a1Disco ya disponible en vinilo!"},"content":{"rendered":"<p><img loading=\"lazy\" class=\"aligncenter size-full wp-image-5721\" src=\"https:\/\/eldromedariorecords.com\/web\/wp-content\/uploads\/2018\/09\/cartel-inconscientes-gira-no-somos-viento-1.jpg\" alt=\"\" width=\"1000\" height=\"1400\" srcset=\"https:\/\/eldromedariorecords.com\/web\/wp-content\/uploads\/2018\/09\/cartel-inconscientes-gira-no-somos-viento-1.jpg 1000w, https:\/\/eldromedariorecords.com\/web\/wp-content\/uploads\/2018\/09\/cartel-inconscientes-gira-no-somos-viento-1-214x300.jpg 214w, https:\/\/eldromedariorecords.com\/web\/wp-content\/uploads\/2018\/09\/cartel-inconscientes-gira-no-somos-viento-1-768x1075.jpg 768w, https:\/\/eldromedariorecords.com\/web\/wp-content\/uploads\/2018\/09\/cartel-inconscientes-gira-no-somos-viento-1-736x1030.jpg 736w, https:\/\/eldromedariorecords.com\/web\/wp-content\/uploads\/2018\/09\/cartel-inconscientes-gira-no-somos-viento-1-504x705.jpg 504w, https:\/\/eldromedariorecords.com\/web\/wp-content\/uploads\/2018\/09\/cartel-inconscientes-gira-no-somos-viento-1-450x630.jpg 450w\" sizes=\"(max-width: 1000px) 100vw, 1000px\" \/><\/p>\n<p>Es un placer anunciar que <b>Inconscientes<\/b>, grupo fundado en 2006 por el legendario I\u00f1aki <i>Uoho<\/i> Ant\u00f3n (guitarrista de <b>Platero y T\u00fa<\/b> y <b>Extremoduro<\/b>), saldr\u00e1n pr\u00f3ximamente de gira por Espa\u00f1a con el fin de presentar su \u00faltimo trabajo, <i>No somos viento<\/i>; el disco, adem\u00e1s, ya est\u00e1 desde hoy viernes disponible en vinilo.<\/p>\n<p>Para celebrar el lanzamiento de la gira y la presentaci\u00f3n de <i>No somos viento<\/i> en dicho formato, hemos preparado en la <a href=\"https:\/\/eldromedariorecords.com\/web\/tienda\/home\/321-vinilo-y-entradas-gira-no-somos-viento-inconscientes.html\" rel=\"nofollow\">store de El Dromedario Records<\/a> un pack de entrada + vinilo por 26 euros.<\/p>\n<p>Adem\u00e1s, tambi\u00e9n se puede adquirir el <a rel=\"nofollow\" href=\"https:\/\/eldromedariorecords.com\/web\/tienda\/home\/322-vinilo-no-somos-viento.html\">disco en vinilo por 16 euros.<\/a><\/p>\n<p><img loading=\"lazy\" class=\"aligncenter size-full wp-image-5722\" src=\"https:\/\/eldromedariorecords.com\/web\/wp-content\/uploads\/2018\/09\/vinilo-inconscientes.jpg\" alt=\"\" width=\"1000\" height=\"523\" srcset=\"https:\/\/eldromedariorecords.com\/web\/wp-content\/uploads\/2018\/09\/vinilo-inconscientes.jpg 1000w, https:\/\/eldromedariorecords.com\/web\/wp-content\/uploads\/2018\/09\/vinilo-inconscientes-300x157.jpg 300w, https:\/\/eldromedariorecords.com\/web\/wp-content\/uploads\/2018\/09\/vinilo-inconscientes-768x402.jpg 768w, https:\/\/eldromedariorecords.com\/web\/wp-content\/uploads\/2018\/09\/vinilo-inconscientes-705x369.jpg 705w, https:\/\/eldromedariorecords.com\/web\/wp-content\/uploads\/2018\/09\/vinilo-inconscientes-450x235.jpg 450w\" sizes=\"(max-width: 1000px) 100vw, 1000px\" \/><\/p>\n<p>Por otra parte, ya est\u00e1n a disposici\u00f3n del p\u00fablico las entradas en la red <a href=\"https:\/\/www.ticketmaster.es\/search\/?keyword=inconscientes\" rel=\"nofollow\">Ticketamster<\/a> y en la <a rel=\"nofollow\" href=\"https:\/\/eldromedariorecords.com\/web\/tienda\/inconscientes\/home\/320-entradas-gira-no-somos-viento-inconscientes.html\">tienda oficial<\/a>, a 12,00 euros + gastos para Sevilla, Granada y M\u00e1laga, y a 14,00 + gastos para Murcia, Valencia, Bilbao, Barcelona y Madrid. Pr\u00f3ximamente lo estar\u00e1n en puntos habituales de venta de cada ciudad. En taquilla costar\u00e1n 16,00 euros (Sevilla, Granada y M\u00e1laga) y 18,00 en el resto de las ciudades.<\/p>\n<p>Los conciertos de la presente gira de <b>Inconscientes<\/b>, ser\u00e1n abiertos por <b>The Meatpies<\/b> (Murcia); <b>Vuelo 505<\/b> (Valencia, Barcelona y Madrid) y <b>Terral<\/b>, quienes abrir\u00e1n las citas de Sevilla, Granada y M\u00e1laga.<\/p>\n<p><i>No somos viento<\/i> cuenta con las colaboraciones de <b>Fito Cabrales<\/b>, <b>Carlos Tarque<\/b> y <b>Kutxi Romero<\/b>; con este disco la banda de <i>Uoho<\/i> nos sorprende como nunca hizo anteriormente, brind\u00e1ndonos una aut\u00e9ntica joya digna del mejor rock americano hecho en Espa\u00f1a.<\/p>\n","protected":false},"excerpt":{"rendered":"<p>Es un placer anunciar que Inconscientes, grupo fundado en 2006 por el legendario I\u00f1aki Uoho Ant\u00f3n (guitarrista de Platero y T\u00fa y Extremoduro), saldr\u00e1n pr\u00f3ximamente de gira por Espa\u00f1a con el fin de presentar su \u00faltimo trabajo, No somos viento; el disco, adem\u00e1s, ya est\u00e1 desde hoy viernes disponible en vinilo. Para celebrar el lanzamiento [&hellip;]<\/p>\n","protected":false},"author":3,"featured_media":5721,"comment_status":"closed","ping_status":"open","sticky":false,"template":"","format":"standard","meta":[],"categories":[417],"tags":[44,252,799,43,355,710,225,60],"yoast_head":"<!-- This site is optimized with the Yoast SEO plugin v16.5 - https:\/\/yoast.com\/wordpress\/plugins\/seo\/ -->\n<title>Inconscientes saldr\u00e1n de gira para presentar &quot;No somos viento&quot;<\/title>\n<meta name=\"description\" content=\"Es un placer anunciar que Inconscientes, grupo fundado en 2006 por el legendario I\u00f1aki Uoho Ant\u00f3n (guitarrista de Platero y T\u00fa y Extremoduro), saldr\u00e1n pr\u00f3ximamente de gira por Espa\u00f1a con el fin de presentar su \u00faltimo trabajo, No somos viento; el disco, adem\u00e1s, ya est\u00e1 desde hoy viernes disponible en vinilo.\" \/>\n<meta name=\"robots\" content=\"index, follow, max-snippet:-1, max-image-preview:large, max-video-preview:-1\" \/>\n<link rel=\"canonical\" href=\"https:\/\/eldromedariorecords.com\/web\/inconscientes-saldran-de-gira-para-presentar-no-somos-viento-disco-ya-disponible-en-vinilo\/\" \/>\n<meta property=\"og:locale\" content=\"es_ES\" \/>\n<meta property=\"og:type\" content=\"article\" \/>\n<meta property=\"og:title\" content=\"Inconscientes saldr\u00e1n de gira para presentar &quot;No somos viento&quot;\" \/>\n<meta property=\"og:description\" content=\"Es un placer anunciar que Inconscientes, grupo fundado en 2006 por el legendario I\u00f1aki Uoho Ant\u00f3n (guitarrista de Platero y T\u00fa y Extremoduro), saldr\u00e1n pr\u00f3ximamente de gira por Espa\u00f1a con el fin de presentar su \u00faltimo trabajo, No somos viento; el disco, adem\u00e1s, ya est\u00e1 desde hoy viernes disponible en vinilo.\" \/>\n<meta property=\"og:url\" content=\"https:\/\/eldromedariorecords.com\/web\/inconscientes-saldran-de-gira-para-presentar-no-somos-viento-disco-ya-disponible-en-vinilo\/\" \/>\n<meta property=\"og:site_name\" content=\"El Dromedario Records\" \/>\n<meta property=\"article:published_time\" content=\"2018-09-07T10:55:40+00:00\" \/>\n<meta property=\"og:image\" content=\"https:\/\/eldromedariorecords.melboss.com\/web\/wp-content\/uploads\/2018\/09\/cartel-inconscientes-gira-no-somos-viento-1.jpg\" \/>\n\t<meta property=\"og:image:width\" content=\"1000\" \/>\n\t<meta property=\"og:image:height\" content=\"1400\" \/>\n<meta name=\"twitter:card\" content=\"summary\" \/>\n<meta name=\"twitter:label1\" content=\"Tiempo de lectura\" \/>\n\t<meta name=\"twitter:data1\" content=\"1 minuto\" \/>\n<script type=\"application\/ld+json\" class=\"yoast-schema-graph\">{\"@context\":\"https:\/\/schema.org\",\"@graph\":[{\"@type\":\"Organization\",\"@id\":\"https:\/\/eldromedariorecords.com\/web\/#organization\",\"name\":\"El Dromedario Records\",\"url\":\"https:\/\/eldromedariorecords.com\/web\/\",\"sameAs\":[],\"logo\":{\"@type\":\"ImageObject\",\"@id\":\"https:\/\/eldromedariorecords.com\/web\/#logo\",\"inLanguage\":\"es\",\"url\":\"https:\/\/eldromedariorecords.melboss.com\/web\/wp-content\/uploads\/2021\/06\/logo-dromedario-negro.png\",\"contentUrl\":\"https:\/\/eldromedariorecords.melboss.com\/web\/wp-content\/uploads\/2021\/06\/logo-dromedario-negro.png\",\"width\":800,\"height\":624,\"caption\":\"El Dromedario Records\"},\"image\":{\"@id\":\"https:\/\/eldromedariorecords.com\/web\/#logo\"}},{\"@type\":\"WebSite\",\"@id\":\"https:\/\/eldromedariorecords.com\/web\/#website\",\"url\":\"https:\/\/eldromedariorecords.com\/web\/\",\"name\":\"El Dromedario Records\",\"description\":\"Discogr\\u00e1fica El Dromedario Records\",\"publisher\":{\"@id\":\"https:\/\/eldromedariorecords.com\/web\/#organization\"},\"potentialAction\":[{\"@type\":\"SearchAction\",\"target\":\"https:\/\/eldromedariorecords.com\/web\/?s={search_term_string}\",\"query-input\":\"required name=search_term_string\"}],\"inLanguage\":\"es\"},{\"@type\":\"ImageObject\",\"@id\":\"https:\/\/eldromedariorecords.com\/web\/inconscientes-saldran-de-gira-para-presentar-no-somos-viento-disco-ya-disponible-en-vinilo\/#primaryimage\",\"inLanguage\":\"es\",\"url\":\"https:\/\/eldromedariorecords.com\/web\/wp-content\/uploads\/2018\/09\/cartel-inconscientes-gira-no-somos-viento-1.jpg\",\"contentUrl\":\"https:\/\/eldromedariorecords.com\/web\/wp-content\/uploads\/2018\/09\/cartel-inconscientes-gira-no-somos-viento-1.jpg\",\"width\":1000,\"height\":1400},{\"@type\":\"WebPage\",\"@id\":\"https:\/\/eldromedariorecords.com\/web\/inconscientes-saldran-de-gira-para-presentar-no-somos-viento-disco-ya-disponible-en-vinilo\/#webpage\",\"url\":\"https:\/\/eldromedariorecords.com\/web\/inconscientes-saldran-de-gira-para-presentar-no-somos-viento-disco-ya-disponible-en-vinilo\/\",\"name\":\"Inconscientes saldr\\u00e1n de gira para presentar \\\"No somos viento\\\"\",\"isPartOf\":{\"@id\":\"https:\/\/eldromedariorecords.com\/web\/#website\"},\"primaryImageOfPage\":{\"@id\":\"https:\/\/eldromedariorecords.com\/web\/inconscientes-saldran-de-gira-para-presentar-no-somos-viento-disco-ya-disponible-en-vinilo\/#primaryimage\"},\"datePublished\":\"2018-09-07T10:55:40+00:00\",\"dateModified\":\"2018-09-07T10:55:40+00:00\",\"description\":\"Es un placer anunciar que Inconscientes, grupo fundado en 2006 por el legendario I\\u00f1aki Uoho Ant\\u00f3n (guitarrista de Platero y T\\u00fa y Extremoduro), saldr\\u00e1n pr\\u00f3ximamente de gira por Espa\\u00f1a con el fin de presentar su \\u00faltimo trabajo, No somos viento; el disco, adem\\u00e1s, ya est\\u00e1 desde hoy viernes disponible en vinilo.\",\"breadcrumb\":{\"@id\":\"https:\/\/eldromedariorecords.com\/web\/inconscientes-saldran-de-gira-para-presentar-no-somos-viento-disco-ya-disponible-en-vinilo\/#breadcrumb\"},\"inLanguage\":\"es\",\"potentialAction\":[{\"@type\":\"ReadAction\",\"target\":[\"https:\/\/eldromedariorecords.com\/web\/inconscientes-saldran-de-gira-para-presentar-no-somos-viento-disco-ya-disponible-en-vinilo\/\"]}]},{\"@type\":\"BreadcrumbList\",\"@id\":\"https:\/\/eldromedariorecords.com\/web\/inconscientes-saldran-de-gira-para-presentar-no-somos-viento-disco-ya-disponible-en-vinilo\/#breadcrumb\",\"itemListElement\":[{\"@type\":\"ListItem\",\"position\":1,\"name\":\"Portada\",\"item\":\"https:\/\/eldromedariorecords.com\/web\/inicio\/\"},{\"@type\":\"ListItem\",\"position\":2,\"name\":\"Inconscientes saldr\\u00e1n de gira para presentar \\u00abNo somos viento\\u00bb: \\u00a1Disco ya disponible en vinilo!\"}]},{\"@type\":\"Article\",\"@id\":\"https:\/\/eldromedariorecords.com\/web\/inconscientes-saldran-de-gira-para-presentar-no-somos-viento-disco-ya-disponible-en-vinilo\/#article\",\"isPartOf\":{\"@id\":\"https:\/\/eldromedariorecords.com\/web\/inconscientes-saldran-de-gira-para-presentar-no-somos-viento-disco-ya-disponible-en-vinilo\/#webpage\"},\"author\":{\"@id\":\"https:\/\/eldromedariorecords.com\/web\/#\/schema\/person\/71690da9dcd1ce3d7409664303024b87\"},\"headline\":\"Inconscientes saldr\\u00e1n de gira para presentar \\u00abNo somos viento\\u00bb: \\u00a1Disco ya disponible en vinilo!\",\"datePublished\":\"2018-09-07T10:55:40+00:00\",\"dateModified\":\"2018-09-07T10:55:40+00:00\",\"mainEntityOfPage\":{\"@id\":\"https:\/\/eldromedariorecords.com\/web\/inconscientes-saldran-de-gira-para-presentar-no-somos-viento-disco-ya-disponible-en-vinilo\/#webpage\"},\"wordCount\":266,\"publisher\":{\"@id\":\"https:\/\/eldromedariorecords.com\/web\/#organization\"},\"image\":{\"@id\":\"https:\/\/eldromedariorecords.com\/web\/inconscientes-saldran-de-gira-para-presentar-no-somos-viento-disco-ya-disponible-en-vinilo\/#primaryimage\"},\"thumbnailUrl\":\"https:\/\/eldromedariorecords.com\/web\/wp-content\/uploads\/2018\/09\/cartel-inconscientes-gira-no-somos-viento-1.jpg\",\"keywords\":[\"Concierto\",\"directos\",\"Edici\\u00f3n vinilo\",\"Gira\",\"Inconscientes\",\"No somos viento\",\"Salas\",\"Vinilo\"],\"articleSection\":[\"Inconscientes\"],\"inLanguage\":\"es\"},{\"@type\":\"Person\",\"@id\":\"https:\/\/eldromedariorecords.com\/web\/#\/schema\/person\/71690da9dcd1ce3d7409664303024b87\",\"name\":\"Iosu\",\"image\":{\"@type\":\"ImageObject\",\"@id\":\"https:\/\/eldromedariorecords.com\/web\/#personlogo\",\"inLanguage\":\"es\",\"url\":\"https:\/\/secure.gravatar.com\/avatar\/4225fb5a2e5d3e2effd3ee240c8f8d9d?s=96&d=mm&r=g\",\"contentUrl\":\"https:\/\/secure.gravatar.com\/avatar\/4225fb5a2e5d3e2effd3ee240c8f8d9d?s=96&d=mm&r=g\",\"caption\":\"Iosu\"}}]}<\/script>\n<!-- \/ Yoast SEO plugin. -->","_links":{"self":[{"href":"https:\/\/eldromedariorecords.com\/web\/wp-json\/wp\/v2\/posts\/5726"}],"collection":[{"href":"https:\/\/eldromedariorecords.com\/web\/wp-json\/wp\/v2\/posts"}],"about":[{"href":"https:\/\/eldromedariorecords.com\/web\/wp-json\/wp\/v2\/types\/post"}],"author":[{"embeddable":true,"href":"https:\/\/eldromedariorecords.com\/web\/wp-json\/wp\/v2\/users\/3"}],"replies":[{"embeddable":true,"href":"https:\/\/eldromedariorecords.com\/web\/wp-json\/wp\/v2\/comments?post=5726"}],"version-history":[{"count":0,"href":"https:\/\/eldromedariorecords.com\/web\/wp-json\/wp\/v2\/posts\/5726\/revisions"}],"wp:featuredmedia":[{"embeddable":true,"href":"https:\/\/eldromedariorecords.com\/web\/wp-json\/wp\/v2\/media\/5721"}],"wp:attachment":[{"href":"https:\/\/eldromedariorecords.com\/web\/wp-json\/wp\/v2\/media?parent=5726"}],"wp:term":[{"taxonomy":"category","embeddable":true,"href":"https:\/\/eldromedariorecords.com\/web\/wp-json\/wp\/v2\/categories?post=5726"},{"taxonomy":"post_tag","embeddable":true,"href":"https:\/\/eldromedariorecords.com\/web\/wp-json\/wp\/v2\/tags?post=5726"}],"curies":[{"name":"wp","href":"https:\/\/api.w.org\/{rel}","templated":true}]}}