{"id":5406,"date":"2018-06-06T14:22:16","date_gmt":"2018-06-06T14:22:16","guid":{"rendered":"https:\/\/eldromedariorecords.com\/web\/?p=5406"},"modified":"2018-06-06T14:22:16","modified_gmt":"2018-06-06T14:22:16","slug":"festival-naciones-vuelo-505-vitoria","status":"publish","type":"post","link":"https:\/\/eldromedariorecords.com\/web\/festival-naciones-vuelo-505-vitoria\/","title":{"rendered":"Vuelo 505, en la 13\u00aa edici\u00f3n del Festival de las Naciones de Vitoria\/Gasteiz"},"content":{"rendered":"<p><img loading=\"lazy\" class=\"aligncenter size-full wp-image-5407\" src=\"https:\/\/eldromedariorecords.com\/web\/wp-content\/uploads\/2018\/06\/VUELO-505-FESTIVAL-DE-LAAS-NACIONES.jpg\" alt=\"\" width=\"800\" height=\"1143\" srcset=\"https:\/\/eldromedariorecords.com\/web\/wp-content\/uploads\/2018\/06\/VUELO-505-FESTIVAL-DE-LAAS-NACIONES.jpg 800w, https:\/\/eldromedariorecords.com\/web\/wp-content\/uploads\/2018\/06\/VUELO-505-FESTIVAL-DE-LAAS-NACIONES-210x300.jpg 210w, https:\/\/eldromedariorecords.com\/web\/wp-content\/uploads\/2018\/06\/VUELO-505-FESTIVAL-DE-LAAS-NACIONES-768x1097.jpg 768w, https:\/\/eldromedariorecords.com\/web\/wp-content\/uploads\/2018\/06\/VUELO-505-FESTIVAL-DE-LAAS-NACIONES-721x1030.jpg 721w, https:\/\/eldromedariorecords.com\/web\/wp-content\/uploads\/2018\/06\/VUELO-505-FESTIVAL-DE-LAAS-NACIONES-493x705.jpg 493w, https:\/\/eldromedariorecords.com\/web\/wp-content\/uploads\/2018\/06\/VUELO-505-FESTIVAL-DE-LAAS-NACIONES-450x643.jpg 450w\" sizes=\"(max-width: 800px) 100vw, 800px\" \/><\/p>\n<p>&nbsp;<\/p>\n<p>Vuelo 505, una de las sensaciones de este 2018, estar\u00e1n presentes en la 13\u00aa edici\u00f3n del Festival de las Naciones; la cita tendr\u00e1 lugar entre los d\u00edas 14 de junio y 8 de julio en la Nueva Plaza de la Constituci\u00f3n de Vitoria\/Gasteiz, con entrada gratuita. La actuaci\u00f3n de Vuelo 505 tendr\u00e1 lugar el s\u00e1bado 23 de junio a las 22:00 horas. Ten\u00e9is toda la informaci\u00f3n en este enlace,\u00a0<a href=\"http:\/\/www.festivaldelasnaciones.es\/\" target=\"_blank\" rel=\"noopener noreferrer\" data-saferedirecturl=\"https:\/\/www.google.com\/url?hl=es&amp;q=http:\/\/www.festivaldelasnaciones.es&amp;source=gmail&amp;ust=1528379343623000&amp;usg=AFQjCNHmS9Wb77xlBiwQ5YYhgNobnWUD9A\">www.<wbr \/>festivaldelasnaciones.es<\/a><\/p>\n","protected":false},"excerpt":{"rendered":"<p>&nbsp; Vuelo 505, una de las sensaciones de este 2018, estar\u00e1n presentes en la 13\u00aa edici\u00f3n del Festival de las Naciones; la cita tendr\u00e1 lugar entre los d\u00edas 14 de junio y 8 de julio en la Nueva Plaza de la Constituci\u00f3n de Vitoria\/Gasteiz, con entrada gratuita. La actuaci\u00f3n de Vuelo 505 tendr\u00e1 lugar el [&hellip;]<\/p>\n","protected":false},"author":3,"featured_media":5407,"comment_status":"closed","ping_status":"open","sticky":false,"template":"","format":"standard","meta":[],"categories":[672,669],"tags":[588,762,763,680,67],"yoast_head":"<!-- This site is optimized with the Yoast SEO plugin v16.5 - https:\/\/yoast.com\/wordpress\/plugins\/seo\/ -->\n<title>Vuelo 505 en la 13\u00aa edici\u00f3n del Festival de las Naciones de Vitoria\/Gasteiz<\/title>\n<meta name=\"description\" content=\"Vuelo 505, una de las sensaciones de este 2018, estar\u00e1n presentes en la 13\u00aa edici\u00f3n del Festival de las Naciones; la cita tendr\u00e1 lugar entre los d\u00edas 14 de junio y 8 de julio en la Nueva Plaza de la Constituci\u00f3n de Vitoria\/Gasteiz, con entrada gratuita.\" \/>\n<meta name=\"robots\" content=\"index, follow, max-snippet:-1, max-image-preview:large, max-video-preview:-1\" \/>\n<link rel=\"canonical\" href=\"https:\/\/eldromedariorecords.com\/web\/festival-naciones-vuelo-505-vitoria\/\" \/>\n<meta property=\"og:locale\" content=\"es_ES\" \/>\n<meta property=\"og:type\" content=\"article\" \/>\n<meta property=\"og:title\" content=\"Vuelo 505 en la 13\u00aa edici\u00f3n del Festival de las Naciones de Vitoria\/Gasteiz\" \/>\n<meta property=\"og:description\" content=\"Vuelo 505, una de las sensaciones de este 2018, estar\u00e1n presentes en la 13\u00aa edici\u00f3n del Festival de las Naciones; la cita tendr\u00e1 lugar entre los d\u00edas 14 de junio y 8 de julio en la Nueva Plaza de la Constituci\u00f3n de Vitoria\/Gasteiz, con entrada gratuita.\" \/>\n<meta property=\"og:url\" content=\"https:\/\/eldromedariorecords.com\/web\/festival-naciones-vuelo-505-vitoria\/\" \/>\n<meta property=\"og:site_name\" content=\"El Dromedario Records\" \/>\n<meta property=\"article:published_time\" content=\"2018-06-06T14:22:16+00:00\" \/>\n<meta property=\"og:image\" content=\"https:\/\/eldromedariorecords.melboss.com\/web\/wp-content\/uploads\/2018\/06\/VUELO-505-FESTIVAL-DE-LAAS-NACIONES.jpg\" \/>\n\t<meta property=\"og:image:width\" content=\"800\" \/>\n\t<meta property=\"og:image:height\" content=\"1143\" \/>\n<meta name=\"twitter:card\" content=\"summary\" \/>\n<script type=\"application\/ld+json\" class=\"yoast-schema-graph\">{\"@context\":\"https:\/\/schema.org\",\"@graph\":[{\"@type\":\"Organization\",\"@id\":\"https:\/\/eldromedariorecords.com\/web\/#organization\",\"name\":\"El Dromedario Records\",\"url\":\"https:\/\/eldromedariorecords.com\/web\/\",\"sameAs\":[],\"logo\":{\"@type\":\"ImageObject\",\"@id\":\"https:\/\/eldromedariorecords.com\/web\/#logo\",\"inLanguage\":\"es\",\"url\":\"https:\/\/eldromedariorecords.melboss.com\/web\/wp-content\/uploads\/2021\/06\/logo-dromedario-negro.png\",\"contentUrl\":\"https:\/\/eldromedariorecords.melboss.com\/web\/wp-content\/uploads\/2021\/06\/logo-dromedario-negro.png\",\"width\":800,\"height\":624,\"caption\":\"El Dromedario Records\"},\"image\":{\"@id\":\"https:\/\/eldromedariorecords.com\/web\/#logo\"}},{\"@type\":\"WebSite\",\"@id\":\"https:\/\/eldromedariorecords.com\/web\/#website\",\"url\":\"https:\/\/eldromedariorecords.com\/web\/\",\"name\":\"El Dromedario Records\",\"description\":\"Discogr\\u00e1fica El Dromedario Records\",\"publisher\":{\"@id\":\"https:\/\/eldromedariorecords.com\/web\/#organization\"},\"potentialAction\":[{\"@type\":\"SearchAction\",\"target\":\"https:\/\/eldromedariorecords.com\/web\/?s={search_term_string}\",\"query-input\":\"required name=search_term_string\"}],\"inLanguage\":\"es\"},{\"@type\":\"ImageObject\",\"@id\":\"https:\/\/eldromedariorecords.com\/web\/festival-naciones-vuelo-505-vitoria\/#primaryimage\",\"inLanguage\":\"es\",\"url\":\"https:\/\/eldromedariorecords.com\/web\/wp-content\/uploads\/2018\/06\/VUELO-505-FESTIVAL-DE-LAAS-NACIONES.jpg\",\"contentUrl\":\"https:\/\/eldromedariorecords.com\/web\/wp-content\/uploads\/2018\/06\/VUELO-505-FESTIVAL-DE-LAAS-NACIONES.jpg\",\"width\":800,\"height\":1143},{\"@type\":\"WebPage\",\"@id\":\"https:\/\/eldromedariorecords.com\/web\/festival-naciones-vuelo-505-vitoria\/#webpage\",\"url\":\"https:\/\/eldromedariorecords.com\/web\/festival-naciones-vuelo-505-vitoria\/\",\"name\":\"Vuelo 505 en la 13\\u00aa edici\\u00f3n del Festival de las Naciones de Vitoria\/Gasteiz\",\"isPartOf\":{\"@id\":\"https:\/\/eldromedariorecords.com\/web\/#website\"},\"primaryImageOfPage\":{\"@id\":\"https:\/\/eldromedariorecords.com\/web\/festival-naciones-vuelo-505-vitoria\/#primaryimage\"},\"datePublished\":\"2018-06-06T14:22:16+00:00\",\"dateModified\":\"2018-06-06T14:22:16+00:00\",\"description\":\"Vuelo 505, una de las sensaciones de este 2018, estar\\u00e1n presentes en la 13\\u00aa edici\\u00f3n del Festival de las Naciones; la cita tendr\\u00e1 lugar entre los d\\u00edas 14 de junio y 8 de julio en la Nueva Plaza de la Constituci\\u00f3n de Vitoria\/Gasteiz, con entrada gratuita.\",\"breadcrumb\":{\"@id\":\"https:\/\/eldromedariorecords.com\/web\/festival-naciones-vuelo-505-vitoria\/#breadcrumb\"},\"inLanguage\":\"es\",\"potentialAction\":[{\"@type\":\"ReadAction\",\"target\":[\"https:\/\/eldromedariorecords.com\/web\/festival-naciones-vuelo-505-vitoria\/\"]}]},{\"@type\":\"BreadcrumbList\",\"@id\":\"https:\/\/eldromedariorecords.com\/web\/festival-naciones-vuelo-505-vitoria\/#breadcrumb\",\"itemListElement\":[{\"@type\":\"ListItem\",\"position\":1,\"name\":\"Portada\",\"item\":\"https:\/\/eldromedariorecords.com\/web\/inicio\/\"},{\"@type\":\"ListItem\",\"position\":2,\"name\":\"Vuelo 505, en la 13\\u00aa edici\\u00f3n del Festival de las Naciones de Vitoria\/Gasteiz\"}]},{\"@type\":\"Article\",\"@id\":\"https:\/\/eldromedariorecords.com\/web\/festival-naciones-vuelo-505-vitoria\/#article\",\"isPartOf\":{\"@id\":\"https:\/\/eldromedariorecords.com\/web\/festival-naciones-vuelo-505-vitoria\/#webpage\"},\"author\":{\"@id\":\"https:\/\/eldromedariorecords.com\/web\/#\/schema\/person\/71690da9dcd1ce3d7409664303024b87\"},\"headline\":\"Vuelo 505, en la 13\\u00aa edici\\u00f3n del Festival de las Naciones de Vitoria\/Gasteiz\",\"datePublished\":\"2018-06-06T14:22:16+00:00\",\"dateModified\":\"2018-06-06T14:22:16+00:00\",\"mainEntityOfPage\":{\"@id\":\"https:\/\/eldromedariorecords.com\/web\/festival-naciones-vuelo-505-vitoria\/#webpage\"},\"wordCount\":87,\"publisher\":{\"@id\":\"https:\/\/eldromedariorecords.com\/web\/#organization\"},\"image\":{\"@id\":\"https:\/\/eldromedariorecords.com\/web\/festival-naciones-vuelo-505-vitoria\/#primaryimage\"},\"thumbnailUrl\":\"https:\/\/eldromedariorecords.com\/web\/wp-content\/uploads\/2018\/06\/VUELO-505-FESTIVAL-DE-LAAS-NACIONES.jpg\",\"keywords\":[\"2018\",\"Festival de las naciones\",\"Gasteiz\",\"Vitoria\",\"Vuelo 505\"],\"articleSection\":[\"Conciertos\",\"Vuelo 505\"],\"inLanguage\":\"es\"},{\"@type\":\"Person\",\"@id\":\"https:\/\/eldromedariorecords.com\/web\/#\/schema\/person\/71690da9dcd1ce3d7409664303024b87\",\"name\":\"Iosu\",\"image\":{\"@type\":\"ImageObject\",\"@id\":\"https:\/\/eldromedariorecords.com\/web\/#personlogo\",\"inLanguage\":\"es\",\"url\":\"https:\/\/secure.gravatar.com\/avatar\/4225fb5a2e5d3e2effd3ee240c8f8d9d?s=96&d=mm&r=g\",\"contentUrl\":\"https:\/\/secure.gravatar.com\/avatar\/4225fb5a2e5d3e2effd3ee240c8f8d9d?s=96&d=mm&r=g\",\"caption\":\"Iosu\"}}]}<\/script>\n<!-- \/ Yoast SEO plugin. -->","_links":{"self":[{"href":"https:\/\/eldromedariorecords.com\/web\/wp-json\/wp\/v2\/posts\/5406"}],"collection":[{"href":"https:\/\/eldromedariorecords.com\/web\/wp-json\/wp\/v2\/posts"}],"about":[{"href":"https:\/\/eldromedariorecords.com\/web\/wp-json\/wp\/v2\/types\/post"}],"author":[{"embeddable":true,"href":"https:\/\/eldromedariorecords.com\/web\/wp-json\/wp\/v2\/users\/3"}],"replies":[{"embeddable":true,"href":"https:\/\/eldromedariorecords.com\/web\/wp-json\/wp\/v2\/comments?post=5406"}],"version-history":[{"count":0,"href":"https:\/\/eldromedariorecords.com\/web\/wp-json\/wp\/v2\/posts\/5406\/revisions"}],"wp:featuredmedia":[{"embeddable":true,"href":"https:\/\/eldromedariorecords.com\/web\/wp-json\/wp\/v2\/media\/5407"}],"wp:attachment":[{"href":"https:\/\/eldromedariorecords.com\/web\/wp-json\/wp\/v2\/media?parent=5406"}],"wp:term":[{"taxonomy":"category","embeddable":true,"href":"https:\/\/eldromedariorecords.com\/web\/wp-json\/wp\/v2\/categories?post=5406"},{"taxonomy":"post_tag","embeddable":true,"href":"https:\/\/eldromedariorecords.com\/web\/wp-json\/wp\/v2\/tags?post=5406"}],"curies":[{"name":"wp","href":"https:\/\/api.w.org\/{rel}","templated":true}]}}