{"id":53744,"date":"2026-04-30T16:15:41","date_gmt":"2026-04-30T14:15:41","guid":{"rendered":"https:\/\/eldromedariorecords.com\/web\/?p=53744"},"modified":"2026-04-30T16:15:45","modified_gmt":"2026-04-30T14:15:45","slug":"ciclonautas-arrancan-gira-y-estrenan-nuevo-videoclip-banderas-negras","status":"publish","type":"post","link":"https:\/\/eldromedariorecords.com\/web\/ciclonautas-arrancan-gira-y-estrenan-nuevo-videoclip-banderas-negras\/","title":{"rendered":"Ciclonautas arrancan gira y estrenan nuevo videoclip \u201cBanderas negras\u201d"},"content":{"rendered":"\n<figure class=\"wp-block-image size-large\"><a href=\"https:\/\/www.ciclonautas.net\/es\/home\"><img loading=\"lazy\" width=\"1195\" height=\"1500\" src=\"https:\/\/eldromedariorecords.com\/web\/wp-content\/uploads\/2026\/04\/NUEVAS-FECHAS-CICLONAUTAS-1195x1500.png\" alt=\"\" class=\"wp-image-53745\" srcset=\"https:\/\/eldromedariorecords.com\/web\/wp-content\/uploads\/2026\/04\/NUEVAS-FECHAS-CICLONAUTAS-1195x1500.png 1195w, https:\/\/eldromedariorecords.com\/web\/wp-content\/uploads\/2026\/04\/NUEVAS-FECHAS-CICLONAUTAS-239x300.png 239w, https:\/\/eldromedariorecords.com\/web\/wp-content\/uploads\/2026\/04\/NUEVAS-FECHAS-CICLONAUTAS-768x964.png 768w, https:\/\/eldromedariorecords.com\/web\/wp-content\/uploads\/2026\/04\/NUEVAS-FECHAS-CICLONAUTAS-1224x1536.png 1224w, https:\/\/eldromedariorecords.com\/web\/wp-content\/uploads\/2026\/04\/NUEVAS-FECHAS-CICLONAUTAS-562x705.png 562w, https:\/\/eldromedariorecords.com\/web\/wp-content\/uploads\/2026\/04\/NUEVAS-FECHAS-CICLONAUTAS.png 1442w\" sizes=\"(max-width: 1195px) 100vw, 1195px\" \/><\/a><\/figure>\n\n\n\n<p>Tras sus recientes nominaciones en los Premios de la Academia de la M\u00fasica (\u201cEcdisis\u201d, mejor disco de Rock, y \u201cHuellas\u201d, mejor canci\u00f3n de rock), <a href=\"https:\/\/www.ciclonautas.net\/es\/home\">Ciclonautas <\/a>presentan nuevo videoclip para el tema \u201cBanderas negras\u201d.\u00a0<\/p>\n\n\n\n<p>&nbsp;\u201cBanderas negras\u201d presenta a los Ciclonautas m\u00e1s introspectivos y cercanos que nunca, con Mai en primer plano acariciando con las cuerdas de su guitarra el desgarrador latido de la canci\u00f3n; y lo hace reflexionando entre met\u00e1foras, con crudeza, sobre las guerras entre personas y sus relaciones, exponiendo expl\u00edcitamente: que dos no discuten si uno no quiere. Coincidiendo actualmente, &nbsp;en un contexto mundial, marcado por un indisimulable ambiente belicista en constante y continua escalada por meros intereses cremat\u00edsticos.&nbsp;<\/p>\n\n\n\n<p>La canci\u00f3n fluye a un ritmo pausado y reposado, mostr\u00e1ndose &nbsp;riqu\u00edsima en im\u00e1genes.&nbsp;<\/p>\n\n\n\n<p>\u201cBanderas negras\u201d: pasi\u00f3n e intensidad de por medio, no cabe duda de que es hora de pintar de blanco las banderas negras y de arriarlas definitivamente.<\/p>\n\n\n\n<p>Una vez m\u00e1s, el sacacorchos que luce Ciclonautas por bandera perfor\u00f3 tierra f\u00e9rtil, profundizando con acierto en aras de encontrar nuevos estratos sonoros con marcada querencia hacia el desert rock y el Stoner; materializando de este modo el atmosf\u00e9rico tr\u00edo un nuevo cap\u00edtulo de su personal concepci\u00f3n del rock, musculosos riffs de por medio, buqu\u00e9 propio desafiante en las canciones y sorprendentes afinaciones: algo que no cabe duda de que Mai, \u2018Txo\u2019 y Al\u00e9n, han conseguido una vez m\u00e1s; versatilidad y magnetismo en esta obra .\u00a0<\/p>\n\n\n\n<figure class=\"wp-block-embed is-type-video is-provider-youtube wp-block-embed-youtube wp-embed-aspect-16-9 wp-has-aspect-ratio\"><div class=\"wp-block-embed__wrapper\">\n<div class='avia-iframe-wrap'><iframe loading=\"lazy\" title=\"Ciclonautas - Banderas negras\" width=\"1500\" height=\"844\" src=\"https:\/\/www.youtube.com\/embed\/AXlZpeRMthk?feature=oembed\" frameborder=\"0\" allow=\"accelerometer; autoplay; clipboard-write; encrypted-media; gyroscope; picture-in-picture; web-share\" referrerpolicy=\"strict-origin-when-cross-origin\" allowfullscreen><\/iframe><\/div>\n<\/div><\/figure>\n\n\n\n<p>Imprescindibles desde su formaci\u00f3n en los principales festivales de verano a ambos lados del Atl\u00e1ntico he aqu\u00ed a Ciclonautas dispuestos a seguir una nueva temporada cerrando fechas y marcando territorio.&nbsp;<\/p>\n\n\n\n<p>El d\u00eda 8 de mayo arrancar\u00e1n gira en Pamplona con Loquillo, y ya est\u00e1n anunciados entre otros festivales en\u00a0Argentina Vibra 2026 (M\u00e1laga, M\u00e1laga F\u00f3rum,22 de mayo); Barcelona (Poble Espanyol, 23 de mayo) y Madrid, Autocine, 24 de mayo; Resurrection Fest, Viveiro, 1\/4 julio, o el FIB, Benic\u00e0ssim,16\/18 de junio o Granada Sound el 12 de septiembre.<\/p>\n\n\n\n<figure class=\"wp-block-image size-large\"><a href=\"https:\/\/www.ciclonautas.net\/es\/home\"><img loading=\"lazy\" width=\"1500\" height=\"1000\" src=\"https:\/\/eldromedariorecords.com\/web\/wp-content\/uploads\/2026\/04\/IMAGEN-CICLONAUTAS-1500x1000.jpg\" alt=\"\" class=\"wp-image-53746\" srcset=\"https:\/\/eldromedariorecords.com\/web\/wp-content\/uploads\/2026\/04\/IMAGEN-CICLONAUTAS-1500x1000.jpg 1500w, https:\/\/eldromedariorecords.com\/web\/wp-content\/uploads\/2026\/04\/IMAGEN-CICLONAUTAS-300x200.jpg 300w, https:\/\/eldromedariorecords.com\/web\/wp-content\/uploads\/2026\/04\/IMAGEN-CICLONAUTAS-768x512.jpg 768w, https:\/\/eldromedariorecords.com\/web\/wp-content\/uploads\/2026\/04\/IMAGEN-CICLONAUTAS-1536x1024.jpg 1536w, https:\/\/eldromedariorecords.com\/web\/wp-content\/uploads\/2026\/04\/IMAGEN-CICLONAUTAS-2048x1365.jpg 2048w, https:\/\/eldromedariorecords.com\/web\/wp-content\/uploads\/2026\/04\/IMAGEN-CICLONAUTAS-705x470.jpg 705w\" sizes=\"(max-width: 1500px) 100vw, 1500px\" \/><\/a><\/figure>\n","protected":false},"excerpt":{"rendered":"<p>Tras sus recientes nominaciones en los Premios de la Academia de la M\u00fasica (\u201cEcdisis\u201d, mejor disco de Rock, y \u201cHuellas\u201d, mejor canci\u00f3n de rock), Ciclonautas presentan nuevo videoclip para el tema \u201cBanderas negras\u201d.\u00a0 &nbsp;\u201cBanderas negras\u201d presenta a los Ciclonautas m\u00e1s introspectivos y cercanos que nunca, con Mai en primer plano acariciando con las cuerdas de [&hellip;]<\/p>\n","protected":false},"author":14,"featured_media":53745,"comment_status":"closed","ping_status":"open","sticky":false,"template":"","format":"standard","meta":[],"categories":[35],"tags":[100,1803,27,1675,1739,157,121],"yoast_head":"<!-- This site is optimized with the Yoast SEO plugin v16.5 - https:\/\/yoast.com\/wordpress\/plugins\/seo\/ -->\n<title>Ciclonautas arrancan gira y estrenan nuevo videoclip \u201cBanderas negras\u201d - El Dromedario Records<\/title>\n<meta name=\"robots\" content=\"index, follow, max-snippet:-1, max-image-preview:large, max-video-preview:-1\" \/>\n<link rel=\"canonical\" href=\"https:\/\/eldromedariorecords.com\/web\/ciclonautas-arrancan-gira-y-estrenan-nuevo-videoclip-banderas-negras\/\" \/>\n<meta property=\"og:locale\" content=\"es_ES\" \/>\n<meta property=\"og:type\" content=\"article\" \/>\n<meta property=\"og:title\" content=\"Ciclonautas arrancan gira y estrenan nuevo videoclip \u201cBanderas negras\u201d - El Dromedario Records\" \/>\n<meta property=\"og:description\" content=\"Tras sus recientes nominaciones en los Premios de la Academia de la M\u00fasica (\u201cEcdisis\u201d, mejor disco de Rock, y \u201cHuellas\u201d, mejor canci\u00f3n de rock), Ciclonautas presentan nuevo videoclip para el tema \u201cBanderas negras\u201d.\u00a0 &nbsp;\u201cBanderas negras\u201d presenta a los Ciclonautas m\u00e1s introspectivos y cercanos que nunca, con Mai en primer plano acariciando con las cuerdas de [&hellip;]\" \/>\n<meta property=\"og:url\" content=\"https:\/\/eldromedariorecords.com\/web\/ciclonautas-arrancan-gira-y-estrenan-nuevo-videoclip-banderas-negras\/\" \/>\n<meta property=\"og:site_name\" content=\"El Dromedario Records\" \/>\n<meta property=\"article:published_time\" content=\"2026-04-30T14:15:41+00:00\" \/>\n<meta property=\"article:modified_time\" content=\"2026-04-30T14:15:45+00:00\" \/>\n<meta property=\"og:image\" content=\"https:\/\/eldromedariorecords.com\/web\/wp-content\/uploads\/2026\/04\/NUEVAS-FECHAS-CICLONAUTAS-768x964.png\" \/>\n\t<meta property=\"og:image:width\" content=\"768\" \/>\n\t<meta property=\"og:image:height\" content=\"964\" \/>\n<meta name=\"twitter:card\" content=\"summary\" \/>\n<meta name=\"twitter:label1\" content=\"Tiempo de lectura\" \/>\n\t<meta name=\"twitter:data1\" content=\"2 minutos\" \/>\n<script type=\"application\/ld+json\" class=\"yoast-schema-graph\">{\"@context\":\"https:\/\/schema.org\",\"@graph\":[{\"@type\":\"Organization\",\"@id\":\"https:\/\/eldromedariorecords.com\/web\/#organization\",\"name\":\"El Dromedario Records\",\"url\":\"https:\/\/eldromedariorecords.com\/web\/\",\"sameAs\":[],\"logo\":{\"@type\":\"ImageObject\",\"@id\":\"https:\/\/eldromedariorecords.com\/web\/#logo\",\"inLanguage\":\"es\",\"url\":\"https:\/\/eldromedariorecords.melboss.com\/web\/wp-content\/uploads\/2021\/06\/logo-dromedario-negro.png\",\"contentUrl\":\"https:\/\/eldromedariorecords.melboss.com\/web\/wp-content\/uploads\/2021\/06\/logo-dromedario-negro.png\",\"width\":800,\"height\":624,\"caption\":\"El Dromedario Records\"},\"image\":{\"@id\":\"https:\/\/eldromedariorecords.com\/web\/#logo\"}},{\"@type\":\"WebSite\",\"@id\":\"https:\/\/eldromedariorecords.com\/web\/#website\",\"url\":\"https:\/\/eldromedariorecords.com\/web\/\",\"name\":\"El Dromedario Records\",\"description\":\"Discogr\\u00e1fica El Dromedario Records\",\"publisher\":{\"@id\":\"https:\/\/eldromedariorecords.com\/web\/#organization\"},\"potentialAction\":[{\"@type\":\"SearchAction\",\"target\":\"https:\/\/eldromedariorecords.com\/web\/?s={search_term_string}\",\"query-input\":\"required name=search_term_string\"}],\"inLanguage\":\"es\"},{\"@type\":\"ImageObject\",\"@id\":\"https:\/\/eldromedariorecords.com\/web\/ciclonautas-arrancan-gira-y-estrenan-nuevo-videoclip-banderas-negras\/#primaryimage\",\"inLanguage\":\"es\",\"url\":\"https:\/\/eldromedariorecords.com\/web\/wp-content\/uploads\/2026\/04\/NUEVAS-FECHAS-CICLONAUTAS.png\",\"contentUrl\":\"https:\/\/eldromedariorecords.com\/web\/wp-content\/uploads\/2026\/04\/NUEVAS-FECHAS-CICLONAUTAS.png\",\"width\":1442,\"height\":1810},{\"@type\":\"WebPage\",\"@id\":\"https:\/\/eldromedariorecords.com\/web\/ciclonautas-arrancan-gira-y-estrenan-nuevo-videoclip-banderas-negras\/#webpage\",\"url\":\"https:\/\/eldromedariorecords.com\/web\/ciclonautas-arrancan-gira-y-estrenan-nuevo-videoclip-banderas-negras\/\",\"name\":\"Ciclonautas arrancan gira y estrenan nuevo videoclip \\u201cBanderas negras\\u201d - El Dromedario Records\",\"isPartOf\":{\"@id\":\"https:\/\/eldromedariorecords.com\/web\/#website\"},\"primaryImageOfPage\":{\"@id\":\"https:\/\/eldromedariorecords.com\/web\/ciclonautas-arrancan-gira-y-estrenan-nuevo-videoclip-banderas-negras\/#primaryimage\"},\"datePublished\":\"2026-04-30T14:15:41+00:00\",\"dateModified\":\"2026-04-30T14:15:45+00:00\",\"breadcrumb\":{\"@id\":\"https:\/\/eldromedariorecords.com\/web\/ciclonautas-arrancan-gira-y-estrenan-nuevo-videoclip-banderas-negras\/#breadcrumb\"},\"inLanguage\":\"es\",\"potentialAction\":[{\"@type\":\"ReadAction\",\"target\":[\"https:\/\/eldromedariorecords.com\/web\/ciclonautas-arrancan-gira-y-estrenan-nuevo-videoclip-banderas-negras\/\"]}]},{\"@type\":\"BreadcrumbList\",\"@id\":\"https:\/\/eldromedariorecords.com\/web\/ciclonautas-arrancan-gira-y-estrenan-nuevo-videoclip-banderas-negras\/#breadcrumb\",\"itemListElement\":[{\"@type\":\"ListItem\",\"position\":1,\"name\":\"Portada\",\"item\":\"https:\/\/eldromedariorecords.com\/web\/inicio\/\"},{\"@type\":\"ListItem\",\"position\":2,\"name\":\"Ciclonautas arrancan gira y estrenan nuevo videoclip \\u201cBanderas negras\\u201d\"}]},{\"@type\":\"Article\",\"@id\":\"https:\/\/eldromedariorecords.com\/web\/ciclonautas-arrancan-gira-y-estrenan-nuevo-videoclip-banderas-negras\/#article\",\"isPartOf\":{\"@id\":\"https:\/\/eldromedariorecords.com\/web\/ciclonautas-arrancan-gira-y-estrenan-nuevo-videoclip-banderas-negras\/#webpage\"},\"author\":{\"@id\":\"https:\/\/eldromedariorecords.com\/web\/#\/schema\/person\/f639b7071d87edc1576924eee06e6cf2\"},\"headline\":\"Ciclonautas arrancan gira y estrenan nuevo videoclip \\u201cBanderas negras\\u201d\",\"datePublished\":\"2026-04-30T14:15:41+00:00\",\"dateModified\":\"2026-04-30T14:15:45+00:00\",\"mainEntityOfPage\":{\"@id\":\"https:\/\/eldromedariorecords.com\/web\/ciclonautas-arrancan-gira-y-estrenan-nuevo-videoclip-banderas-negras\/#webpage\"},\"wordCount\":372,\"publisher\":{\"@id\":\"https:\/\/eldromedariorecords.com\/web\/#organization\"},\"image\":{\"@id\":\"https:\/\/eldromedariorecords.com\/web\/ciclonautas-arrancan-gira-y-estrenan-nuevo-videoclip-banderas-negras\/#primaryimage\"},\"thumbnailUrl\":\"https:\/\/eldromedariorecords.com\/web\/wp-content\/uploads\/2026\/04\/NUEVAS-FECHAS-CICLONAUTAS.png\",\"keywords\":[\"Al\\u00e9n Ayerdi\",\"Banderas negras\",\"Ciclonautas\",\"Nueva gira\",\"nuevo videoclip en directo\",\"rock argentino\",\"rock espa\\u00f1ol\"],\"articleSection\":[\"Ciclonautas\"],\"inLanguage\":\"es\"},{\"@type\":\"Person\",\"@id\":\"https:\/\/eldromedariorecords.com\/web\/#\/schema\/person\/f639b7071d87edc1576924eee06e6cf2\",\"name\":\"\\u00d3scar Beorlegui\",\"image\":{\"@type\":\"ImageObject\",\"@id\":\"https:\/\/eldromedariorecords.com\/web\/#personlogo\",\"inLanguage\":\"es\",\"url\":\"https:\/\/secure.gravatar.com\/avatar\/2ce90c1c25acabfd0a36e0402246756d?s=96&d=mm&r=g\",\"contentUrl\":\"https:\/\/secure.gravatar.com\/avatar\/2ce90c1c25acabfd0a36e0402246756d?s=96&d=mm&r=g\",\"caption\":\"\\u00d3scar Beorlegui\"}}]}<\/script>\n<!-- \/ Yoast SEO plugin. -->","_links":{"self":[{"href":"https:\/\/eldromedariorecords.com\/web\/wp-json\/wp\/v2\/posts\/53744"}],"collection":[{"href":"https:\/\/eldromedariorecords.com\/web\/wp-json\/wp\/v2\/posts"}],"about":[{"href":"https:\/\/eldromedariorecords.com\/web\/wp-json\/wp\/v2\/types\/post"}],"author":[{"embeddable":true,"href":"https:\/\/eldromedariorecords.com\/web\/wp-json\/wp\/v2\/users\/14"}],"replies":[{"embeddable":true,"href":"https:\/\/eldromedariorecords.com\/web\/wp-json\/wp\/v2\/comments?post=53744"}],"version-history":[{"count":1,"href":"https:\/\/eldromedariorecords.com\/web\/wp-json\/wp\/v2\/posts\/53744\/revisions"}],"predecessor-version":[{"id":53747,"href":"https:\/\/eldromedariorecords.com\/web\/wp-json\/wp\/v2\/posts\/53744\/revisions\/53747"}],"wp:featuredmedia":[{"embeddable":true,"href":"https:\/\/eldromedariorecords.com\/web\/wp-json\/wp\/v2\/media\/53745"}],"wp:attachment":[{"href":"https:\/\/eldromedariorecords.com\/web\/wp-json\/wp\/v2\/media?parent=53744"}],"wp:term":[{"taxonomy":"category","embeddable":true,"href":"https:\/\/eldromedariorecords.com\/web\/wp-json\/wp\/v2\/categories?post=53744"},{"taxonomy":"post_tag","embeddable":true,"href":"https:\/\/eldromedariorecords.com\/web\/wp-json\/wp\/v2\/tags?post=53744"}],"curies":[{"name":"wp","href":"https:\/\/api.w.org\/{rel}","templated":true}]}}