{"id":5015,"date":"2018-02-23T11:09:50","date_gmt":"2018-02-23T11:09:50","guid":{"rendered":"https:\/\/eldromedariorecords.com\/web\/?p=5015"},"modified":"2018-02-23T11:09:50","modified_gmt":"2018-02-23T11:09:50","slug":"nat-simons-confirma-las-primeras-fechas-la-gira-presentacion-lights","status":"publish","type":"post","link":"https:\/\/eldromedariorecords.com\/web\/nat-simons-confirma-las-primeras-fechas-la-gira-presentacion-lights\/","title":{"rendered":"Nat Simons confirma las primeras fechas de la gira de presentaci\u00f3n de \u00abLights\u00bb"},"content":{"rendered":"<p><img loading=\"lazy\" class=\"aligncenter size-full wp-image-5016\" src=\"https:\/\/eldromedariorecords.com\/web\/wp-content\/uploads\/2018\/02\/lights-gira.jpg\" alt=\"\" width=\"724\" height=\"1024\" srcset=\"https:\/\/eldromedariorecords.com\/web\/wp-content\/uploads\/2018\/02\/lights-gira.jpg 724w, https:\/\/eldromedariorecords.com\/web\/wp-content\/uploads\/2018\/02\/lights-gira-212x300.jpg 212w, https:\/\/eldromedariorecords.com\/web\/wp-content\/uploads\/2018\/02\/lights-gira-600x849.jpg 600w, https:\/\/eldromedariorecords.com\/web\/wp-content\/uploads\/2018\/02\/lights-gira-498x705.jpg 498w, https:\/\/eldromedariorecords.com\/web\/wp-content\/uploads\/2018\/02\/lights-gira-450x636.jpg 450w\" sizes=\"(max-width: 724px) 100vw, 724px\" \/><\/p>\n<p>&nbsp;<\/p>\n<p>Hoy, 23 de febrero se edita <b>\u00abLights\u00bb<\/b>, el segundo disco de Nat Simons (El Dromedario Records \/ Altafonte) el cual ha sido editado tanto en soporte f\u00edsico como en todas las plataformas digitales.<\/p>\n<p>Aprovechamos la ocasi\u00f3n para anunciar las primeras fechas de presentaci\u00f3n de este \u00e1lbum con el que Nat Simons recorrer\u00e1 todo el pa\u00eds durante los pr\u00f3ximos meses en una cuidada y extensa gira.<\/p>\n<p><b>PRIMERAS FECHAS CONFIRMADAS<\/b><\/p>\n<ul>\n<li>10 de marzo. <b>Ibiza<\/b>. Cal Pou<\/li>\n<li>23 de marzo. <b>Zaragoza.<\/b> <i>Sala Las Armas<\/i><\/li>\n<li>6 de abril. <b>Madrid.<\/b> <i>Secret Social Club<\/i><\/li>\n<li>13 de abril. <b>Granada.<\/b> <i>Granada Experience<\/i> (Escenario Alhambra)<\/li>\n<li>20 de mayo. <b>Castell\u00f3n.<\/b> <i>Red Pier Festival<\/i> (Puerto de Castell\u00f3n)<\/li>\n<li>31 de mayo. <b>Barcelona.<\/b> <i>Festival Primavera Sound<\/i><\/li>\n<li>1 de junio. <b>Huesca.<\/b> <i>El Veintiuno<\/i><\/li>\n<li>2 de junio: <b>Ferrol.<\/b> <i>Teatro Jofre<\/i><\/li>\n<li>30 de junio. <b>Gij\u00f3n.<\/b> <i>Festival Metr\u00f3poli<\/i><\/li>\n<li>12 de agosto. <b>Aranda de Duero.<\/b> <i>Festival Sonorama<\/i><\/li>\n<\/ul>\n<p><b>BIO NAT SIMONS<\/b><br \/>\nNatalia Garc\u00eda Poza \u2013 <b>Nat Simons<\/b> (Madrid, 1985), creci\u00f3 pintando y escribiendo hasta que cogi\u00f3 una guitarra para componer un tema para Bob Dylan. Al poco tiempo de colgar sus primeros temas caseros en MySpace ya suscita el inter\u00e9s de sellos de Nueva York (Manifesta Records) o de premios a los que fue nominada (Pop Eye 2009)<\/p>\n<p>La m\u00fasica le atrap\u00f3 y a sus 23 a\u00f1os recorr\u00eda, con su guitarra y su arm\u00f3nica, salas y bares hasta hacerse un peque\u00f1o nombre escena musical de Madrid.<\/p>\n<p>Tras su \u00e1lbum debut <i>Home on high<\/i> (2014) y su EP <i>Trouble man<\/i> (2015), ambos trabajos con una amplia aceptaci\u00f3n por la cr\u00edtica y p\u00fablico, fue reconocida como <b>Mejor Artista Espa\u00f1ol<\/b> por los oyentes del programa de radio <i>Toma Uno de Radio 3<\/i>, programa especializado en Americana Music. <i>Home on high<\/i>fue adem\u00e1s distinguido entre los mejores discos del 2014, y su single <i>Another coffee and cigarette day<\/i>, supera ya la cifra de <b>2 millones y medio de reproducciones<\/b> en Spotify.<\/p>\n<p>Estos reconocimientos le han llevado a trabajar en proyectos tan interesantes como la BSO de la \u00faltima pel\u00edcula de V\u00edctor Matellano <i>Stop Over in Hell<\/i> (2017) y a componer varios temas para la exposici\u00f3n del artista y comisario Miguel \u00c1ngel Blanco <i>La ilusi\u00f3n del Lejano Oeste<\/i>, para el Museo Thyssen de Madrid.<\/p>\n<p>Tras compartir cartel con artistas de la talla de <b>Emmylou Harris<\/b> y <b>Rodney Crowell<\/b> en el prestigioso <i>Huercasa Country Festival<\/i>, Nat Simons abre el concierto de <b>The Jayhawks<\/b> en la sala Barts de Barcelona.<\/p>\n<p>Fue all\u00ed donde el m\u00fasico y productor, Gary Louris, l\u00edder de la banda, descubri\u00f3 a Nat Simons. De ese encuentro, surge una relaci\u00f3n musical que lleva a Nat a viajar a EEUU para grabar su \u00faltimo \u00e1lbum, <i>Lights<\/i>, con una banda de la zona llamada <i>Hiss Golden messenger<\/i> entre otros m\u00fasicos.<\/p>\n<p>Las afueras de Durham North Carolina, al sur de los Estados Unidos, donde pas\u00f3 mes y medio viviendo en un motel de carretera, han sido el escenario elegido para dar vida a estas diez canciones, que hablan de personajes reales, de experiencias personales pasadas y de la situaci\u00f3n actual que nos rodea.<\/p>\n<p><i>\u00abGrandes, canciones, mel\u00f3dicas, las letras son buenas y sus arreglos est\u00e1n todos inteligentemente ordenados y su forma de cantar es incre\u00edble&#8230; todas sus canciones son poderosas, sus composiciones son s\u00f3lidas y yo no digo eso a la ligera\u00bb<\/i> Gary Louris (The Jayhawks).<\/p>\n<p>Este viaje que seg\u00fan ella misma <i>\u00able ha cambiado la vida\u00bb<\/i>, promete ser el paso definitivo en la carrera de esta artista.<\/p>\n","protected":false},"excerpt":{"rendered":"<p>&nbsp; Hoy, 23 de febrero se edita \u00abLights\u00bb, el segundo disco de Nat Simons (El Dromedario Records \/ Altafonte) el cual ha sido editado tanto en soporte f\u00edsico como en todas las plataformas digitales. Aprovechamos la ocasi\u00f3n para anunciar las primeras fechas de presentaci\u00f3n de este \u00e1lbum con el que Nat Simons recorrer\u00e1 todo el [&hellip;]<\/p>\n","protected":false},"author":3,"featured_media":5016,"comment_status":"closed","ping_status":"open","sticky":false,"template":"","format":"standard","meta":[],"categories":[72],"tags":[648,318,650,43,654,651,543,646,541,653,649,647,652],"yoast_head":"<!-- This site is optimized with the Yoast SEO plugin v16.5 - https:\/\/yoast.com\/wordpress\/plugins\/seo\/ -->\n<title>Nat Simons confirma las primeras fechas de la gira de presentaci\u00f3n de &quot;Lights&quot; - El Dromedario Records<\/title>\n<meta name=\"robots\" content=\"index, follow, max-snippet:-1, max-image-preview:large, max-video-preview:-1\" \/>\n<link rel=\"canonical\" href=\"https:\/\/eldromedariorecords.com\/web\/nat-simons-confirma-las-primeras-fechas-la-gira-presentacion-lights\/\" \/>\n<meta property=\"og:locale\" content=\"es_ES\" \/>\n<meta property=\"og:type\" content=\"article\" \/>\n<meta property=\"og:title\" content=\"Nat Simons confirma las primeras fechas de la gira de presentaci\u00f3n de &quot;Lights&quot; - El Dromedario Records\" \/>\n<meta property=\"og:description\" content=\"&nbsp; Hoy, 23 de febrero se edita \u00abLights\u00bb, el segundo disco de Nat Simons (El Dromedario Records \/ Altafonte) el cual ha sido editado tanto en soporte f\u00edsico como en todas las plataformas digitales. Aprovechamos la ocasi\u00f3n para anunciar las primeras fechas de presentaci\u00f3n de este \u00e1lbum con el que Nat Simons recorrer\u00e1 todo el [&hellip;]\" \/>\n<meta property=\"og:url\" content=\"https:\/\/eldromedariorecords.com\/web\/nat-simons-confirma-las-primeras-fechas-la-gira-presentacion-lights\/\" \/>\n<meta property=\"og:site_name\" content=\"El Dromedario Records\" \/>\n<meta property=\"article:published_time\" content=\"2018-02-23T11:09:50+00:00\" \/>\n<meta property=\"og:image\" content=\"https:\/\/eldromedariorecords.melboss.com\/web\/wp-content\/uploads\/2018\/02\/lights-gira.jpg\" \/>\n\t<meta property=\"og:image:width\" content=\"724\" \/>\n\t<meta property=\"og:image:height\" content=\"1024\" \/>\n<meta name=\"twitter:card\" content=\"summary\" \/>\n<meta name=\"twitter:label1\" content=\"Tiempo de lectura\" \/>\n\t<meta name=\"twitter:data1\" content=\"3 minutos\" \/>\n<script type=\"application\/ld+json\" class=\"yoast-schema-graph\">{\"@context\":\"https:\/\/schema.org\",\"@graph\":[{\"@type\":\"Organization\",\"@id\":\"https:\/\/eldromedariorecords.com\/web\/#organization\",\"name\":\"El Dromedario Records\",\"url\":\"https:\/\/eldromedariorecords.com\/web\/\",\"sameAs\":[],\"logo\":{\"@type\":\"ImageObject\",\"@id\":\"https:\/\/eldromedariorecords.com\/web\/#logo\",\"inLanguage\":\"es\",\"url\":\"https:\/\/eldromedariorecords.melboss.com\/web\/wp-content\/uploads\/2021\/06\/logo-dromedario-negro.png\",\"contentUrl\":\"https:\/\/eldromedariorecords.melboss.com\/web\/wp-content\/uploads\/2021\/06\/logo-dromedario-negro.png\",\"width\":800,\"height\":624,\"caption\":\"El Dromedario Records\"},\"image\":{\"@id\":\"https:\/\/eldromedariorecords.com\/web\/#logo\"}},{\"@type\":\"WebSite\",\"@id\":\"https:\/\/eldromedariorecords.com\/web\/#website\",\"url\":\"https:\/\/eldromedariorecords.com\/web\/\",\"name\":\"El Dromedario Records\",\"description\":\"Discogr\\u00e1fica El Dromedario Records\",\"publisher\":{\"@id\":\"https:\/\/eldromedariorecords.com\/web\/#organization\"},\"potentialAction\":[{\"@type\":\"SearchAction\",\"target\":\"https:\/\/eldromedariorecords.com\/web\/?s={search_term_string}\",\"query-input\":\"required name=search_term_string\"}],\"inLanguage\":\"es\"},{\"@type\":\"ImageObject\",\"@id\":\"https:\/\/eldromedariorecords.com\/web\/nat-simons-confirma-las-primeras-fechas-la-gira-presentacion-lights\/#primaryimage\",\"inLanguage\":\"es\",\"url\":\"https:\/\/eldromedariorecords.com\/web\/wp-content\/uploads\/2018\/02\/lights-gira.jpg\",\"contentUrl\":\"https:\/\/eldromedariorecords.com\/web\/wp-content\/uploads\/2018\/02\/lights-gira.jpg\",\"width\":724,\"height\":1024},{\"@type\":\"WebPage\",\"@id\":\"https:\/\/eldromedariorecords.com\/web\/nat-simons-confirma-las-primeras-fechas-la-gira-presentacion-lights\/#webpage\",\"url\":\"https:\/\/eldromedariorecords.com\/web\/nat-simons-confirma-las-primeras-fechas-la-gira-presentacion-lights\/\",\"name\":\"Nat Simons confirma las primeras fechas de la gira de presentaci\\u00f3n de \\\"Lights\\\" - El Dromedario Records\",\"isPartOf\":{\"@id\":\"https:\/\/eldromedariorecords.com\/web\/#website\"},\"primaryImageOfPage\":{\"@id\":\"https:\/\/eldromedariorecords.com\/web\/nat-simons-confirma-las-primeras-fechas-la-gira-presentacion-lights\/#primaryimage\"},\"datePublished\":\"2018-02-23T11:09:50+00:00\",\"dateModified\":\"2018-02-23T11:09:50+00:00\",\"breadcrumb\":{\"@id\":\"https:\/\/eldromedariorecords.com\/web\/nat-simons-confirma-las-primeras-fechas-la-gira-presentacion-lights\/#breadcrumb\"},\"inLanguage\":\"es\",\"potentialAction\":[{\"@type\":\"ReadAction\",\"target\":[\"https:\/\/eldromedariorecords.com\/web\/nat-simons-confirma-las-primeras-fechas-la-gira-presentacion-lights\/\"]}]},{\"@type\":\"BreadcrumbList\",\"@id\":\"https:\/\/eldromedariorecords.com\/web\/nat-simons-confirma-las-primeras-fechas-la-gira-presentacion-lights\/#breadcrumb\",\"itemListElement\":[{\"@type\":\"ListItem\",\"position\":1,\"name\":\"Portada\",\"item\":\"https:\/\/eldromedariorecords.com\/web\/inicio\/\"},{\"@type\":\"ListItem\",\"position\":2,\"name\":\"Nat Simons confirma las primeras fechas de la gira de presentaci\\u00f3n de \\u00abLights\\u00bb\"}]},{\"@type\":\"Article\",\"@id\":\"https:\/\/eldromedariorecords.com\/web\/nat-simons-confirma-las-primeras-fechas-la-gira-presentacion-lights\/#article\",\"isPartOf\":{\"@id\":\"https:\/\/eldromedariorecords.com\/web\/nat-simons-confirma-las-primeras-fechas-la-gira-presentacion-lights\/#webpage\"},\"author\":{\"@id\":\"https:\/\/eldromedariorecords.com\/web\/#\/schema\/person\/71690da9dcd1ce3d7409664303024b87\"},\"headline\":\"Nat Simons confirma las primeras fechas de la gira de presentaci\\u00f3n de \\u00abLights\\u00bb\",\"datePublished\":\"2018-02-23T11:09:50+00:00\",\"dateModified\":\"2018-02-23T11:09:50+00:00\",\"mainEntityOfPage\":{\"@id\":\"https:\/\/eldromedariorecords.com\/web\/nat-simons-confirma-las-primeras-fechas-la-gira-presentacion-lights\/#webpage\"},\"wordCount\":588,\"publisher\":{\"@id\":\"https:\/\/eldromedariorecords.com\/web\/#organization\"},\"image\":{\"@id\":\"https:\/\/eldromedariorecords.com\/web\/nat-simons-confirma-las-primeras-fechas-la-gira-presentacion-lights\/#primaryimage\"},\"thumbnailUrl\":\"https:\/\/eldromedariorecords.com\/web\/wp-content\/uploads\/2018\/02\/lights-gira.jpg\",\"keywords\":[\"Emmylou Harris\",\"festivales\",\"Gary Louris\",\"Gira\",\"Hiss Golden messenger\",\"Home on high\",\"Lights\",\"M\\u00fasica directo\",\"Nat Simons\",\"Natalia Garc\\u00eda Poza\",\"Rodney Crowell\",\"The Jayhawks\",\"Trouble man\"],\"articleSection\":[\"Otros\"],\"inLanguage\":\"es\"},{\"@type\":\"Person\",\"@id\":\"https:\/\/eldromedariorecords.com\/web\/#\/schema\/person\/71690da9dcd1ce3d7409664303024b87\",\"name\":\"Iosu\",\"image\":{\"@type\":\"ImageObject\",\"@id\":\"https:\/\/eldromedariorecords.com\/web\/#personlogo\",\"inLanguage\":\"es\",\"url\":\"https:\/\/secure.gravatar.com\/avatar\/4225fb5a2e5d3e2effd3ee240c8f8d9d?s=96&d=mm&r=g\",\"contentUrl\":\"https:\/\/secure.gravatar.com\/avatar\/4225fb5a2e5d3e2effd3ee240c8f8d9d?s=96&d=mm&r=g\",\"caption\":\"Iosu\"}}]}<\/script>\n<!-- \/ Yoast SEO plugin. -->","_links":{"self":[{"href":"https:\/\/eldromedariorecords.com\/web\/wp-json\/wp\/v2\/posts\/5015"}],"collection":[{"href":"https:\/\/eldromedariorecords.com\/web\/wp-json\/wp\/v2\/posts"}],"about":[{"href":"https:\/\/eldromedariorecords.com\/web\/wp-json\/wp\/v2\/types\/post"}],"author":[{"embeddable":true,"href":"https:\/\/eldromedariorecords.com\/web\/wp-json\/wp\/v2\/users\/3"}],"replies":[{"embeddable":true,"href":"https:\/\/eldromedariorecords.com\/web\/wp-json\/wp\/v2\/comments?post=5015"}],"version-history":[{"count":0,"href":"https:\/\/eldromedariorecords.com\/web\/wp-json\/wp\/v2\/posts\/5015\/revisions"}],"wp:featuredmedia":[{"embeddable":true,"href":"https:\/\/eldromedariorecords.com\/web\/wp-json\/wp\/v2\/media\/5016"}],"wp:attachment":[{"href":"https:\/\/eldromedariorecords.com\/web\/wp-json\/wp\/v2\/media?parent=5015"}],"wp:term":[{"taxonomy":"category","embeddable":true,"href":"https:\/\/eldromedariorecords.com\/web\/wp-json\/wp\/v2\/categories?post=5015"},{"taxonomy":"post_tag","embeddable":true,"href":"https:\/\/eldromedariorecords.com\/web\/wp-json\/wp\/v2\/tags?post=5015"}],"curies":[{"name":"wp","href":"https:\/\/api.w.org\/{rel}","templated":true}]}}