{"id":4916,"date":"2018-02-02T09:58:15","date_gmt":"2018-02-02T09:58:15","guid":{"rendered":"https:\/\/eldromedariorecords.com\/web\/?p=4916"},"modified":"2018-02-02T09:58:15","modified_gmt":"2018-02-02T09:58:15","slug":"presentacion-me-bebo-los-vientos-single-videoclip-aquellos-polvos-lulu-2","status":"publish","type":"post","link":"https:\/\/eldromedariorecords.com\/web\/presentacion-me-bebo-los-vientos-single-videoclip-aquellos-polvos-lulu-2\/","title":{"rendered":"Presentaci\u00f3n de \u00abMe bebo los vientos\u00bb, single y videoclip de \u00abDe aquellos polvos&#8230;\u00bb de L\u00fclu"},"content":{"rendered":"<div class='avia-iframe-wrap'><iframe loading=\"lazy\" width=\"1500\" height=\"844\" src=\"https:\/\/www.youtube.com\/embed\/sRc0VYwOzls?feature=oembed\" frameborder=\"0\" allow=\"autoplay; encrypted-media\" allowfullscreen><\/iframe><\/div>\n<p>Os presentamos por medio de estas l\u00edneas <i>Me bebo los vientos<\/i>, single &amp; videoclip de <i>De aquellos polvos\u2026<\/i>, nuevo trabajo de <b>L\u00fclu<\/b>. El tema, para cuya grabaci\u00f3n se cont\u00f3 con <i>El ni\u00f1o de la Hipoteca<\/i>, fue presentado ayer jueves en exclusiva en el programa El Vuelo del F\u00e9nix de Radio 3. Pod\u00e9is ver el videoclip pinchando <a href=\"https:\/\/www.youtube.com\/watch?v=sRc0VYwOzls\">aqu\u00ed.<\/a><\/p>\n<p>La canci\u00f3n estar\u00e1 disponible para su audici\u00f3n en todas las <a href=\"https:\/\/open.spotify.com\/track\/4cE2LzBLZZlozvhPgucowk\">plataformas de streaming<\/a>, pudiendo ser descargada tambi\u00e9n en iTunes, Amazon y Google Play entre otras.<\/p>\n<p>&nbsp;<\/p>\n<p><img loading=\"lazy\" class=\"aligncenter size-full wp-image-4902\" src=\"https:\/\/eldromedariorecords.com\/web\/wp-content\/uploads\/2018\/02\/lulu-deaquellospolvos.jpg\" alt=\"\" width=\"900\" height=\"900\" srcset=\"https:\/\/eldromedariorecords.com\/web\/wp-content\/uploads\/2018\/02\/lulu-deaquellospolvos.jpg 900w, https:\/\/eldromedariorecords.com\/web\/wp-content\/uploads\/2018\/02\/lulu-deaquellospolvos-80x80.jpg 80w, https:\/\/eldromedariorecords.com\/web\/wp-content\/uploads\/2018\/02\/lulu-deaquellospolvos-300x300.jpg 300w, https:\/\/eldromedariorecords.com\/web\/wp-content\/uploads\/2018\/02\/lulu-deaquellospolvos-768x768.jpg 768w, https:\/\/eldromedariorecords.com\/web\/wp-content\/uploads\/2018\/02\/lulu-deaquellospolvos-600x600.jpg 600w, https:\/\/eldromedariorecords.com\/web\/wp-content\/uploads\/2018\/02\/lulu-deaquellospolvos-36x36.jpg 36w, https:\/\/eldromedariorecords.com\/web\/wp-content\/uploads\/2018\/02\/lulu-deaquellospolvos-180x180.jpg 180w, https:\/\/eldromedariorecords.com\/web\/wp-content\/uploads\/2018\/02\/lulu-deaquellospolvos-705x705.jpg 705w, https:\/\/eldromedariorecords.com\/web\/wp-content\/uploads\/2018\/02\/lulu-deaquellospolvos-120x120.jpg 120w, https:\/\/eldromedariorecords.com\/web\/wp-content\/uploads\/2018\/02\/lulu-deaquellospolvos-450x450.jpg 450w\" sizes=\"(max-width: 900px) 100vw, 900px\" \/><\/p>\n<p>&nbsp;<\/p>\n<p><i>De aquellos polvos\u2026<\/i> saldr\u00e1 a la venta el pr\u00f3ximo 16 de febrero. Ya se puede reservar en preventa desde la <a href=\"https:\/\/eldromedariorecords.com\/web\/tienda\/home\/291-luelu-de-aquellos-polvos.html\">Web de El Dromedario Records<\/a> y en iTunes -en formato digital-, siguiendo el siguiente <a href=\"https:\/\/itunes.apple.com\/es\/album\/de-aquellos-polvos-ep\/1339286446\">enlace<\/a>.<\/p>\n<p>Quienes reserven el disco en preventa en nuestra Web (9,00 euros), recibir\u00e1n como <b>regalo un CD recopilatorio de los artistas de nuestro sello<\/b> El Dromedario Records, y quienes lo hagan en formato digital, podr\u00e1n <b>descargarse gratuitamente los temas <i>Si la ves<\/i> (presingle) y<i>Me bebo los vientos<\/i>, el single<\/b>.<\/p>\n<p>Env\u00edos a domicilio: promoci\u00f3n v\u00e1lida hasta el 14 de febrero.<\/p>\n<p>Antonio Su\u00e1rez, L\u00fclu, fue voz, guitarra, letrista y compositor de Forraje durante toda la historia del grupo. Avalado por una carrera musical de 17 a\u00f1os al frente de la banda gallega y con 5 discos a sus espaldas, el que fuera su l\u00edder decidi\u00f3 en 2016 continuar con un nuevo proyecto, bajo el nombre art\u00edstico de L\u00fclu. El trabajo ser\u00e1 presentado el viernes 23 en la sala Hebe de Vallecas.<\/p>\n<p>L\u00fclu en <a href=\"https:\/\/www.facebook.com\/lulu.forraje\">Facebook<\/a> y <a href=\"https:\/\/twitter.com\/LuluForraje\">Twitter<\/a>.<br \/>\n<a href=\"http:\/\/www.luluoficial.com\">luluoficial.com<\/a>.<\/p>\n","protected":false},"excerpt":{"rendered":"<p>Os presentamos por medio de estas l\u00edneas Me bebo los vientos, single &amp; videoclip de De aquellos polvos\u2026, nuevo trabajo de L\u00fclu. El tema, para cuya grabaci\u00f3n se cont\u00f3 con El ni\u00f1o de la Hipoteca, fue presentado ayer jueves en exclusiva en el programa El Vuelo del F\u00e9nix de Radio 3. Pod\u00e9is ver el videoclip [&hellip;]<\/p>\n","protected":false},"author":3,"featured_media":4901,"comment_status":"closed","ping_status":"open","sticky":false,"template":"","format":"standard","meta":[],"categories":[72],"tags":[600,621,599,598,620],"yoast_head":"<!-- This site is optimized with the Yoast SEO plugin v16.5 - https:\/\/yoast.com\/wordpress\/plugins\/seo\/ -->\n<title>Presentaci\u00f3n de &quot;Me bebo los vientos&quot;, single y videoclip de &quot;De aquellos polvos...&quot; de L\u00fclu - El Dromedario Records<\/title>\n<meta name=\"robots\" content=\"index, follow, max-snippet:-1, max-image-preview:large, max-video-preview:-1\" \/>\n<link rel=\"canonical\" href=\"https:\/\/eldromedariorecords.com\/web\/presentacion-me-bebo-los-vientos-single-videoclip-aquellos-polvos-lulu-2\/\" \/>\n<meta property=\"og:locale\" content=\"es_ES\" \/>\n<meta property=\"og:type\" content=\"article\" \/>\n<meta property=\"og:title\" content=\"Presentaci\u00f3n de &quot;Me bebo los vientos&quot;, single y videoclip de &quot;De aquellos polvos...&quot; de L\u00fclu - El Dromedario Records\" \/>\n<meta property=\"og:description\" content=\"Os presentamos por medio de estas l\u00edneas Me bebo los vientos, single &amp; videoclip de De aquellos polvos\u2026, nuevo trabajo de L\u00fclu. El tema, para cuya grabaci\u00f3n se cont\u00f3 con El ni\u00f1o de la Hipoteca, fue presentado ayer jueves en exclusiva en el programa El Vuelo del F\u00e9nix de Radio 3. Pod\u00e9is ver el videoclip [&hellip;]\" \/>\n<meta property=\"og:url\" content=\"https:\/\/eldromedariorecords.com\/web\/presentacion-me-bebo-los-vientos-single-videoclip-aquellos-polvos-lulu-2\/\" \/>\n<meta property=\"og:site_name\" content=\"El Dromedario Records\" \/>\n<meta property=\"article:published_time\" content=\"2018-02-02T09:58:15+00:00\" \/>\n<meta property=\"og:image\" content=\"https:\/\/eldromedariorecords.melboss.com\/web\/wp-content\/uploads\/2018\/02\/lulubebolosvientos.jpg\" \/>\n\t<meta property=\"og:image:width\" content=\"1920\" \/>\n\t<meta property=\"og:image:height\" content=\"1080\" \/>\n<meta name=\"twitter:card\" content=\"summary\" \/>\n<meta name=\"twitter:label1\" content=\"Tiempo de lectura\" \/>\n\t<meta name=\"twitter:data1\" content=\"1 minuto\" \/>\n<script type=\"application\/ld+json\" class=\"yoast-schema-graph\">{\"@context\":\"https:\/\/schema.org\",\"@graph\":[{\"@type\":\"Organization\",\"@id\":\"https:\/\/eldromedariorecords.com\/web\/#organization\",\"name\":\"El Dromedario Records\",\"url\":\"https:\/\/eldromedariorecords.com\/web\/\",\"sameAs\":[],\"logo\":{\"@type\":\"ImageObject\",\"@id\":\"https:\/\/eldromedariorecords.com\/web\/#logo\",\"inLanguage\":\"es\",\"url\":\"https:\/\/eldromedariorecords.melboss.com\/web\/wp-content\/uploads\/2021\/06\/logo-dromedario-negro.png\",\"contentUrl\":\"https:\/\/eldromedariorecords.melboss.com\/web\/wp-content\/uploads\/2021\/06\/logo-dromedario-negro.png\",\"width\":800,\"height\":624,\"caption\":\"El Dromedario Records\"},\"image\":{\"@id\":\"https:\/\/eldromedariorecords.com\/web\/#logo\"}},{\"@type\":\"WebSite\",\"@id\":\"https:\/\/eldromedariorecords.com\/web\/#website\",\"url\":\"https:\/\/eldromedariorecords.com\/web\/\",\"name\":\"El Dromedario Records\",\"description\":\"Discogr\\u00e1fica El Dromedario Records\",\"publisher\":{\"@id\":\"https:\/\/eldromedariorecords.com\/web\/#organization\"},\"potentialAction\":[{\"@type\":\"SearchAction\",\"target\":\"https:\/\/eldromedariorecords.com\/web\/?s={search_term_string}\",\"query-input\":\"required name=search_term_string\"}],\"inLanguage\":\"es\"},{\"@type\":\"ImageObject\",\"@id\":\"https:\/\/eldromedariorecords.com\/web\/presentacion-me-bebo-los-vientos-single-videoclip-aquellos-polvos-lulu-2\/#primaryimage\",\"inLanguage\":\"es\",\"url\":\"https:\/\/eldromedariorecords.com\/web\/wp-content\/uploads\/2018\/02\/lulubebolosvientos.jpg\",\"contentUrl\":\"https:\/\/eldromedariorecords.com\/web\/wp-content\/uploads\/2018\/02\/lulubebolosvientos.jpg\",\"width\":1920,\"height\":1080},{\"@type\":\"WebPage\",\"@id\":\"https:\/\/eldromedariorecords.com\/web\/presentacion-me-bebo-los-vientos-single-videoclip-aquellos-polvos-lulu-2\/#webpage\",\"url\":\"https:\/\/eldromedariorecords.com\/web\/presentacion-me-bebo-los-vientos-single-videoclip-aquellos-polvos-lulu-2\/\",\"name\":\"Presentaci\\u00f3n de \\\"Me bebo los vientos\\\", single y videoclip de \\\"De aquellos polvos...\\\" de L\\u00fclu - El Dromedario Records\",\"isPartOf\":{\"@id\":\"https:\/\/eldromedariorecords.com\/web\/#website\"},\"primaryImageOfPage\":{\"@id\":\"https:\/\/eldromedariorecords.com\/web\/presentacion-me-bebo-los-vientos-single-videoclip-aquellos-polvos-lulu-2\/#primaryimage\"},\"datePublished\":\"2018-02-02T09:58:15+00:00\",\"dateModified\":\"2018-02-02T09:58:15+00:00\",\"breadcrumb\":{\"@id\":\"https:\/\/eldromedariorecords.com\/web\/presentacion-me-bebo-los-vientos-single-videoclip-aquellos-polvos-lulu-2\/#breadcrumb\"},\"inLanguage\":\"es\",\"potentialAction\":[{\"@type\":\"ReadAction\",\"target\":[\"https:\/\/eldromedariorecords.com\/web\/presentacion-me-bebo-los-vientos-single-videoclip-aquellos-polvos-lulu-2\/\"]}]},{\"@type\":\"BreadcrumbList\",\"@id\":\"https:\/\/eldromedariorecords.com\/web\/presentacion-me-bebo-los-vientos-single-videoclip-aquellos-polvos-lulu-2\/#breadcrumb\",\"itemListElement\":[{\"@type\":\"ListItem\",\"position\":1,\"name\":\"Portada\",\"item\":\"https:\/\/eldromedariorecords.com\/web\/inicio\/\"},{\"@type\":\"ListItem\",\"position\":2,\"name\":\"Presentaci\\u00f3n de \\u00abMe bebo los vientos\\u00bb, single y videoclip de \\u00abDe aquellos polvos&#8230;\\u00bb de L\\u00fclu\"}]},{\"@type\":\"Article\",\"@id\":\"https:\/\/eldromedariorecords.com\/web\/presentacion-me-bebo-los-vientos-single-videoclip-aquellos-polvos-lulu-2\/#article\",\"isPartOf\":{\"@id\":\"https:\/\/eldromedariorecords.com\/web\/presentacion-me-bebo-los-vientos-single-videoclip-aquellos-polvos-lulu-2\/#webpage\"},\"author\":{\"@id\":\"https:\/\/eldromedariorecords.com\/web\/#\/schema\/person\/71690da9dcd1ce3d7409664303024b87\"},\"headline\":\"Presentaci\\u00f3n de \\u00abMe bebo los vientos\\u00bb, single y videoclip de \\u00abDe aquellos polvos&#8230;\\u00bb de L\\u00fclu\",\"datePublished\":\"2018-02-02T09:58:15+00:00\",\"dateModified\":\"2018-02-02T09:58:15+00:00\",\"mainEntityOfPage\":{\"@id\":\"https:\/\/eldromedariorecords.com\/web\/presentacion-me-bebo-los-vientos-single-videoclip-aquellos-polvos-lulu-2\/#webpage\"},\"wordCount\":293,\"publisher\":{\"@id\":\"https:\/\/eldromedariorecords.com\/web\/#organization\"},\"image\":{\"@id\":\"https:\/\/eldromedariorecords.com\/web\/presentacion-me-bebo-los-vientos-single-videoclip-aquellos-polvos-lulu-2\/#primaryimage\"},\"thumbnailUrl\":\"https:\/\/eldromedariorecords.com\/web\/wp-content\/uploads\/2018\/02\/lulubebolosvientos.jpg\",\"keywords\":[\"De aquellos polvos\",\"El ni\\u00f1o de la hipoteca\",\"Forraje\",\"L\\u00fclu\",\"Me bebo los vientos\"],\"articleSection\":[\"Otros\"],\"inLanguage\":\"es\"},{\"@type\":\"Person\",\"@id\":\"https:\/\/eldromedariorecords.com\/web\/#\/schema\/person\/71690da9dcd1ce3d7409664303024b87\",\"name\":\"Iosu\",\"image\":{\"@type\":\"ImageObject\",\"@id\":\"https:\/\/eldromedariorecords.com\/web\/#personlogo\",\"inLanguage\":\"es\",\"url\":\"https:\/\/secure.gravatar.com\/avatar\/4225fb5a2e5d3e2effd3ee240c8f8d9d?s=96&d=mm&r=g\",\"contentUrl\":\"https:\/\/secure.gravatar.com\/avatar\/4225fb5a2e5d3e2effd3ee240c8f8d9d?s=96&d=mm&r=g\",\"caption\":\"Iosu\"}}]}<\/script>\n<!-- \/ Yoast SEO plugin. -->","_links":{"self":[{"href":"https:\/\/eldromedariorecords.com\/web\/wp-json\/wp\/v2\/posts\/4916"}],"collection":[{"href":"https:\/\/eldromedariorecords.com\/web\/wp-json\/wp\/v2\/posts"}],"about":[{"href":"https:\/\/eldromedariorecords.com\/web\/wp-json\/wp\/v2\/types\/post"}],"author":[{"embeddable":true,"href":"https:\/\/eldromedariorecords.com\/web\/wp-json\/wp\/v2\/users\/3"}],"replies":[{"embeddable":true,"href":"https:\/\/eldromedariorecords.com\/web\/wp-json\/wp\/v2\/comments?post=4916"}],"version-history":[{"count":0,"href":"https:\/\/eldromedariorecords.com\/web\/wp-json\/wp\/v2\/posts\/4916\/revisions"}],"wp:featuredmedia":[{"embeddable":true,"href":"https:\/\/eldromedariorecords.com\/web\/wp-json\/wp\/v2\/media\/4901"}],"wp:attachment":[{"href":"https:\/\/eldromedariorecords.com\/web\/wp-json\/wp\/v2\/media?parent=4916"}],"wp:term":[{"taxonomy":"category","embeddable":true,"href":"https:\/\/eldromedariorecords.com\/web\/wp-json\/wp\/v2\/categories?post=4916"},{"taxonomy":"post_tag","embeddable":true,"href":"https:\/\/eldromedariorecords.com\/web\/wp-json\/wp\/v2\/tags?post=4916"}],"curies":[{"name":"wp","href":"https:\/\/api.w.org\/{rel}","templated":true}]}}