{"id":4805,"date":"2018-01-26T09:23:01","date_gmt":"2018-01-26T09:23:01","guid":{"rendered":"https:\/\/eldromedariorecords.com\/web\/?p=4805"},"modified":"2018-01-26T09:23:01","modified_gmt":"2018-01-26T09:23:01","slug":"presentacion-la-ves-presingle-videoclip-del-nuevo-trabajo-lulu","status":"publish","type":"post","link":"https:\/\/eldromedariorecords.com\/web\/presentacion-la-ves-presingle-videoclip-del-nuevo-trabajo-lulu\/","title":{"rendered":"Presentaci\u00f3n de <i>Si la ves<\/i>, presingle y videoclip del nuevo trabajo de L\u00fclu"},"content":{"rendered":"<div class='avia-iframe-wrap'><iframe loading=\"lazy\" width=\"1500\" height=\"844\" src=\"https:\/\/www.youtube.com\/embed\/5unLpSfCOxA?feature=oembed\" frameborder=\"0\" allow=\"autoplay; encrypted-media\" allowfullscreen><\/iframe><\/div>\n<p>Camino de la publicaci\u00f3n del nuevo EP de <b>L\u00fclu<\/b>, os presentamos <i>Si la ves<\/i>, presingle elegido, que viene acompa\u00f1ado de videoclip. El tema, para cuya grabaci\u00f3n se cont\u00f3 con <b>Kutxi Romero<\/b>, fue presentado ayer jueves en exclusiva en el programa <i>El Vuelo del F\u00e9nix<\/i> de <b>Radio 3<\/b>. Pod\u00e9is verlo pinchando <a href=\"https:\/\/www.youtube.com\/watch?v=5unLpSfCOxA\">aqu\u00ed. <\/a><\/p>\n<p><i>Si la ves<\/i> ya est\u00e1 disponible para su audici\u00f3n en <a href=\"https:\/\/open.spotify.com\/track\/66SVxkCCpEY22l5cBQ5AMW?si=uqB_zLlGQF6thb0ml3Iotg\">Spotify<\/a>.<\/p>\n<p>Respecto a la presentaci\u00f3n del \u00e1lbum en Madrid, aprovechamos para anunciar que ser\u00e1 el viernes 23 de febrero en la <b>Sala Hebe<\/b>.<\/p>\n<p><img loading=\"lazy\" class=\"aligncenter size-full wp-image-4803\" src=\"https:\/\/eldromedariorecords.com\/web\/wp-content\/uploads\/2018\/01\/cartel-lulu-madrid-v2-min.jpg\" alt=\"\" width=\"2551\" height=\"3579\" srcset=\"https:\/\/eldromedariorecords.com\/web\/wp-content\/uploads\/2018\/01\/cartel-lulu-madrid-v2-min.jpg 2551w, https:\/\/eldromedariorecords.com\/web\/wp-content\/uploads\/2018\/01\/cartel-lulu-madrid-v2-min-214x300.jpg 214w, https:\/\/eldromedariorecords.com\/web\/wp-content\/uploads\/2018\/01\/cartel-lulu-madrid-v2-min-768x1077.jpg 768w, https:\/\/eldromedariorecords.com\/web\/wp-content\/uploads\/2018\/01\/cartel-lulu-madrid-v2-min-734x1030.jpg 734w, https:\/\/eldromedariorecords.com\/web\/wp-content\/uploads\/2018\/01\/cartel-lulu-madrid-v2-min-600x842.jpg 600w, https:\/\/eldromedariorecords.com\/web\/wp-content\/uploads\/2018\/01\/cartel-lulu-madrid-v2-min-1069x1500.jpg 1069w, https:\/\/eldromedariorecords.com\/web\/wp-content\/uploads\/2018\/01\/cartel-lulu-madrid-v2-min-503x705.jpg 503w, https:\/\/eldromedariorecords.com\/web\/wp-content\/uploads\/2018\/01\/cartel-lulu-madrid-v2-min-450x631.jpg 450w\" sizes=\"(max-width: 2551px) 100vw, 2551px\" \/><\/p>\n<p>Antonio Su\u00e1rez, <b>L\u00fclu<\/b>, fue voz, guitarra, letrista y compositor de <i>Forraje<\/i> durante toda la historia del grupo. Avalado por una carrera musical de 17 a\u00f1os al frente de la banda gallega y con 5 discos a sus espaldas, el que fuera su l\u00edder decidi\u00f3 en 2016 continuar con un nuevo proyecto, bajo el nombre art\u00edstico de L\u00fclu.<\/p>\n<p>Pr\u00f3ximamente ver\u00e1 publicado su nuevo trabajo de manos de El Dromedario Records.<\/p>\n<p>L\u00fclu en <a href=\"https:\/\/www.facebook.com\/lulu.forraje\">Facebook<\/a> y <a href=\"https:\/\/twitter.com\/LuluForraje\">Twitter<\/a>.<br \/>\n<a href=\"http:\/\/www.luluoficial.com\">luluoficial.com<\/a>.<\/p>\n","protected":false},"excerpt":{"rendered":"<p>Camino de la publicaci\u00f3n del nuevo EP de L\u00fclu, os presentamos Si la ves, presingle elegido, que viene acompa\u00f1ado de videoclip. El tema, para cuya grabaci\u00f3n se cont\u00f3 con Kutxi Romero, fue presentado ayer jueves en exclusiva en el programa El Vuelo del F\u00e9nix de Radio 3. Pod\u00e9is verlo pinchando aqu\u00ed. Si la ves ya [&hellip;]<\/p>\n","protected":false},"author":3,"featured_media":4804,"comment_status":"closed","ping_status":"open","sticky":false,"template":"","format":"standard","meta":[],"categories":[72],"tags":[600,599,39,598,610],"yoast_head":"<!-- This site is optimized with the Yoast SEO plugin v16.5 - https:\/\/yoast.com\/wordpress\/plugins\/seo\/ -->\n<title>Presentaci\u00f3n de Si la ves, presingle y videoclip del nuevo trabajo de L\u00fclu - El Dromedario Records<\/title>\n<meta name=\"robots\" content=\"index, follow, max-snippet:-1, max-image-preview:large, max-video-preview:-1\" \/>\n<link rel=\"canonical\" href=\"https:\/\/eldromedariorecords.com\/web\/presentacion-la-ves-presingle-videoclip-del-nuevo-trabajo-lulu\/\" \/>\n<meta property=\"og:locale\" content=\"es_ES\" \/>\n<meta property=\"og:type\" content=\"article\" \/>\n<meta property=\"og:title\" content=\"Presentaci\u00f3n de Si la ves, presingle y videoclip del nuevo trabajo de L\u00fclu - El Dromedario Records\" \/>\n<meta property=\"og:description\" content=\"Camino de la publicaci\u00f3n del nuevo EP de L\u00fclu, os presentamos Si la ves, presingle elegido, que viene acompa\u00f1ado de videoclip. El tema, para cuya grabaci\u00f3n se cont\u00f3 con Kutxi Romero, fue presentado ayer jueves en exclusiva en el programa El Vuelo del F\u00e9nix de Radio 3. Pod\u00e9is verlo pinchando aqu\u00ed. Si la ves ya [&hellip;]\" \/>\n<meta property=\"og:url\" content=\"https:\/\/eldromedariorecords.com\/web\/presentacion-la-ves-presingle-videoclip-del-nuevo-trabajo-lulu\/\" \/>\n<meta property=\"og:site_name\" content=\"El Dromedario Records\" \/>\n<meta property=\"article:published_time\" content=\"2018-01-26T09:23:01+00:00\" \/>\n<meta property=\"og:image\" content=\"https:\/\/eldromedariorecords.melboss.com\/web\/wp-content\/uploads\/2018\/01\/lulu-video.jpg\" \/>\n\t<meta property=\"og:image:width\" content=\"1280\" \/>\n\t<meta property=\"og:image:height\" content=\"720\" \/>\n<meta name=\"twitter:card\" content=\"summary\" \/>\n<meta name=\"twitter:label1\" content=\"Tiempo de lectura\" \/>\n\t<meta name=\"twitter:data1\" content=\"1 minuto\" \/>\n<script type=\"application\/ld+json\" class=\"yoast-schema-graph\">{\"@context\":\"https:\/\/schema.org\",\"@graph\":[{\"@type\":\"Organization\",\"@id\":\"https:\/\/eldromedariorecords.com\/web\/#organization\",\"name\":\"El Dromedario Records\",\"url\":\"https:\/\/eldromedariorecords.com\/web\/\",\"sameAs\":[],\"logo\":{\"@type\":\"ImageObject\",\"@id\":\"https:\/\/eldromedariorecords.com\/web\/#logo\",\"inLanguage\":\"es\",\"url\":\"https:\/\/eldromedariorecords.melboss.com\/web\/wp-content\/uploads\/2021\/06\/logo-dromedario-negro.png\",\"contentUrl\":\"https:\/\/eldromedariorecords.melboss.com\/web\/wp-content\/uploads\/2021\/06\/logo-dromedario-negro.png\",\"width\":800,\"height\":624,\"caption\":\"El Dromedario Records\"},\"image\":{\"@id\":\"https:\/\/eldromedariorecords.com\/web\/#logo\"}},{\"@type\":\"WebSite\",\"@id\":\"https:\/\/eldromedariorecords.com\/web\/#website\",\"url\":\"https:\/\/eldromedariorecords.com\/web\/\",\"name\":\"El Dromedario Records\",\"description\":\"Discogr\\u00e1fica El Dromedario Records\",\"publisher\":{\"@id\":\"https:\/\/eldromedariorecords.com\/web\/#organization\"},\"potentialAction\":[{\"@type\":\"SearchAction\",\"target\":\"https:\/\/eldromedariorecords.com\/web\/?s={search_term_string}\",\"query-input\":\"required name=search_term_string\"}],\"inLanguage\":\"es\"},{\"@type\":\"ImageObject\",\"@id\":\"https:\/\/eldromedariorecords.com\/web\/presentacion-la-ves-presingle-videoclip-del-nuevo-trabajo-lulu\/#primaryimage\",\"inLanguage\":\"es\",\"url\":\"https:\/\/eldromedariorecords.com\/web\/wp-content\/uploads\/2018\/01\/lulu-video.jpg\",\"contentUrl\":\"https:\/\/eldromedariorecords.com\/web\/wp-content\/uploads\/2018\/01\/lulu-video.jpg\",\"width\":1280,\"height\":720},{\"@type\":\"WebPage\",\"@id\":\"https:\/\/eldromedariorecords.com\/web\/presentacion-la-ves-presingle-videoclip-del-nuevo-trabajo-lulu\/#webpage\",\"url\":\"https:\/\/eldromedariorecords.com\/web\/presentacion-la-ves-presingle-videoclip-del-nuevo-trabajo-lulu\/\",\"name\":\"Presentaci\\u00f3n de Si la ves, presingle y videoclip del nuevo trabajo de L\\u00fclu - El Dromedario Records\",\"isPartOf\":{\"@id\":\"https:\/\/eldromedariorecords.com\/web\/#website\"},\"primaryImageOfPage\":{\"@id\":\"https:\/\/eldromedariorecords.com\/web\/presentacion-la-ves-presingle-videoclip-del-nuevo-trabajo-lulu\/#primaryimage\"},\"datePublished\":\"2018-01-26T09:23:01+00:00\",\"dateModified\":\"2018-01-26T09:23:01+00:00\",\"breadcrumb\":{\"@id\":\"https:\/\/eldromedariorecords.com\/web\/presentacion-la-ves-presingle-videoclip-del-nuevo-trabajo-lulu\/#breadcrumb\"},\"inLanguage\":\"es\",\"potentialAction\":[{\"@type\":\"ReadAction\",\"target\":[\"https:\/\/eldromedariorecords.com\/web\/presentacion-la-ves-presingle-videoclip-del-nuevo-trabajo-lulu\/\"]}]},{\"@type\":\"BreadcrumbList\",\"@id\":\"https:\/\/eldromedariorecords.com\/web\/presentacion-la-ves-presingle-videoclip-del-nuevo-trabajo-lulu\/#breadcrumb\",\"itemListElement\":[{\"@type\":\"ListItem\",\"position\":1,\"name\":\"Portada\",\"item\":\"https:\/\/eldromedariorecords.com\/web\/inicio\/\"},{\"@type\":\"ListItem\",\"position\":2,\"name\":\"Presentaci\\u00f3n de Si la ves, presingle y videoclip del nuevo trabajo de L\\u00fclu\"}]},{\"@type\":\"Article\",\"@id\":\"https:\/\/eldromedariorecords.com\/web\/presentacion-la-ves-presingle-videoclip-del-nuevo-trabajo-lulu\/#article\",\"isPartOf\":{\"@id\":\"https:\/\/eldromedariorecords.com\/web\/presentacion-la-ves-presingle-videoclip-del-nuevo-trabajo-lulu\/#webpage\"},\"author\":{\"@id\":\"https:\/\/eldromedariorecords.com\/web\/#\/schema\/person\/71690da9dcd1ce3d7409664303024b87\"},\"headline\":\"Presentaci\\u00f3n de Si la ves, presingle y videoclip del nuevo trabajo de L\\u00fclu\",\"datePublished\":\"2018-01-26T09:23:01+00:00\",\"dateModified\":\"2018-01-26T09:23:01+00:00\",\"mainEntityOfPage\":{\"@id\":\"https:\/\/eldromedariorecords.com\/web\/presentacion-la-ves-presingle-videoclip-del-nuevo-trabajo-lulu\/#webpage\"},\"wordCount\":195,\"publisher\":{\"@id\":\"https:\/\/eldromedariorecords.com\/web\/#organization\"},\"image\":{\"@id\":\"https:\/\/eldromedariorecords.com\/web\/presentacion-la-ves-presingle-videoclip-del-nuevo-trabajo-lulu\/#primaryimage\"},\"thumbnailUrl\":\"https:\/\/eldromedariorecords.com\/web\/wp-content\/uploads\/2018\/01\/lulu-video.jpg\",\"keywords\":[\"De aquellos polvos\",\"Forraje\",\"Kutxi Romero\",\"L\\u00fclu\",\"Si la ves\"],\"articleSection\":[\"Otros\"],\"inLanguage\":\"es\"},{\"@type\":\"Person\",\"@id\":\"https:\/\/eldromedariorecords.com\/web\/#\/schema\/person\/71690da9dcd1ce3d7409664303024b87\",\"name\":\"Iosu\",\"image\":{\"@type\":\"ImageObject\",\"@id\":\"https:\/\/eldromedariorecords.com\/web\/#personlogo\",\"inLanguage\":\"es\",\"url\":\"https:\/\/secure.gravatar.com\/avatar\/4225fb5a2e5d3e2effd3ee240c8f8d9d?s=96&d=mm&r=g\",\"contentUrl\":\"https:\/\/secure.gravatar.com\/avatar\/4225fb5a2e5d3e2effd3ee240c8f8d9d?s=96&d=mm&r=g\",\"caption\":\"Iosu\"}}]}<\/script>\n<!-- \/ Yoast SEO plugin. -->","_links":{"self":[{"href":"https:\/\/eldromedariorecords.com\/web\/wp-json\/wp\/v2\/posts\/4805"}],"collection":[{"href":"https:\/\/eldromedariorecords.com\/web\/wp-json\/wp\/v2\/posts"}],"about":[{"href":"https:\/\/eldromedariorecords.com\/web\/wp-json\/wp\/v2\/types\/post"}],"author":[{"embeddable":true,"href":"https:\/\/eldromedariorecords.com\/web\/wp-json\/wp\/v2\/users\/3"}],"replies":[{"embeddable":true,"href":"https:\/\/eldromedariorecords.com\/web\/wp-json\/wp\/v2\/comments?post=4805"}],"version-history":[{"count":0,"href":"https:\/\/eldromedariorecords.com\/web\/wp-json\/wp\/v2\/posts\/4805\/revisions"}],"wp:featuredmedia":[{"embeddable":true,"href":"https:\/\/eldromedariorecords.com\/web\/wp-json\/wp\/v2\/media\/4804"}],"wp:attachment":[{"href":"https:\/\/eldromedariorecords.com\/web\/wp-json\/wp\/v2\/media?parent=4805"}],"wp:term":[{"taxonomy":"category","embeddable":true,"href":"https:\/\/eldromedariorecords.com\/web\/wp-json\/wp\/v2\/categories?post=4805"},{"taxonomy":"post_tag","embeddable":true,"href":"https:\/\/eldromedariorecords.com\/web\/wp-json\/wp\/v2\/tags?post=4805"}],"curies":[{"name":"wp","href":"https:\/\/api.w.org\/{rel}","templated":true}]}}