{"id":4676,"date":"2017-12-12T12:08:33","date_gmt":"2017-12-12T12:08:33","guid":{"rendered":"https:\/\/eldromedariorecords.com\/web\/?p=4676"},"modified":"2017-12-13T11:34:12","modified_gmt":"2017-12-13T11:34:12","slug":"parabellum-regresa-lo-grande-confirmados-vina-rock-2018","status":"publish","type":"post","link":"https:\/\/eldromedariorecords.com\/web\/parabellum-regresa-lo-grande-confirmados-vina-rock-2018\/","title":{"rendered":"Parabellum regresa a lo grande: confirmados para el Vi\u00f1a Rock 2018"},"content":{"rendered":"<p><img loading=\"lazy\" class=\"aligncenter size-full wp-image-4240\" src=\"https:\/\/eldromedariorecords.com\/web\/wp-content\/uploads\/2017\/10\/Parabellum_directo.jpg\" alt=\"\" width=\"600\" height=\"369\" srcset=\"https:\/\/eldromedariorecords.com\/web\/wp-content\/uploads\/2017\/10\/Parabellum_directo.jpg 600w, https:\/\/eldromedariorecords.com\/web\/wp-content\/uploads\/2017\/10\/Parabellum_directo-300x185.jpg 300w, https:\/\/eldromedariorecords.com\/web\/wp-content\/uploads\/2017\/10\/Parabellum_directo-450x277.jpg 450w\" sizes=\"(max-width: 600px) 100vw, 600px\" \/><\/p>\n<p>Parabellum es una banda de m\u00fasica creada en\u00a01984\u00a0en Baracaldo, Bizkaia. Su formaci\u00f3n m\u00e1s estable fue la integrada por Juan Carlos Lera, Josu Korkostegi, Lino Prieto y Txetxu Mart\u00ednez Bizkaia. A d\u00eda de hoy Parabellum vuelven a la m\u00e1s rabiosa actualidad por su inminente regreso a los escenarios, siendo sus componentes Josu Korkostegi, voz y bater\u00eda; Lino Prieto, bajo\u00a0y voces, y Pedro de la Osa, guitarra y voz, incorporado en 2003.<\/p>\n<p>Los de Baracaldo cuentan con los siguientes trabajos en el mercado: <em>No hay opci\u00f3n (<a href=\"https:\/\/itunes.apple.com\/mx\/album\/no-hay-opcion\/id610026250\">iTunes<\/a> y <a href=\"https:\/\/open.spotify.com\/album\/4eB8aGKdXYhBYs9wchzG2U\">Spotify<\/a>)<\/em>, <em>\u00a0Bronka En El Bar\u00a0(<a href=\"https:\/\/itunes.apple.com\/mx\/album\/no-hay-opcion\/id610026250\">iTunes<\/a> y <a href=\"https:\/\/open.spotify.com\/album\/7p36K38s9oycsl3FgVZVNL\">Spotify<\/a>)<\/em>, <em>Hace Falta&#8230;? (<a href=\"https:\/\/itunes.apple.com\/mx\/album\/hace-falta\/id215678670\">iTunes<\/a> y <a href=\"https:\/\/open.spotify.com\/album\/5t0HwnzCCMGcMmervnzQRY\">Spotify<\/a>), Txarriboda\u00a0(<a href=\"https:\/\/itunes.apple.com\/es\/album\/txarriboda\/id215679570\">iTunes<\/a> y <a href=\"https:\/\/open.spotify.com\/album\/0oinqYohBbKkkPCzPWzltN\">Spotify<\/a>)<\/em> y\u00a0<em>Adelante Sin Cabeza\u00a0(<a href=\"https:\/\/itunes.apple.com\/es\/album\/txarriboda\/id215679570\">iTunes<\/a> y <a href=\"https:\/\/open.spotify.com\/album\/26mhwZOg6Q5MZBbvoJyeE3\">Spotify<\/a>)<\/em>; con la banda ya en estado latente, sin actividad p\u00fablica desde finales de los a\u00f1os 90, 2002 ve la publicaci\u00f3n de un recopilatorio, <em>Envenenado\u00a0(<a href=\"https:\/\/itunes.apple.com\/es\/album\/envenenado\/id215548674\">iTunes<\/a> y <a href=\"https:\/\/open.spotify.com\/album\/5GO7H2fSWsSs8QA7ahTcsK\">Spotify<\/a>)<\/em>. A una con su publicaci\u00f3n Parabellum deciden darse una segunda oportunidad, reanudando su actividad al a\u00f1o siguiente. Dicho t\u00edtulo, <em>Envenenado<\/em>, es todo un homenaje a una de las m\u00e1s aclamadas composiciones del grupo, protagonista en 1992 de un videoclip rodado bajo la direcci\u00f3n de Manolo Gil. El clip consigui\u00f3 un gran \u00e9xito de cr\u00edtica y fue seleccionado para la muestra VideoClip92, celebrada dentro de los actos de Madrid Capital Europea de la Cultura.<\/p>\n<p>En 2004, durante un concierto en Zaragoza en el Pilar, Lera se siente indispuesto,\u00a0 sufriendo un infarto que supera pero que marca el comienzo de sus problemas de salud. Como consecuencia de ello la banda espacia sus actuaciones, ofreciendo conciertos de manera muy puntual. Finalmente Juan Carlos Lera fallece en 2014.<\/p>\n<p>Fuera de toda duda, tras unos a\u00f1os de ausencia, la vuelta de Parabellum a los escenarios es el mejor homenaje a Lera que cab\u00eda esperarse. Contin\u00faa la leyenda.<\/p>\n<div class='avia-iframe-wrap'><iframe loading=\"lazy\" width=\"1333\" height=\"1000\" src=\"https:\/\/www.youtube.com\/embed\/-Ta5MkkaRMY?feature=oembed\" frameborder=\"0\" gesture=\"media\" allow=\"encrypted-media\" allowfullscreen><\/iframe><\/div>\n<p>&nbsp;<\/p>\n<p><img loading=\"lazy\" class=\"aligncenter size-full wp-image-4675\" src=\"https:\/\/eldromedariorecords.com\/web\/wp-content\/uploads\/2017\/12\/PARABELLUM-EN-EL-VI\u00d1A-ROCK-CARTEL_n.jpg\" alt=\"\" width=\"960\" height=\"960\" srcset=\"https:\/\/eldromedariorecords.com\/web\/wp-content\/uploads\/2017\/12\/PARABELLUM-EN-EL-VI\u00d1A-ROCK-CARTEL_n.jpg 960w, https:\/\/eldromedariorecords.com\/web\/wp-content\/uploads\/2017\/12\/PARABELLUM-EN-EL-VI\u00d1A-ROCK-CARTEL_n-80x80.jpg 80w, https:\/\/eldromedariorecords.com\/web\/wp-content\/uploads\/2017\/12\/PARABELLUM-EN-EL-VI\u00d1A-ROCK-CARTEL_n-300x300.jpg 300w, https:\/\/eldromedariorecords.com\/web\/wp-content\/uploads\/2017\/12\/PARABELLUM-EN-EL-VI\u00d1A-ROCK-CARTEL_n-768x768.jpg 768w, https:\/\/eldromedariorecords.com\/web\/wp-content\/uploads\/2017\/12\/PARABELLUM-EN-EL-VI\u00d1A-ROCK-CARTEL_n-600x600.jpg 600w, https:\/\/eldromedariorecords.com\/web\/wp-content\/uploads\/2017\/12\/PARABELLUM-EN-EL-VI\u00d1A-ROCK-CARTEL_n-36x36.jpg 36w, https:\/\/eldromedariorecords.com\/web\/wp-content\/uploads\/2017\/12\/PARABELLUM-EN-EL-VI\u00d1A-ROCK-CARTEL_n-180x180.jpg 180w, https:\/\/eldromedariorecords.com\/web\/wp-content\/uploads\/2017\/12\/PARABELLUM-EN-EL-VI\u00d1A-ROCK-CARTEL_n-705x705.jpg 705w, https:\/\/eldromedariorecords.com\/web\/wp-content\/uploads\/2017\/12\/PARABELLUM-EN-EL-VI\u00d1A-ROCK-CARTEL_n-120x120.jpg 120w, https:\/\/eldromedariorecords.com\/web\/wp-content\/uploads\/2017\/12\/PARABELLUM-EN-EL-VI\u00d1A-ROCK-CARTEL_n-450x450.jpg 450w\" sizes=\"(max-width: 960px) 100vw, 960px\" \/><\/p>\n","protected":false},"excerpt":{"rendered":"<p>Parabellum es una banda de m\u00fasica creada en\u00a01984\u00a0en Baracaldo, Bizkaia. Su formaci\u00f3n m\u00e1s estable fue la integrada por Juan Carlos Lera, Josu Korkostegi, Lino Prieto y Txetxu Mart\u00ednez Bizkaia. A d\u00eda de hoy Parabellum vuelven a la m\u00e1s rabiosa actualidad por su inminente regreso a los escenarios, siendo sus componentes Josu Korkostegi, voz y bater\u00eda; [&hellip;]<\/p>\n","protected":false},"author":3,"featured_media":4675,"comment_status":"closed","ping_status":"open","sticky":false,"template":"","format":"standard","meta":[],"categories":[72],"tags":[576,577],"yoast_head":"<!-- This site is optimized with the Yoast SEO plugin v16.5 - https:\/\/yoast.com\/wordpress\/plugins\/seo\/ -->\n<title>Parabellum regresa a lo grande: confirmados para el Vi\u00f1a Rock 2018 - El Dromedario Records<\/title>\n<meta name=\"robots\" content=\"index, follow, max-snippet:-1, max-image-preview:large, max-video-preview:-1\" \/>\n<link rel=\"canonical\" href=\"https:\/\/eldromedariorecords.com\/web\/parabellum-regresa-lo-grande-confirmados-vina-rock-2018\/\" \/>\n<meta property=\"og:locale\" content=\"es_ES\" \/>\n<meta property=\"og:type\" content=\"article\" \/>\n<meta property=\"og:title\" content=\"Parabellum regresa a lo grande: confirmados para el Vi\u00f1a Rock 2018 - El Dromedario Records\" \/>\n<meta property=\"og:description\" content=\"Parabellum es una banda de m\u00fasica creada en\u00a01984\u00a0en Baracaldo, Bizkaia. Su formaci\u00f3n m\u00e1s estable fue la integrada por Juan Carlos Lera, Josu Korkostegi, Lino Prieto y Txetxu Mart\u00ednez Bizkaia. A d\u00eda de hoy Parabellum vuelven a la m\u00e1s rabiosa actualidad por su inminente regreso a los escenarios, siendo sus componentes Josu Korkostegi, voz y bater\u00eda; [&hellip;]\" \/>\n<meta property=\"og:url\" content=\"https:\/\/eldromedariorecords.com\/web\/parabellum-regresa-lo-grande-confirmados-vina-rock-2018\/\" \/>\n<meta property=\"og:site_name\" content=\"El Dromedario Records\" \/>\n<meta property=\"article:published_time\" content=\"2017-12-12T12:08:33+00:00\" \/>\n<meta property=\"article:modified_time\" content=\"2017-12-13T11:34:12+00:00\" \/>\n<meta property=\"og:image\" content=\"https:\/\/eldromedariorecords.melboss.com\/web\/wp-content\/uploads\/2017\/12\/PARABELLUM-EN-EL-VI\u00d1A-ROCK-CARTEL_n.jpg\" \/>\n\t<meta property=\"og:image:width\" content=\"960\" \/>\n\t<meta property=\"og:image:height\" content=\"960\" \/>\n<meta name=\"twitter:card\" content=\"summary\" \/>\n<meta name=\"twitter:label1\" content=\"Tiempo de lectura\" \/>\n\t<meta name=\"twitter:data1\" content=\"2 minutos\" \/>\n<script type=\"application\/ld+json\" class=\"yoast-schema-graph\">{\"@context\":\"https:\/\/schema.org\",\"@graph\":[{\"@type\":\"Organization\",\"@id\":\"https:\/\/eldromedariorecords.com\/web\/#organization\",\"name\":\"El Dromedario Records\",\"url\":\"https:\/\/eldromedariorecords.com\/web\/\",\"sameAs\":[],\"logo\":{\"@type\":\"ImageObject\",\"@id\":\"https:\/\/eldromedariorecords.com\/web\/#logo\",\"inLanguage\":\"es\",\"url\":\"https:\/\/eldromedariorecords.melboss.com\/web\/wp-content\/uploads\/2021\/06\/logo-dromedario-negro.png\",\"contentUrl\":\"https:\/\/eldromedariorecords.melboss.com\/web\/wp-content\/uploads\/2021\/06\/logo-dromedario-negro.png\",\"width\":800,\"height\":624,\"caption\":\"El Dromedario Records\"},\"image\":{\"@id\":\"https:\/\/eldromedariorecords.com\/web\/#logo\"}},{\"@type\":\"WebSite\",\"@id\":\"https:\/\/eldromedariorecords.com\/web\/#website\",\"url\":\"https:\/\/eldromedariorecords.com\/web\/\",\"name\":\"El Dromedario Records\",\"description\":\"Discogr\\u00e1fica El Dromedario Records\",\"publisher\":{\"@id\":\"https:\/\/eldromedariorecords.com\/web\/#organization\"},\"potentialAction\":[{\"@type\":\"SearchAction\",\"target\":\"https:\/\/eldromedariorecords.com\/web\/?s={search_term_string}\",\"query-input\":\"required name=search_term_string\"}],\"inLanguage\":\"es\"},{\"@type\":\"ImageObject\",\"@id\":\"https:\/\/eldromedariorecords.com\/web\/parabellum-regresa-lo-grande-confirmados-vina-rock-2018\/#primaryimage\",\"inLanguage\":\"es\",\"url\":\"https:\/\/eldromedariorecords.com\/web\/wp-content\/uploads\/2017\/12\/PARABELLUM-EN-EL-VI\\u00d1A-ROCK-CARTEL_n.jpg\",\"contentUrl\":\"https:\/\/eldromedariorecords.com\/web\/wp-content\/uploads\/2017\/12\/PARABELLUM-EN-EL-VI\\u00d1A-ROCK-CARTEL_n.jpg\",\"width\":960,\"height\":960},{\"@type\":\"WebPage\",\"@id\":\"https:\/\/eldromedariorecords.com\/web\/parabellum-regresa-lo-grande-confirmados-vina-rock-2018\/#webpage\",\"url\":\"https:\/\/eldromedariorecords.com\/web\/parabellum-regresa-lo-grande-confirmados-vina-rock-2018\/\",\"name\":\"Parabellum regresa a lo grande: confirmados para el Vi\\u00f1a Rock 2018 - El Dromedario Records\",\"isPartOf\":{\"@id\":\"https:\/\/eldromedariorecords.com\/web\/#website\"},\"primaryImageOfPage\":{\"@id\":\"https:\/\/eldromedariorecords.com\/web\/parabellum-regresa-lo-grande-confirmados-vina-rock-2018\/#primaryimage\"},\"datePublished\":\"2017-12-12T12:08:33+00:00\",\"dateModified\":\"2017-12-13T11:34:12+00:00\",\"breadcrumb\":{\"@id\":\"https:\/\/eldromedariorecords.com\/web\/parabellum-regresa-lo-grande-confirmados-vina-rock-2018\/#breadcrumb\"},\"inLanguage\":\"es\",\"potentialAction\":[{\"@type\":\"ReadAction\",\"target\":[\"https:\/\/eldromedariorecords.com\/web\/parabellum-regresa-lo-grande-confirmados-vina-rock-2018\/\"]}]},{\"@type\":\"BreadcrumbList\",\"@id\":\"https:\/\/eldromedariorecords.com\/web\/parabellum-regresa-lo-grande-confirmados-vina-rock-2018\/#breadcrumb\",\"itemListElement\":[{\"@type\":\"ListItem\",\"position\":1,\"name\":\"Portada\",\"item\":\"https:\/\/eldromedariorecords.com\/web\/inicio\/\"},{\"@type\":\"ListItem\",\"position\":2,\"name\":\"Parabellum regresa a lo grande: confirmados para el Vi\\u00f1a Rock 2018\"}]},{\"@type\":\"Article\",\"@id\":\"https:\/\/eldromedariorecords.com\/web\/parabellum-regresa-lo-grande-confirmados-vina-rock-2018\/#article\",\"isPartOf\":{\"@id\":\"https:\/\/eldromedariorecords.com\/web\/parabellum-regresa-lo-grande-confirmados-vina-rock-2018\/#webpage\"},\"author\":{\"@id\":\"https:\/\/eldromedariorecords.com\/web\/#\/schema\/person\/71690da9dcd1ce3d7409664303024b87\"},\"headline\":\"Parabellum regresa a lo grande: confirmados para el Vi\\u00f1a Rock 2018\",\"datePublished\":\"2017-12-12T12:08:33+00:00\",\"dateModified\":\"2017-12-13T11:34:12+00:00\",\"mainEntityOfPage\":{\"@id\":\"https:\/\/eldromedariorecords.com\/web\/parabellum-regresa-lo-grande-confirmados-vina-rock-2018\/#webpage\"},\"wordCount\":327,\"publisher\":{\"@id\":\"https:\/\/eldromedariorecords.com\/web\/#organization\"},\"image\":{\"@id\":\"https:\/\/eldromedariorecords.com\/web\/parabellum-regresa-lo-grande-confirmados-vina-rock-2018\/#primaryimage\"},\"thumbnailUrl\":\"https:\/\/eldromedariorecords.com\/web\/wp-content\/uploads\/2017\/12\/PARABELLUM-EN-EL-VI\\u00d1A-ROCK-CARTEL_n.jpg\",\"keywords\":[\"Parabellum\",\"Vi\\u00f1a Rock 2018\"],\"articleSection\":[\"Otros\"],\"inLanguage\":\"es\"},{\"@type\":\"Person\",\"@id\":\"https:\/\/eldromedariorecords.com\/web\/#\/schema\/person\/71690da9dcd1ce3d7409664303024b87\",\"name\":\"Iosu\",\"image\":{\"@type\":\"ImageObject\",\"@id\":\"https:\/\/eldromedariorecords.com\/web\/#personlogo\",\"inLanguage\":\"es\",\"url\":\"https:\/\/secure.gravatar.com\/avatar\/4225fb5a2e5d3e2effd3ee240c8f8d9d?s=96&d=mm&r=g\",\"contentUrl\":\"https:\/\/secure.gravatar.com\/avatar\/4225fb5a2e5d3e2effd3ee240c8f8d9d?s=96&d=mm&r=g\",\"caption\":\"Iosu\"}}]}<\/script>\n<!-- \/ Yoast SEO plugin. -->","_links":{"self":[{"href":"https:\/\/eldromedariorecords.com\/web\/wp-json\/wp\/v2\/posts\/4676"}],"collection":[{"href":"https:\/\/eldromedariorecords.com\/web\/wp-json\/wp\/v2\/posts"}],"about":[{"href":"https:\/\/eldromedariorecords.com\/web\/wp-json\/wp\/v2\/types\/post"}],"author":[{"embeddable":true,"href":"https:\/\/eldromedariorecords.com\/web\/wp-json\/wp\/v2\/users\/3"}],"replies":[{"embeddable":true,"href":"https:\/\/eldromedariorecords.com\/web\/wp-json\/wp\/v2\/comments?post=4676"}],"version-history":[{"count":0,"href":"https:\/\/eldromedariorecords.com\/web\/wp-json\/wp\/v2\/posts\/4676\/revisions"}],"wp:featuredmedia":[{"embeddable":true,"href":"https:\/\/eldromedariorecords.com\/web\/wp-json\/wp\/v2\/media\/4675"}],"wp:attachment":[{"href":"https:\/\/eldromedariorecords.com\/web\/wp-json\/wp\/v2\/media?parent=4676"}],"wp:term":[{"taxonomy":"category","embeddable":true,"href":"https:\/\/eldromedariorecords.com\/web\/wp-json\/wp\/v2\/categories?post=4676"},{"taxonomy":"post_tag","embeddable":true,"href":"https:\/\/eldromedariorecords.com\/web\/wp-json\/wp\/v2\/tags?post=4676"}],"curies":[{"name":"wp","href":"https:\/\/api.w.org\/{rel}","templated":true}]}}