{"id":43021,"date":"2025-09-12T11:15:45","date_gmt":"2025-09-12T09:15:45","guid":{"rendered":"https:\/\/eldromedariorecords.com\/web\/?p=43021"},"modified":"2025-09-12T11:15:49","modified_gmt":"2025-09-12T09:15:49","slug":"hard-folk-primer-videoclip-de-adelanto-del-quinto-disco-de-los-ninos-de-los-ojos-rojos","status":"publish","type":"post","link":"https:\/\/eldromedariorecords.com\/web\/hard-folk-primer-videoclip-de-adelanto-del-quinto-disco-de-los-ninos-de-los-ojos-rojos\/","title":{"rendered":"\u201cHard Folk\u201d, primer videoclip de adelanto del quinto disco de los Ni\u00f1os de los Ojos Rojos"},"content":{"rendered":"\n<figure class=\"wp-block-embed is-type-video is-provider-youtube wp-block-embed-youtube wp-embed-aspect-16-9 wp-has-aspect-ratio\"><div class=\"wp-block-embed__wrapper\">\n<div class='avia-iframe-wrap'><iframe loading=\"lazy\" title=\"Los Ni\u00f1os de los Ojos Rojos feat. Dubioza Kolektiv &quot;Hard Folk&quot;  (Video oficial)\" width=\"1500\" height=\"844\" src=\"https:\/\/www.youtube.com\/embed\/HnAgy-dhroE?feature=oembed\" frameborder=\"0\" allow=\"accelerometer; autoplay; clipboard-write; encrypted-media; gyroscope; picture-in-picture; web-share\" referrerpolicy=\"strict-origin-when-cross-origin\" allowfullscreen><\/iframe><\/div>\n<\/div><\/figure>\n\n\n\n<p>Presentamos \u201cHard Folk\u201d, videoclip de adelanto del pr\u00f3ximo \u00e1lbum de <a href=\"https:\/\/losninosdelosojosrojos.com\/\">los Ni\u00f1os de los Ojos Rojos<\/a>, de id\u00e9ntico t\u00edtulo. La canci\u00f3n, adem\u00e1s, se presenta como banda sonora de la gira de igual denominaci\u00f3n, de celebraci\u00f3n del 25\u00ba aniversario de la creaci\u00f3n del grupo. Para llevar la grabaci\u00f3n al mejor de los puertos se cont\u00f3 con la colaboraci\u00f3n de los referenciales <a href=\"https:\/\/dubioza.org\/\">Dubioza Kolektiv<\/a>.\u00a0 El videoclip ya puede verse en Youtube, y la canci\u00f3n ya est\u00e1 a disposici\u00f3n de todos en las <a href=\"https:\/\/eldromedariorecords.ffm.to\/hardfolk?fbclid=IwY2xjawMvctNleHRuA2FlbQIxMABicmlkETA2b0p5QUd6emREMURldVBPAR4eImRWJ8zaPe8FAy6EKEdf6xPAH_TRz3N0uiH4A60hDBHNy2CDFFgxW9xFTQ_aem_mwKUQTc7JXrUxeIjTE9tKg\">plataformas digitales<\/a>.<\/p>\n\n\n\n<p>El s\u00e1bado 13 la banda actuar\u00e1 en Vallekas en el<a href=\"https:\/\/www.madrid.es\/portales\/munimadrid\/es\/Inicio\/Cultura-ocio-y-deporte\/Actividades-y-eventos\/MagiCeltica\/?vgnextfmt=default&amp;vgnextoid=23b3a47f64d4f810VgnVCM1000001d4a900aRCRD&amp;vgnextchannel=6381f073808fe410VgnVCM2000000c205a0aRCRD\"> ciclo MagiC\u00e9ltica,<\/a> con entrada gratuita; el viernes 19, en la <a href=\"https:\/\/ticketrona.com\/evento\/los-ninos-de-los-ojos-rojos-en-salamanca-en-salamanca\">sala Camelot Club de Salamanca<\/a>, y el s\u00e1bado 20, en la <a href=\"https:\/\/ticketfever.es\/events\/concierto-los-ninos-de-los-ojos-rojos-grim-paradise-en-madrid\">sala Nazca de Madrid<\/a>.<\/p>\n\n\n\n<figure class=\"wp-block-image size-large\"><a href=\"https:\/\/eldromedariorecords.ffm.to\/hardfolk?fbclid=IwY2xjawMvctNleHRuA2FlbQIxMABicmlkETA2b0p5QUd6emREMURldVBPAR4eImRWJ8zaPe8FAy6EKEdf6xPAH_TRz3N0uiH4A60hDBHNy2CDFFgxW9xFTQ_aem_mwKUQTc7JXrUxeIjTE9tKg \"><img loading=\"lazy\" width=\"1500\" height=\"1500\" src=\"https:\/\/eldromedariorecords.com\/web\/wp-content\/uploads\/2025\/09\/nor-x-dubioza-1-1500x1500.jpg\" alt=\"\" class=\"wp-image-43023\" srcset=\"https:\/\/eldromedariorecords.com\/web\/wp-content\/uploads\/2025\/09\/nor-x-dubioza-1-1500x1500.jpg 1500w, https:\/\/eldromedariorecords.com\/web\/wp-content\/uploads\/2025\/09\/nor-x-dubioza-1-300x300.jpg 300w, https:\/\/eldromedariorecords.com\/web\/wp-content\/uploads\/2025\/09\/nor-x-dubioza-1-80x80.jpg 80w, https:\/\/eldromedariorecords.com\/web\/wp-content\/uploads\/2025\/09\/nor-x-dubioza-1-768x768.jpg 768w, https:\/\/eldromedariorecords.com\/web\/wp-content\/uploads\/2025\/09\/nor-x-dubioza-1-1536x1536.jpg 1536w, https:\/\/eldromedariorecords.com\/web\/wp-content\/uploads\/2025\/09\/nor-x-dubioza-1-2048x2048.jpg 2048w, https:\/\/eldromedariorecords.com\/web\/wp-content\/uploads\/2025\/09\/nor-x-dubioza-1-36x36.jpg 36w, https:\/\/eldromedariorecords.com\/web\/wp-content\/uploads\/2025\/09\/nor-x-dubioza-1-180x180.jpg 180w, https:\/\/eldromedariorecords.com\/web\/wp-content\/uploads\/2025\/09\/nor-x-dubioza-1-705x705.jpg 705w\" sizes=\"(max-width: 1500px) 100vw, 1500px\" \/><\/a><\/figure>\n\n\n\n<p>Con la explosiva e imprescindible participaci\u00f3n de Dubioza Kolektiv, \u201cHard Folk\u201d se articula sobre ritmos trepidantes que discurren a velocidad de v\u00e9rtigo, dando lugar a una pura y desenfrenada org\u00eda musical de indisimulable querencia hacia los sonidos balc\u00e1nicos. Y todo ello jugando y conjugando idiomas igualmente, rompiendo de este modo todo tipo de &nbsp;fronteras.<\/p>\n\n\n\n<p>El videoclip nos presenta a ambas bandas como lo que son, una letal erupci\u00f3n sonora, una incendiaria entente al servicio de la fiesta, el desenfreno y la multiculturalidad.<\/p>\n\n\n\n<p>Los Ni\u00f1os de los Ojos Rojos son una banda internacional de folk que, fusionando rap, disco, reggae, ska y funk con m\u00fasica tradicional balc\u00e1nica, irlandesa y extreme\u00f1a -entre otras-, siendo pioneros en ello, llevan desde el a\u00f1o 2000 conquistando escenarios. En este tiempo han ofrecido cerca de mil conciertos.<\/p>\n\n\n\n<p>A la espera de la publicaci\u00f3n de \u201cHard Folk\u201d (llamado a ser su quinto disco de estudio), cuatro trabajos conforman su discograf\u00eda: \u201cVenga enseguida\u201d (2001), \u201cHijos del humo\u201d (2005), \u201cLo veo todo claro\u201d (2010), y \u201cRegreso a la comarca\u201d, 2017.<\/p>\n\n\n\n<p>El grupo est\u00e1 integrado actualmente por Hamfry 22, a la voz y beat box; Jasm\u00edn Mesic, guitarra el\u00e9ctrica; Hecto Alv\u00cdz, viol\u00edn y coros; David Lerman, bajo y coros; Manu\u00e9, guitarra y bouzuki; Vicky Gonz\u00e1lez, bater\u00eda y coros, y Santiago Barrantes, turntablist.<\/p>\n","protected":false},"excerpt":{"rendered":"<p>Presentamos \u201cHard Folk\u201d, videoclip de adelanto del pr\u00f3ximo \u00e1lbum de los Ni\u00f1os de los Ojos Rojos, de id\u00e9ntico t\u00edtulo. La canci\u00f3n, adem\u00e1s, se presenta como banda sonora de la gira de igual denominaci\u00f3n, de celebraci\u00f3n del 25\u00ba aniversario de la creaci\u00f3n del grupo. Para llevar la grabaci\u00f3n al mejor de los puertos se cont\u00f3 con [&hellip;]<\/p>\n","protected":false},"author":14,"featured_media":43022,"comment_status":"closed","ping_status":"open","sticky":false,"template":"","format":"standard","meta":[],"categories":[1743],"tags":[1286,1745,1744,1661,153],"yoast_head":"<!-- This site is optimized with the Yoast SEO plugin v16.5 - https:\/\/yoast.com\/wordpress\/plugins\/seo\/ -->\n<title>\u201cHard Folk\u201d, primer videoclip de adelanto del quinto disco de los Ni\u00f1os de los Ojos Rojos - El Dromedario Records<\/title>\n<meta name=\"robots\" content=\"index, follow, max-snippet:-1, max-image-preview:large, max-video-preview:-1\" \/>\n<link rel=\"canonical\" href=\"https:\/\/eldromedariorecords.com\/web\/hard-folk-primer-videoclip-de-adelanto-del-quinto-disco-de-los-ninos-de-los-ojos-rojos\/\" \/>\n<meta property=\"og:locale\" content=\"es_ES\" \/>\n<meta property=\"og:type\" content=\"article\" \/>\n<meta property=\"og:title\" content=\"\u201cHard Folk\u201d, primer videoclip de adelanto del quinto disco de los Ni\u00f1os de los Ojos Rojos - El Dromedario Records\" \/>\n<meta property=\"og:description\" content=\"Presentamos \u201cHard Folk\u201d, videoclip de adelanto del pr\u00f3ximo \u00e1lbum de los Ni\u00f1os de los Ojos Rojos, de id\u00e9ntico t\u00edtulo. La canci\u00f3n, adem\u00e1s, se presenta como banda sonora de la gira de igual denominaci\u00f3n, de celebraci\u00f3n del 25\u00ba aniversario de la creaci\u00f3n del grupo. Para llevar la grabaci\u00f3n al mejor de los puertos se cont\u00f3 con [&hellip;]\" \/>\n<meta property=\"og:url\" content=\"https:\/\/eldromedariorecords.com\/web\/hard-folk-primer-videoclip-de-adelanto-del-quinto-disco-de-los-ninos-de-los-ojos-rojos\/\" \/>\n<meta property=\"og:site_name\" content=\"El Dromedario Records\" \/>\n<meta property=\"article:published_time\" content=\"2025-09-12T09:15:45+00:00\" \/>\n<meta property=\"article:modified_time\" content=\"2025-09-12T09:15:49+00:00\" \/>\n<meta property=\"og:image\" content=\"https:\/\/eldromedariorecords.com\/web\/wp-content\/uploads\/2025\/09\/nor-x-dubioza-768x768.jpg\" \/>\n\t<meta property=\"og:image:width\" content=\"768\" \/>\n\t<meta property=\"og:image:height\" content=\"768\" \/>\n<meta name=\"twitter:card\" content=\"summary\" \/>\n<meta name=\"twitter:label1\" content=\"Tiempo de lectura\" \/>\n\t<meta name=\"twitter:data1\" content=\"2 minutos\" \/>\n<script type=\"application\/ld+json\" class=\"yoast-schema-graph\">{\"@context\":\"https:\/\/schema.org\",\"@graph\":[{\"@type\":\"Organization\",\"@id\":\"https:\/\/eldromedariorecords.com\/web\/#organization\",\"name\":\"El Dromedario Records\",\"url\":\"https:\/\/eldromedariorecords.com\/web\/\",\"sameAs\":[],\"logo\":{\"@type\":\"ImageObject\",\"@id\":\"https:\/\/eldromedariorecords.com\/web\/#logo\",\"inLanguage\":\"es\",\"url\":\"https:\/\/eldromedariorecords.melboss.com\/web\/wp-content\/uploads\/2021\/06\/logo-dromedario-negro.png\",\"contentUrl\":\"https:\/\/eldromedariorecords.melboss.com\/web\/wp-content\/uploads\/2021\/06\/logo-dromedario-negro.png\",\"width\":800,\"height\":624,\"caption\":\"El Dromedario Records\"},\"image\":{\"@id\":\"https:\/\/eldromedariorecords.com\/web\/#logo\"}},{\"@type\":\"WebSite\",\"@id\":\"https:\/\/eldromedariorecords.com\/web\/#website\",\"url\":\"https:\/\/eldromedariorecords.com\/web\/\",\"name\":\"El Dromedario Records\",\"description\":\"Discogr\\u00e1fica El Dromedario Records\",\"publisher\":{\"@id\":\"https:\/\/eldromedariorecords.com\/web\/#organization\"},\"potentialAction\":[{\"@type\":\"SearchAction\",\"target\":\"https:\/\/eldromedariorecords.com\/web\/?s={search_term_string}\",\"query-input\":\"required name=search_term_string\"}],\"inLanguage\":\"es\"},{\"@type\":\"ImageObject\",\"@id\":\"https:\/\/eldromedariorecords.com\/web\/hard-folk-primer-videoclip-de-adelanto-del-quinto-disco-de-los-ninos-de-los-ojos-rojos\/#primaryimage\",\"inLanguage\":\"es\",\"url\":\"https:\/\/eldromedariorecords.com\/web\/wp-content\/uploads\/2025\/09\/nor-x-dubioza-scaled.jpg\",\"contentUrl\":\"https:\/\/eldromedariorecords.com\/web\/wp-content\/uploads\/2025\/09\/nor-x-dubioza-scaled.jpg\",\"width\":2560,\"height\":2560},{\"@type\":\"WebPage\",\"@id\":\"https:\/\/eldromedariorecords.com\/web\/hard-folk-primer-videoclip-de-adelanto-del-quinto-disco-de-los-ninos-de-los-ojos-rojos\/#webpage\",\"url\":\"https:\/\/eldromedariorecords.com\/web\/hard-folk-primer-videoclip-de-adelanto-del-quinto-disco-de-los-ninos-de-los-ojos-rojos\/\",\"name\":\"\\u201cHard Folk\\u201d, primer videoclip de adelanto del quinto disco de los Ni\\u00f1os de los Ojos Rojos - El Dromedario Records\",\"isPartOf\":{\"@id\":\"https:\/\/eldromedariorecords.com\/web\/#website\"},\"primaryImageOfPage\":{\"@id\":\"https:\/\/eldromedariorecords.com\/web\/hard-folk-primer-videoclip-de-adelanto-del-quinto-disco-de-los-ninos-de-los-ojos-rojos\/#primaryimage\"},\"datePublished\":\"2025-09-12T09:15:45+00:00\",\"dateModified\":\"2025-09-12T09:15:49+00:00\",\"breadcrumb\":{\"@id\":\"https:\/\/eldromedariorecords.com\/web\/hard-folk-primer-videoclip-de-adelanto-del-quinto-disco-de-los-ninos-de-los-ojos-rojos\/#breadcrumb\"},\"inLanguage\":\"es\",\"potentialAction\":[{\"@type\":\"ReadAction\",\"target\":[\"https:\/\/eldromedariorecords.com\/web\/hard-folk-primer-videoclip-de-adelanto-del-quinto-disco-de-los-ninos-de-los-ojos-rojos\/\"]}]},{\"@type\":\"BreadcrumbList\",\"@id\":\"https:\/\/eldromedariorecords.com\/web\/hard-folk-primer-videoclip-de-adelanto-del-quinto-disco-de-los-ninos-de-los-ojos-rojos\/#breadcrumb\",\"itemListElement\":[{\"@type\":\"ListItem\",\"position\":1,\"name\":\"Portada\",\"item\":\"https:\/\/eldromedariorecords.com\/web\/inicio\/\"},{\"@type\":\"ListItem\",\"position\":2,\"name\":\"\\u201cHard Folk\\u201d, primer videoclip de adelanto del quinto disco de los Ni\\u00f1os de los Ojos Rojos\"}]},{\"@type\":\"Article\",\"@id\":\"https:\/\/eldromedariorecords.com\/web\/hard-folk-primer-videoclip-de-adelanto-del-quinto-disco-de-los-ninos-de-los-ojos-rojos\/#article\",\"isPartOf\":{\"@id\":\"https:\/\/eldromedariorecords.com\/web\/hard-folk-primer-videoclip-de-adelanto-del-quinto-disco-de-los-ninos-de-los-ojos-rojos\/#webpage\"},\"author\":{\"@id\":\"https:\/\/eldromedariorecords.com\/web\/#\/schema\/person\/f639b7071d87edc1576924eee06e6cf2\"},\"headline\":\"\\u201cHard Folk\\u201d, primer videoclip de adelanto del quinto disco de los Ni\\u00f1os de los Ojos Rojos\",\"datePublished\":\"2025-09-12T09:15:45+00:00\",\"dateModified\":\"2025-09-12T09:15:49+00:00\",\"mainEntityOfPage\":{\"@id\":\"https:\/\/eldromedariorecords.com\/web\/hard-folk-primer-videoclip-de-adelanto-del-quinto-disco-de-los-ninos-de-los-ojos-rojos\/#webpage\"},\"wordCount\":384,\"publisher\":{\"@id\":\"https:\/\/eldromedariorecords.com\/web\/#organization\"},\"image\":{\"@id\":\"https:\/\/eldromedariorecords.com\/web\/hard-folk-primer-videoclip-de-adelanto-del-quinto-disco-de-los-ninos-de-los-ojos-rojos\/#primaryimage\"},\"thumbnailUrl\":\"https:\/\/eldromedariorecords.com\/web\/wp-content\/uploads\/2025\/09\/nor-x-dubioza-scaled.jpg\",\"keywords\":[\"David Lerman\",\"Hard Folk\",\"Los Ni\\u00f1os de los Ojos Rojos\",\"los Robe\",\"nuevo videoclip\"],\"articleSection\":[\"LOs Ni\\u00f1os de los Ojos Rojos\"],\"inLanguage\":\"es\"},{\"@type\":\"Person\",\"@id\":\"https:\/\/eldromedariorecords.com\/web\/#\/schema\/person\/f639b7071d87edc1576924eee06e6cf2\",\"name\":\"\\u00d3scar Beorlegui\",\"image\":{\"@type\":\"ImageObject\",\"@id\":\"https:\/\/eldromedariorecords.com\/web\/#personlogo\",\"inLanguage\":\"es\",\"url\":\"https:\/\/secure.gravatar.com\/avatar\/2ce90c1c25acabfd0a36e0402246756d?s=96&d=mm&r=g\",\"contentUrl\":\"https:\/\/secure.gravatar.com\/avatar\/2ce90c1c25acabfd0a36e0402246756d?s=96&d=mm&r=g\",\"caption\":\"\\u00d3scar Beorlegui\"}}]}<\/script>\n<!-- \/ Yoast SEO plugin. -->","_links":{"self":[{"href":"https:\/\/eldromedariorecords.com\/web\/wp-json\/wp\/v2\/posts\/43021"}],"collection":[{"href":"https:\/\/eldromedariorecords.com\/web\/wp-json\/wp\/v2\/posts"}],"about":[{"href":"https:\/\/eldromedariorecords.com\/web\/wp-json\/wp\/v2\/types\/post"}],"author":[{"embeddable":true,"href":"https:\/\/eldromedariorecords.com\/web\/wp-json\/wp\/v2\/users\/14"}],"replies":[{"embeddable":true,"href":"https:\/\/eldromedariorecords.com\/web\/wp-json\/wp\/v2\/comments?post=43021"}],"version-history":[{"count":1,"href":"https:\/\/eldromedariorecords.com\/web\/wp-json\/wp\/v2\/posts\/43021\/revisions"}],"predecessor-version":[{"id":43024,"href":"https:\/\/eldromedariorecords.com\/web\/wp-json\/wp\/v2\/posts\/43021\/revisions\/43024"}],"wp:featuredmedia":[{"embeddable":true,"href":"https:\/\/eldromedariorecords.com\/web\/wp-json\/wp\/v2\/media\/43022"}],"wp:attachment":[{"href":"https:\/\/eldromedariorecords.com\/web\/wp-json\/wp\/v2\/media?parent=43021"}],"wp:term":[{"taxonomy":"category","embeddable":true,"href":"https:\/\/eldromedariorecords.com\/web\/wp-json\/wp\/v2\/categories?post=43021"},{"taxonomy":"post_tag","embeddable":true,"href":"https:\/\/eldromedariorecords.com\/web\/wp-json\/wp\/v2\/tags?post=43021"}],"curies":[{"name":"wp","href":"https:\/\/api.w.org\/{rel}","templated":true}]}}