{"id":42826,"date":"2025-09-05T16:25:08","date_gmt":"2025-09-05T14:25:08","guid":{"rendered":"https:\/\/eldromedariorecords.com\/web\/?p=42826"},"modified":"2025-09-05T16:25:14","modified_gmt":"2025-09-05T14:25:14","slug":"comunicado-oficial-de-aplazamiento-ribaforada","status":"publish","type":"post","link":"https:\/\/eldromedariorecords.com\/web\/comunicado-oficial-de-aplazamiento-ribaforada\/","title":{"rendered":"Comunicado oficial de aplazamiento &#8211; Ribaforada"},"content":{"rendered":"\n<div class=\"wp-block-image\"><figure class=\"aligncenter size-large\"><img loading=\"lazy\" width=\"1200\" height=\"1500\" src=\"https:\/\/eldromedariorecords.com\/web\/wp-content\/uploads\/2025\/09\/RIBAFORADA_NUEVA-FECHA-1200x1500.jpg\" alt=\"\" class=\"wp-image-42827\" srcset=\"https:\/\/eldromedariorecords.com\/web\/wp-content\/uploads\/2025\/09\/RIBAFORADA_NUEVA-FECHA-1200x1500.jpg 1200w, https:\/\/eldromedariorecords.com\/web\/wp-content\/uploads\/2025\/09\/RIBAFORADA_NUEVA-FECHA-240x300.jpg 240w, https:\/\/eldromedariorecords.com\/web\/wp-content\/uploads\/2025\/09\/RIBAFORADA_NUEVA-FECHA-768x960.jpg 768w, https:\/\/eldromedariorecords.com\/web\/wp-content\/uploads\/2025\/09\/RIBAFORADA_NUEVA-FECHA-1229x1536.jpg 1229w, https:\/\/eldromedariorecords.com\/web\/wp-content\/uploads\/2025\/09\/RIBAFORADA_NUEVA-FECHA-1638x2048.jpg 1638w, https:\/\/eldromedariorecords.com\/web\/wp-content\/uploads\/2025\/09\/RIBAFORADA_NUEVA-FECHA-564x705.jpg 564w, https:\/\/eldromedariorecords.com\/web\/wp-content\/uploads\/2025\/09\/RIBAFORADA_NUEVA-FECHA.jpg 2000w\" sizes=\"(max-width: 1200px) 100vw, 1200px\" \/><\/figure><\/div>\n\n\n\n<p>Desde la organizaci\u00f3n del Ribaforada Rock Fest os comunicamos que por un c\u00famulo de circunstancias adversas, nos vemos obligados a reprogramar las fechas de esta edici\u00f3n 2025.<\/p>\n\n\n\n<p>Las nuevas fechas del festival ser\u00e1n el 6 y 7 de diciembre de 2025. El cartel de los artistas se mantiene \u00edntegro.<\/p>\n\n\n\n<p>Los abonos actuales son v\u00e1lidos para las nuevas fechas, al igual que las entradas. Las entradas del d\u00eda 12 de septiembre son v\u00e1lidas para el 6 de diciembre, y las del 13 de septiembre son v\u00e1lidas para el 7 de diciembre.<\/p>\n\n\n\n<p>Si alguien no puede asistir en estas nuevas fechas puede escribir para solicitar la devoluci\u00f3n desde <a href=\"https:\/\/venta.enterticket.es\/eventos\/ribaforada-rock-fest-2025-643755\/devoluciones\">este enlace<\/a> o escribiendo a la direcci\u00f3n ayuda@enterticket.es desde hoy mismo hasta el pr\u00f3ximo 30 de septiembre.<\/p>\n\n\n\n<p>Agradecemos profundamente la comprensi\u00f3n, el apoyo y la fidelidad de todo el p\u00fablico. Estamos trabajando para que esta edici\u00f3n, aunque llegue un poco m\u00e1s tarde, sea una edici\u00f3n inolvidable.<\/p>\n\n\n\n<p>Celebraremos el Ribaforada Rock Fest en diciembre, con m\u00e1s fuerza que nunca.<\/p>\n","protected":false},"excerpt":{"rendered":"<p>Desde la organizaci\u00f3n del Ribaforada Rock Fest os comunicamos que por un c\u00famulo de circunstancias adversas, nos vemos obligados a reprogramar las fechas de esta edici\u00f3n 2025. Las nuevas fechas del festival ser\u00e1n el 6 y 7 de diciembre de 2025. El cartel de los artistas se mantiene \u00edntegro. Los abonos actuales son v\u00e1lidos para [&hellip;]<\/p>\n","protected":false},"author":3,"featured_media":42827,"comment_status":"closed","ping_status":"open","sticky":false,"template":"","format":"standard","meta":[],"categories":[14],"tags":[],"yoast_head":"<!-- This site is optimized with the Yoast SEO plugin v16.5 - https:\/\/yoast.com\/wordpress\/plugins\/seo\/ -->\n<title>Comunicado oficial de aplazamiento - Ribaforada - El Dromedario Records<\/title>\n<meta name=\"robots\" content=\"index, follow, max-snippet:-1, max-image-preview:large, max-video-preview:-1\" \/>\n<link rel=\"canonical\" href=\"https:\/\/eldromedariorecords.com\/web\/comunicado-oficial-de-aplazamiento-ribaforada\/\" \/>\n<meta property=\"og:locale\" content=\"es_ES\" \/>\n<meta property=\"og:type\" content=\"article\" \/>\n<meta property=\"og:title\" content=\"Comunicado oficial de aplazamiento - Ribaforada - El Dromedario Records\" \/>\n<meta property=\"og:description\" content=\"Desde la organizaci\u00f3n del Ribaforada Rock Fest os comunicamos que por un c\u00famulo de circunstancias adversas, nos vemos obligados a reprogramar las fechas de esta edici\u00f3n 2025. Las nuevas fechas del festival ser\u00e1n el 6 y 7 de diciembre de 2025. El cartel de los artistas se mantiene \u00edntegro. Los abonos actuales son v\u00e1lidos para [&hellip;]\" \/>\n<meta property=\"og:url\" content=\"https:\/\/eldromedariorecords.com\/web\/comunicado-oficial-de-aplazamiento-ribaforada\/\" \/>\n<meta property=\"og:site_name\" content=\"El Dromedario Records\" \/>\n<meta property=\"article:published_time\" content=\"2025-09-05T14:25:08+00:00\" \/>\n<meta property=\"article:modified_time\" content=\"2025-09-05T14:25:14+00:00\" \/>\n<meta property=\"og:image\" content=\"https:\/\/eldromedariorecords.com\/web\/wp-content\/uploads\/2025\/09\/RIBAFORADA_NUEVA-FECHA.jpg\" \/>\n\t<meta property=\"og:image:width\" content=\"2000\" \/>\n\t<meta property=\"og:image:height\" content=\"2500\" \/>\n<meta name=\"twitter:card\" content=\"summary\" \/>\n<meta name=\"twitter:label1\" content=\"Tiempo de lectura\" \/>\n\t<meta name=\"twitter:data1\" content=\"1 minuto\" \/>\n<script type=\"application\/ld+json\" class=\"yoast-schema-graph\">{\"@context\":\"https:\/\/schema.org\",\"@graph\":[{\"@type\":\"Organization\",\"@id\":\"https:\/\/eldromedariorecords.com\/web\/#organization\",\"name\":\"El Dromedario Records\",\"url\":\"https:\/\/eldromedariorecords.com\/web\/\",\"sameAs\":[],\"logo\":{\"@type\":\"ImageObject\",\"@id\":\"https:\/\/eldromedariorecords.com\/web\/#logo\",\"inLanguage\":\"es\",\"url\":\"https:\/\/eldromedariorecords.melboss.com\/web\/wp-content\/uploads\/2021\/06\/logo-dromedario-negro.png\",\"contentUrl\":\"https:\/\/eldromedariorecords.melboss.com\/web\/wp-content\/uploads\/2021\/06\/logo-dromedario-negro.png\",\"width\":800,\"height\":624,\"caption\":\"El Dromedario Records\"},\"image\":{\"@id\":\"https:\/\/eldromedariorecords.com\/web\/#logo\"}},{\"@type\":\"WebSite\",\"@id\":\"https:\/\/eldromedariorecords.com\/web\/#website\",\"url\":\"https:\/\/eldromedariorecords.com\/web\/\",\"name\":\"El Dromedario Records\",\"description\":\"Discogr\\u00e1fica El Dromedario Records\",\"publisher\":{\"@id\":\"https:\/\/eldromedariorecords.com\/web\/#organization\"},\"potentialAction\":[{\"@type\":\"SearchAction\",\"target\":\"https:\/\/eldromedariorecords.com\/web\/?s={search_term_string}\",\"query-input\":\"required name=search_term_string\"}],\"inLanguage\":\"es\"},{\"@type\":\"ImageObject\",\"@id\":\"https:\/\/eldromedariorecords.com\/web\/comunicado-oficial-de-aplazamiento-ribaforada\/#primaryimage\",\"inLanguage\":\"es\",\"url\":\"https:\/\/eldromedariorecords.com\/web\/wp-content\/uploads\/2025\/09\/RIBAFORADA_NUEVA-FECHA.jpg\",\"contentUrl\":\"https:\/\/eldromedariorecords.com\/web\/wp-content\/uploads\/2025\/09\/RIBAFORADA_NUEVA-FECHA.jpg\",\"width\":2000,\"height\":2500},{\"@type\":\"WebPage\",\"@id\":\"https:\/\/eldromedariorecords.com\/web\/comunicado-oficial-de-aplazamiento-ribaforada\/#webpage\",\"url\":\"https:\/\/eldromedariorecords.com\/web\/comunicado-oficial-de-aplazamiento-ribaforada\/\",\"name\":\"Comunicado oficial de aplazamiento - Ribaforada - El Dromedario Records\",\"isPartOf\":{\"@id\":\"https:\/\/eldromedariorecords.com\/web\/#website\"},\"primaryImageOfPage\":{\"@id\":\"https:\/\/eldromedariorecords.com\/web\/comunicado-oficial-de-aplazamiento-ribaforada\/#primaryimage\"},\"datePublished\":\"2025-09-05T14:25:08+00:00\",\"dateModified\":\"2025-09-05T14:25:14+00:00\",\"breadcrumb\":{\"@id\":\"https:\/\/eldromedariorecords.com\/web\/comunicado-oficial-de-aplazamiento-ribaforada\/#breadcrumb\"},\"inLanguage\":\"es\",\"potentialAction\":[{\"@type\":\"ReadAction\",\"target\":[\"https:\/\/eldromedariorecords.com\/web\/comunicado-oficial-de-aplazamiento-ribaforada\/\"]}]},{\"@type\":\"BreadcrumbList\",\"@id\":\"https:\/\/eldromedariorecords.com\/web\/comunicado-oficial-de-aplazamiento-ribaforada\/#breadcrumb\",\"itemListElement\":[{\"@type\":\"ListItem\",\"position\":1,\"name\":\"Portada\",\"item\":\"https:\/\/eldromedariorecords.com\/web\/inicio\/\"},{\"@type\":\"ListItem\",\"position\":2,\"name\":\"Comunicado oficial de aplazamiento &#8211; Ribaforada\"}]},{\"@type\":\"Article\",\"@id\":\"https:\/\/eldromedariorecords.com\/web\/comunicado-oficial-de-aplazamiento-ribaforada\/#article\",\"isPartOf\":{\"@id\":\"https:\/\/eldromedariorecords.com\/web\/comunicado-oficial-de-aplazamiento-ribaforada\/#webpage\"},\"author\":{\"@id\":\"https:\/\/eldromedariorecords.com\/web\/#\/schema\/person\/71690da9dcd1ce3d7409664303024b87\"},\"headline\":\"Comunicado oficial de aplazamiento &#8211; Ribaforada\",\"datePublished\":\"2025-09-05T14:25:08+00:00\",\"dateModified\":\"2025-09-05T14:25:14+00:00\",\"mainEntityOfPage\":{\"@id\":\"https:\/\/eldromedariorecords.com\/web\/comunicado-oficial-de-aplazamiento-ribaforada\/#webpage\"},\"wordCount\":180,\"publisher\":{\"@id\":\"https:\/\/eldromedariorecords.com\/web\/#organization\"},\"image\":{\"@id\":\"https:\/\/eldromedariorecords.com\/web\/comunicado-oficial-de-aplazamiento-ribaforada\/#primaryimage\"},\"thumbnailUrl\":\"https:\/\/eldromedariorecords.com\/web\/wp-content\/uploads\/2025\/09\/RIBAFORADA_NUEVA-FECHA.jpg\",\"articleSection\":[\"Robe\"],\"inLanguage\":\"es\"},{\"@type\":\"Person\",\"@id\":\"https:\/\/eldromedariorecords.com\/web\/#\/schema\/person\/71690da9dcd1ce3d7409664303024b87\",\"name\":\"Iosu\",\"image\":{\"@type\":\"ImageObject\",\"@id\":\"https:\/\/eldromedariorecords.com\/web\/#personlogo\",\"inLanguage\":\"es\",\"url\":\"https:\/\/secure.gravatar.com\/avatar\/4225fb5a2e5d3e2effd3ee240c8f8d9d?s=96&d=mm&r=g\",\"contentUrl\":\"https:\/\/secure.gravatar.com\/avatar\/4225fb5a2e5d3e2effd3ee240c8f8d9d?s=96&d=mm&r=g\",\"caption\":\"Iosu\"}}]}<\/script>\n<!-- \/ Yoast SEO plugin. -->","_links":{"self":[{"href":"https:\/\/eldromedariorecords.com\/web\/wp-json\/wp\/v2\/posts\/42826"}],"collection":[{"href":"https:\/\/eldromedariorecords.com\/web\/wp-json\/wp\/v2\/posts"}],"about":[{"href":"https:\/\/eldromedariorecords.com\/web\/wp-json\/wp\/v2\/types\/post"}],"author":[{"embeddable":true,"href":"https:\/\/eldromedariorecords.com\/web\/wp-json\/wp\/v2\/users\/3"}],"replies":[{"embeddable":true,"href":"https:\/\/eldromedariorecords.com\/web\/wp-json\/wp\/v2\/comments?post=42826"}],"version-history":[{"count":1,"href":"https:\/\/eldromedariorecords.com\/web\/wp-json\/wp\/v2\/posts\/42826\/revisions"}],"predecessor-version":[{"id":42828,"href":"https:\/\/eldromedariorecords.com\/web\/wp-json\/wp\/v2\/posts\/42826\/revisions\/42828"}],"wp:featuredmedia":[{"embeddable":true,"href":"https:\/\/eldromedariorecords.com\/web\/wp-json\/wp\/v2\/media\/42827"}],"wp:attachment":[{"href":"https:\/\/eldromedariorecords.com\/web\/wp-json\/wp\/v2\/media?parent=42826"}],"wp:term":[{"taxonomy":"category","embeddable":true,"href":"https:\/\/eldromedariorecords.com\/web\/wp-json\/wp\/v2\/categories?post=42826"},{"taxonomy":"post_tag","embeddable":true,"href":"https:\/\/eldromedariorecords.com\/web\/wp-json\/wp\/v2\/tags?post=42826"}],"curies":[{"name":"wp","href":"https:\/\/api.w.org\/{rel}","templated":true}]}}