{"id":41488,"date":"2025-07-24T14:15:05","date_gmt":"2025-07-24T12:15:05","guid":{"rendered":"https:\/\/eldromedariorecords.com\/web\/?p=41488"},"modified":"2025-07-24T14:15:11","modified_gmt":"2025-07-24T12:15:11","slug":"linaje-indiscutibles-protagonistas-del-verano-de-2025-cuatro-conciertos-en-tres-dias-y-sin-fechas-libres-hasta-finales-de-ano-con-todas-las-entradas-vendidas","status":"publish","type":"post","link":"https:\/\/eldromedariorecords.com\/web\/linaje-indiscutibles-protagonistas-del-verano-de-2025-cuatro-conciertos-en-tres-dias-y-sin-fechas-libres-hasta-finales-de-ano-con-todas-las-entradas-vendidas\/","title":{"rendered":"Linaje, indiscutibles protagonistas del verano de 2025: cuatro conciertos en tres d\u00edas y sin fechas libres hasta finales de a\u00f1o, con todas las entradas vendidas"},"content":{"rendered":"\n<figure class=\"wp-block-embed is-type-video is-provider-youtube wp-block-embed-youtube wp-embed-aspect-16-9 wp-has-aspect-ratio\"><div class=\"wp-block-embed__wrapper\">\n<div class='avia-iframe-wrap'><iframe loading=\"lazy\" title=\"Linaje - Fiestas de la Karmela 2025 (Vallecas)\" width=\"1500\" height=\"844\" src=\"https:\/\/www.youtube.com\/embed\/qL3bxifqNnM?feature=oembed\" frameborder=\"0\" allow=\"accelerometer; autoplay; clipboard-write; encrypted-media; gyroscope; picture-in-picture; web-share\" referrerpolicy=\"strict-origin-when-cross-origin\" allowfullscreen><\/iframe><\/div>\n<\/div><\/figure>\n\n\n\n<p>El verano no puede estar yendo mejor para Linaje, habiendo ofrecido los liderados por Aar\u00f3n Romero la friolera de \u00a1cuatro! conciertos entre el s\u00e1bado 19 de julio y el lunes 21. Dichas actuaciones tuvieron lugar en el Rock Land Fest (Santo Domingo de la Calzada), fiestas de Ezkaroz (haciendo \u2018doblete\u2019 la banda dicho s\u00e1bado), fiestas de la Karmela (Vallecas, domingo 20) y fiestas de Vargas, Cantabria, ayer lunes.<\/p>\n\n\n\n<figure class=\"wp-block-image size-large\"><a href=\"https:\/\/open.spotify.com\/artist\/61HQ9ENqBr1cZL5edCRMqM\"><img loading=\"lazy\" width=\"1080\" height=\"1080\" src=\"https:\/\/eldromedariorecords.com\/web\/wp-content\/uploads\/2025\/07\/LINAJE-5-MILLONES.jpg\" alt=\"\" class=\"wp-image-41489\" srcset=\"https:\/\/eldromedariorecords.com\/web\/wp-content\/uploads\/2025\/07\/LINAJE-5-MILLONES.jpg 1080w, https:\/\/eldromedariorecords.com\/web\/wp-content\/uploads\/2025\/07\/LINAJE-5-MILLONES-300x300.jpg 300w, https:\/\/eldromedariorecords.com\/web\/wp-content\/uploads\/2025\/07\/LINAJE-5-MILLONES-80x80.jpg 80w, https:\/\/eldromedariorecords.com\/web\/wp-content\/uploads\/2025\/07\/LINAJE-5-MILLONES-768x768.jpg 768w, https:\/\/eldromedariorecords.com\/web\/wp-content\/uploads\/2025\/07\/LINAJE-5-MILLONES-36x36.jpg 36w, https:\/\/eldromedariorecords.com\/web\/wp-content\/uploads\/2025\/07\/LINAJE-5-MILLONES-180x180.jpg 180w, https:\/\/eldromedariorecords.com\/web\/wp-content\/uploads\/2025\/07\/LINAJE-5-MILLONES-705x705.jpg 705w\" sizes=\"(max-width: 1080px) 100vw, 1080px\" \/><\/a><\/figure>\n\n\n\n<p>La presente gira de Linaje, de presentaci\u00f3n de su disco debut \u201cDesataron a los perros\u201d (m\u00e1s de 5 millones de escuchas en <a href=\"https:\/\/open.spotify.com\/artist\/61HQ9ENqBr1cZL5edCRMqM\">Spotify<\/a>) est\u00e1 yendo como un tiro, con el grupo, protagonista indiscutible de este verano, creciendo y recreci\u00e9ndose sobre los escenarios dando pasos de gigante, en incontestable progresi\u00f3n geom\u00e9trica.<\/p>\n\n\n\n<p>El presente tour arranc\u00f3 el 28 de febrero en Madrid con un rotundo \u2018sold out\u2019 (ya llevan tres en la capital) y el grupo no solo tiene hasta finales de a\u00f1o todas las fechas agotadas, sino tambi\u00e9n todas las entradas vendidas all\u00ed donde va a actuar: algo inaudito para una banda que en realidad acaba de llegar; para un grupo que va a hacer alrededor de sesenta conciertos este a\u00f1o y que est\u00e1 forj\u00e1ndose, yendo a m\u00e1s d\u00eda a d\u00eda, noche a noche y ciudad a ciudad pisando las tablas con indisimulada fuerza: algo que les est\u00e1 llevando a experimentar un crecimiento sin parang\u00f3n.<\/p>\n\n\n\n<p>Como muestra de lo dicho pod\u00e9is ver el video de la <a href=\"https:\/\/www.youtube.com\/watch?v=qL3bxifqNnM\">cabecera de la noticia<\/a>, grabado el pasado domingo en Vallecas con miles y miles de personas disfrutando de su directo y llev\u00e1ndoles en volandas.<\/p>\n\n\n\n<figure class=\"wp-block-image size-large\"><img loading=\"lazy\" width=\"1500\" height=\"1001\" src=\"https:\/\/eldromedariorecords.com\/web\/wp-content\/uploads\/2025\/07\/LINAJE-FOTO-CABECERA-1500x1001.jpg\" alt=\"\" class=\"wp-image-41490\" srcset=\"https:\/\/eldromedariorecords.com\/web\/wp-content\/uploads\/2025\/07\/LINAJE-FOTO-CABECERA-1500x1001.jpg 1500w, https:\/\/eldromedariorecords.com\/web\/wp-content\/uploads\/2025\/07\/LINAJE-FOTO-CABECERA-300x200.jpg 300w, https:\/\/eldromedariorecords.com\/web\/wp-content\/uploads\/2025\/07\/LINAJE-FOTO-CABECERA-768x513.jpg 768w, https:\/\/eldromedariorecords.com\/web\/wp-content\/uploads\/2025\/07\/LINAJE-FOTO-CABECERA-1536x1025.jpg 1536w, https:\/\/eldromedariorecords.com\/web\/wp-content\/uploads\/2025\/07\/LINAJE-FOTO-CABECERA-705x471.jpg 705w, https:\/\/eldromedariorecords.com\/web\/wp-content\/uploads\/2025\/07\/LINAJE-FOTO-CABECERA.jpg 1600w\" sizes=\"(max-width: 1500px) 100vw, 1500px\" \/><\/figure>\n\n\n\n<p>Linaje, Aar\u00f3n Romero a la voz, Asier Cuiral \u2018Cuiri\u2019 y Aimar Goikoa a las guitarras, Alain Garc\u00eda al bajo y Asier Gonz\u00e1lez a la bater\u00eda, he aqu\u00ed al quinteto escribiendo su historia con autoridad y buena letra, haciendo historia al mismo tiempo. Pasando de promesa a irrebatible realidad en tiempo r\u00e9cord, sin vislumbrarse un techo previsible para ellos a la vista del talento, la personalidad, el arte y el carisma de Aar\u00f3n, alma mater del proyecto.<\/p>\n\n\n\n<p>Linaje, el legado cay\u00f3 en tierra f\u00e9rtil, perfectamente abonada para ello; m\u00e1s que predispuesta y receptiva para la siembra. Ahora, a la vista de c\u00f3mo les est\u00e1 yendo el verano, podemos reafirmarnos en que est\u00e1 siendo inmejorable la cosecha. Pura casta Linaje, hay relevo: la estirpe contin\u00faa.&nbsp;<\/p>\n","protected":false},"excerpt":{"rendered":"<p>El verano no puede estar yendo mejor para Linaje, habiendo ofrecido los liderados por Aar\u00f3n Romero la friolera de \u00a1cuatro! conciertos entre el s\u00e1bado 19 de julio y el lunes 21. Dichas actuaciones tuvieron lugar en el Rock Land Fest (Santo Domingo de la Calzada), fiestas de Ezkaroz (haciendo \u2018doblete\u2019 la banda dicho s\u00e1bado), fiestas [&hellip;]<\/p>\n","protected":false},"author":14,"featured_media":41490,"comment_status":"closed","ping_status":"open","sticky":false,"template":"","format":"standard","meta":[],"categories":[1570],"tags":[1628,809,1649,39,1571,973,121],"yoast_head":"<!-- This site is optimized with the Yoast SEO plugin v16.5 - https:\/\/yoast.com\/wordpress\/plugins\/seo\/ -->\n<title>Linaje, indiscutibles protagonistas del verano de 2025: cuatro conciertos en tres d\u00edas y sin fechas libres hasta finales de a\u00f1o, con todas las entradas vendidas - El Dromedario Records<\/title>\n<meta name=\"robots\" content=\"index, follow, max-snippet:-1, max-image-preview:large, max-video-preview:-1\" \/>\n<link rel=\"canonical\" href=\"https:\/\/eldromedariorecords.com\/web\/linaje-indiscutibles-protagonistas-del-verano-de-2025-cuatro-conciertos-en-tres-dias-y-sin-fechas-libres-hasta-finales-de-ano-con-todas-las-entradas-vendidas\/\" \/>\n<meta property=\"og:locale\" content=\"es_ES\" \/>\n<meta property=\"og:type\" content=\"article\" \/>\n<meta property=\"og:title\" content=\"Linaje, indiscutibles protagonistas del verano de 2025: cuatro conciertos en tres d\u00edas y sin fechas libres hasta finales de a\u00f1o, con todas las entradas vendidas - El Dromedario Records\" \/>\n<meta property=\"og:description\" content=\"El verano no puede estar yendo mejor para Linaje, habiendo ofrecido los liderados por Aar\u00f3n Romero la friolera de \u00a1cuatro! conciertos entre el s\u00e1bado 19 de julio y el lunes 21. Dichas actuaciones tuvieron lugar en el Rock Land Fest (Santo Domingo de la Calzada), fiestas de Ezkaroz (haciendo \u2018doblete\u2019 la banda dicho s\u00e1bado), fiestas [&hellip;]\" \/>\n<meta property=\"og:url\" content=\"https:\/\/eldromedariorecords.com\/web\/linaje-indiscutibles-protagonistas-del-verano-de-2025-cuatro-conciertos-en-tres-dias-y-sin-fechas-libres-hasta-finales-de-ano-con-todas-las-entradas-vendidas\/\" \/>\n<meta property=\"og:site_name\" content=\"El Dromedario Records\" \/>\n<meta property=\"article:published_time\" content=\"2025-07-24T12:15:05+00:00\" \/>\n<meta property=\"article:modified_time\" content=\"2025-07-24T12:15:11+00:00\" \/>\n<meta property=\"og:image\" content=\"https:\/\/eldromedariorecords.com\/web\/wp-content\/uploads\/2025\/07\/LINAJE-FOTO-CABECERA.jpg\" \/>\n\t<meta property=\"og:image:width\" content=\"1600\" \/>\n\t<meta property=\"og:image:height\" content=\"1068\" \/>\n<meta name=\"twitter:card\" content=\"summary\" \/>\n<meta name=\"twitter:label1\" content=\"Tiempo de lectura\" \/>\n\t<meta name=\"twitter:data1\" content=\"3 minutos\" \/>\n<script type=\"application\/ld+json\" class=\"yoast-schema-graph\">{\"@context\":\"https:\/\/schema.org\",\"@graph\":[{\"@type\":\"Organization\",\"@id\":\"https:\/\/eldromedariorecords.com\/web\/#organization\",\"name\":\"El Dromedario Records\",\"url\":\"https:\/\/eldromedariorecords.com\/web\/\",\"sameAs\":[],\"logo\":{\"@type\":\"ImageObject\",\"@id\":\"https:\/\/eldromedariorecords.com\/web\/#logo\",\"inLanguage\":\"es\",\"url\":\"https:\/\/eldromedariorecords.melboss.com\/web\/wp-content\/uploads\/2021\/06\/logo-dromedario-negro.png\",\"contentUrl\":\"https:\/\/eldromedariorecords.melboss.com\/web\/wp-content\/uploads\/2021\/06\/logo-dromedario-negro.png\",\"width\":800,\"height\":624,\"caption\":\"El Dromedario Records\"},\"image\":{\"@id\":\"https:\/\/eldromedariorecords.com\/web\/#logo\"}},{\"@type\":\"WebSite\",\"@id\":\"https:\/\/eldromedariorecords.com\/web\/#website\",\"url\":\"https:\/\/eldromedariorecords.com\/web\/\",\"name\":\"El Dromedario Records\",\"description\":\"Discogr\\u00e1fica El Dromedario Records\",\"publisher\":{\"@id\":\"https:\/\/eldromedariorecords.com\/web\/#organization\"},\"potentialAction\":[{\"@type\":\"SearchAction\",\"target\":\"https:\/\/eldromedariorecords.com\/web\/?s={search_term_string}\",\"query-input\":\"required name=search_term_string\"}],\"inLanguage\":\"es\"},{\"@type\":\"ImageObject\",\"@id\":\"https:\/\/eldromedariorecords.com\/web\/linaje-indiscutibles-protagonistas-del-verano-de-2025-cuatro-conciertos-en-tres-dias-y-sin-fechas-libres-hasta-finales-de-ano-con-todas-las-entradas-vendidas\/#primaryimage\",\"inLanguage\":\"es\",\"url\":\"https:\/\/eldromedariorecords.com\/web\/wp-content\/uploads\/2025\/07\/LINAJE-FOTO-CABECERA.jpg\",\"contentUrl\":\"https:\/\/eldromedariorecords.com\/web\/wp-content\/uploads\/2025\/07\/LINAJE-FOTO-CABECERA.jpg\",\"width\":1600,\"height\":1068},{\"@type\":\"WebPage\",\"@id\":\"https:\/\/eldromedariorecords.com\/web\/linaje-indiscutibles-protagonistas-del-verano-de-2025-cuatro-conciertos-en-tres-dias-y-sin-fechas-libres-hasta-finales-de-ano-con-todas-las-entradas-vendidas\/#webpage\",\"url\":\"https:\/\/eldromedariorecords.com\/web\/linaje-indiscutibles-protagonistas-del-verano-de-2025-cuatro-conciertos-en-tres-dias-y-sin-fechas-libres-hasta-finales-de-ano-con-todas-las-entradas-vendidas\/\",\"name\":\"Linaje, indiscutibles protagonistas del verano de 2025: cuatro conciertos en tres d\\u00edas y sin fechas libres hasta finales de a\\u00f1o, con todas las entradas vendidas - El Dromedario Records\",\"isPartOf\":{\"@id\":\"https:\/\/eldromedariorecords.com\/web\/#website\"},\"primaryImageOfPage\":{\"@id\":\"https:\/\/eldromedariorecords.com\/web\/linaje-indiscutibles-protagonistas-del-verano-de-2025-cuatro-conciertos-en-tres-dias-y-sin-fechas-libres-hasta-finales-de-ano-con-todas-las-entradas-vendidas\/#primaryimage\"},\"datePublished\":\"2025-07-24T12:15:05+00:00\",\"dateModified\":\"2025-07-24T12:15:11+00:00\",\"breadcrumb\":{\"@id\":\"https:\/\/eldromedariorecords.com\/web\/linaje-indiscutibles-protagonistas-del-verano-de-2025-cuatro-conciertos-en-tres-dias-y-sin-fechas-libres-hasta-finales-de-ano-con-todas-las-entradas-vendidas\/#breadcrumb\"},\"inLanguage\":\"es\",\"potentialAction\":[{\"@type\":\"ReadAction\",\"target\":[\"https:\/\/eldromedariorecords.com\/web\/linaje-indiscutibles-protagonistas-del-verano-de-2025-cuatro-conciertos-en-tres-dias-y-sin-fechas-libres-hasta-finales-de-ano-con-todas-las-entradas-vendidas\/\"]}]},{\"@type\":\"BreadcrumbList\",\"@id\":\"https:\/\/eldromedariorecords.com\/web\/linaje-indiscutibles-protagonistas-del-verano-de-2025-cuatro-conciertos-en-tres-dias-y-sin-fechas-libres-hasta-finales-de-ano-con-todas-las-entradas-vendidas\/#breadcrumb\",\"itemListElement\":[{\"@type\":\"ListItem\",\"position\":1,\"name\":\"Portada\",\"item\":\"https:\/\/eldromedariorecords.com\/web\/inicio\/\"},{\"@type\":\"ListItem\",\"position\":2,\"name\":\"Linaje, indiscutibles protagonistas del verano de 2025: cuatro conciertos en tres d\\u00edas y sin fechas libres hasta finales de a\\u00f1o, con todas las entradas vendidas\"}]},{\"@type\":\"Article\",\"@id\":\"https:\/\/eldromedariorecords.com\/web\/linaje-indiscutibles-protagonistas-del-verano-de-2025-cuatro-conciertos-en-tres-dias-y-sin-fechas-libres-hasta-finales-de-ano-con-todas-las-entradas-vendidas\/#article\",\"isPartOf\":{\"@id\":\"https:\/\/eldromedariorecords.com\/web\/linaje-indiscutibles-protagonistas-del-verano-de-2025-cuatro-conciertos-en-tres-dias-y-sin-fechas-libres-hasta-finales-de-ano-con-todas-las-entradas-vendidas\/#webpage\"},\"author\":{\"@id\":\"https:\/\/eldromedariorecords.com\/web\/#\/schema\/person\/f639b7071d87edc1576924eee06e6cf2\"},\"headline\":\"Linaje, indiscutibles protagonistas del verano de 2025: cuatro conciertos en tres d\\u00edas y sin fechas libres hasta finales de a\\u00f1o, con todas las entradas vendidas\",\"datePublished\":\"2025-07-24T12:15:05+00:00\",\"dateModified\":\"2025-07-24T12:15:11+00:00\",\"mainEntityOfPage\":{\"@id\":\"https:\/\/eldromedariorecords.com\/web\/linaje-indiscutibles-protagonistas-del-verano-de-2025-cuatro-conciertos-en-tres-dias-y-sin-fechas-libres-hasta-finales-de-ano-con-todas-las-entradas-vendidas\/#webpage\"},\"wordCount\":435,\"publisher\":{\"@id\":\"https:\/\/eldromedariorecords.com\/web\/#organization\"},\"image\":{\"@id\":\"https:\/\/eldromedariorecords.com\/web\/linaje-indiscutibles-protagonistas-del-verano-de-2025-cuatro-conciertos-en-tres-dias-y-sin-fechas-libres-hasta-finales-de-ano-con-todas-las-entradas-vendidas\/#primaryimage\"},\"thumbnailUrl\":\"https:\/\/eldromedariorecords.com\/web\/wp-content\/uploads\/2025\/07\/LINAJE-FOTO-CABECERA.jpg\",\"keywords\":[\"AAR\\u00d3N ROMERO\",\"Berriozar\",\"Gira de Linaje\",\"Kutxi Romero\",\"Linaje\",\"Los Marea\",\"rock espa\\u00f1ol\"],\"articleSection\":[\"Linaje\"],\"inLanguage\":\"es\"},{\"@type\":\"Person\",\"@id\":\"https:\/\/eldromedariorecords.com\/web\/#\/schema\/person\/f639b7071d87edc1576924eee06e6cf2\",\"name\":\"\\u00d3scar Beorlegui\",\"image\":{\"@type\":\"ImageObject\",\"@id\":\"https:\/\/eldromedariorecords.com\/web\/#personlogo\",\"inLanguage\":\"es\",\"url\":\"https:\/\/secure.gravatar.com\/avatar\/2ce90c1c25acabfd0a36e0402246756d?s=96&d=mm&r=g\",\"contentUrl\":\"https:\/\/secure.gravatar.com\/avatar\/2ce90c1c25acabfd0a36e0402246756d?s=96&d=mm&r=g\",\"caption\":\"\\u00d3scar Beorlegui\"}}]}<\/script>\n<!-- \/ Yoast SEO plugin. -->","_links":{"self":[{"href":"https:\/\/eldromedariorecords.com\/web\/wp-json\/wp\/v2\/posts\/41488"}],"collection":[{"href":"https:\/\/eldromedariorecords.com\/web\/wp-json\/wp\/v2\/posts"}],"about":[{"href":"https:\/\/eldromedariorecords.com\/web\/wp-json\/wp\/v2\/types\/post"}],"author":[{"embeddable":true,"href":"https:\/\/eldromedariorecords.com\/web\/wp-json\/wp\/v2\/users\/14"}],"replies":[{"embeddable":true,"href":"https:\/\/eldromedariorecords.com\/web\/wp-json\/wp\/v2\/comments?post=41488"}],"version-history":[{"count":2,"href":"https:\/\/eldromedariorecords.com\/web\/wp-json\/wp\/v2\/posts\/41488\/revisions"}],"predecessor-version":[{"id":41494,"href":"https:\/\/eldromedariorecords.com\/web\/wp-json\/wp\/v2\/posts\/41488\/revisions\/41494"}],"wp:featuredmedia":[{"embeddable":true,"href":"https:\/\/eldromedariorecords.com\/web\/wp-json\/wp\/v2\/media\/41490"}],"wp:attachment":[{"href":"https:\/\/eldromedariorecords.com\/web\/wp-json\/wp\/v2\/media?parent=41488"}],"wp:term":[{"taxonomy":"category","embeddable":true,"href":"https:\/\/eldromedariorecords.com\/web\/wp-json\/wp\/v2\/categories?post=41488"},{"taxonomy":"post_tag","embeddable":true,"href":"https:\/\/eldromedariorecords.com\/web\/wp-json\/wp\/v2\/tags?post=41488"}],"curies":[{"name":"wp","href":"https:\/\/api.w.org\/{rel}","templated":true}]}}