{"id":39225,"date":"2025-05-20T08:53:35","date_gmt":"2025-05-20T06:53:35","guid":{"rendered":"https:\/\/eldromedariorecords.com\/web\/?p=39225"},"modified":"2025-05-20T08:53:39","modified_gmt":"2025-05-20T06:53:39","slug":"ciclonautas-malaputa-y-la-gripe-y-tu-en-rock-fest-2025","status":"publish","type":"post","link":"https:\/\/eldromedariorecords.com\/web\/ciclonautas-malaputa-y-la-gripe-y-tu-en-rock-fest-2025\/","title":{"rendered":"Ciclonautas, Malaputa y La Gripe y T\u00fa en Rock Fest 2025"},"content":{"rendered":"\n<figure class=\"wp-block-image size-large\"><a href=\"https:\/\/www.barcelonarockfest.com\/entradas-festival\/\"><img loading=\"lazy\" width=\"1080\" height=\"1350\" src=\"https:\/\/eldromedariorecords.com\/web\/wp-content\/uploads\/2025\/05\/CARTEL-BCNROCKFEST-25_1080x1350-3.jpg\" alt=\"\" class=\"wp-image-39228\" srcset=\"https:\/\/eldromedariorecords.com\/web\/wp-content\/uploads\/2025\/05\/CARTEL-BCNROCKFEST-25_1080x1350-3.jpg 1080w, https:\/\/eldromedariorecords.com\/web\/wp-content\/uploads\/2025\/05\/CARTEL-BCNROCKFEST-25_1080x1350-3-240x300.jpg 240w, https:\/\/eldromedariorecords.com\/web\/wp-content\/uploads\/2025\/05\/CARTEL-BCNROCKFEST-25_1080x1350-3-768x960.jpg 768w, https:\/\/eldromedariorecords.com\/web\/wp-content\/uploads\/2025\/05\/CARTEL-BCNROCKFEST-25_1080x1350-3-564x705.jpg 564w\" sizes=\"(max-width: 1080px) 100vw, 1080px\" \/><\/a><\/figure>\n\n\n\n<p>Ciclonautas, La Gripe y T\u00fa y Malaputa, artistas de El Dromedario Records, estar\u00e1n en la pr\u00f3xima edici\u00f3n del Rock Fest, a celebrarse un a\u00f1o m\u00e1s en Santa Coloma de Gramenet; los dos primeros actuar\u00e1n el viernes 27 de junio, y Malaputa, el s\u00e1bado 28. \u00a1Entradas y abonos a disposici\u00f3n de todos <a href=\"https:\/\/www.barcelonarockfest.com\/entradas-festival\/\">aqu\u00ed<\/a>!<\/p>\n","protected":false},"excerpt":{"rendered":"<p>Ciclonautas, La Gripe y T\u00fa y Malaputa, artistas de El Dromedario Records, estar\u00e1n en la pr\u00f3xima edici\u00f3n del Rock Fest, a celebrarse un a\u00f1o m\u00e1s en Santa Coloma de Gramenet; los dos primeros actuar\u00e1n el viernes 27 de junio, y Malaputa, el s\u00e1bado 28. \u00a1Entradas y abonos a disposici\u00f3n de todos aqu\u00ed!<\/p>\n","protected":false},"author":14,"featured_media":39228,"comment_status":"closed","ping_status":"open","sticky":false,"template":"","format":"standard","meta":[],"categories":[35,1550,1585,1693],"tags":[27,1629,212,287],"yoast_head":"<!-- This site is optimized with the Yoast SEO plugin v16.5 - https:\/\/yoast.com\/wordpress\/plugins\/seo\/ -->\n<title>Ciclonautas, Malaputa y La Gripe y T\u00fa en Rock Fest 2025 - El Dromedario Records<\/title>\n<meta name=\"robots\" content=\"index, follow, max-snippet:-1, max-image-preview:large, max-video-preview:-1\" \/>\n<link rel=\"canonical\" href=\"https:\/\/eldromedariorecords.com\/web\/ciclonautas-malaputa-y-la-gripe-y-tu-en-rock-fest-2025\/\" \/>\n<meta property=\"og:locale\" content=\"es_ES\" \/>\n<meta property=\"og:type\" content=\"article\" \/>\n<meta property=\"og:title\" content=\"Ciclonautas, Malaputa y La Gripe y T\u00fa en Rock Fest 2025 - El Dromedario Records\" \/>\n<meta property=\"og:description\" content=\"Ciclonautas, La Gripe y T\u00fa y Malaputa, artistas de El Dromedario Records, estar\u00e1n en la pr\u00f3xima edici\u00f3n del Rock Fest, a celebrarse un a\u00f1o m\u00e1s en Santa Coloma de Gramenet; los dos primeros actuar\u00e1n el viernes 27 de junio, y Malaputa, el s\u00e1bado 28. \u00a1Entradas y abonos a disposici\u00f3n de todos aqu\u00ed!\" \/>\n<meta property=\"og:url\" content=\"https:\/\/eldromedariorecords.com\/web\/ciclonautas-malaputa-y-la-gripe-y-tu-en-rock-fest-2025\/\" \/>\n<meta property=\"og:site_name\" content=\"El Dromedario Records\" \/>\n<meta property=\"article:published_time\" content=\"2025-05-20T06:53:35+00:00\" \/>\n<meta property=\"article:modified_time\" content=\"2025-05-20T06:53:39+00:00\" \/>\n<meta property=\"og:image\" content=\"https:\/\/eldromedariorecords.com\/web\/wp-content\/uploads\/2025\/05\/CARTEL-BCNROCKFEST-25_1080x1350-3.jpg\" \/>\n\t<meta property=\"og:image:width\" content=\"1080\" \/>\n\t<meta property=\"og:image:height\" content=\"1350\" \/>\n<meta name=\"twitter:card\" content=\"summary\" \/>\n<meta name=\"twitter:label1\" content=\"Tiempo de lectura\" \/>\n\t<meta name=\"twitter:data1\" content=\"1 minuto\" \/>\n<script type=\"application\/ld+json\" class=\"yoast-schema-graph\">{\"@context\":\"https:\/\/schema.org\",\"@graph\":[{\"@type\":\"Organization\",\"@id\":\"https:\/\/eldromedariorecords.com\/web\/#organization\",\"name\":\"El Dromedario Records\",\"url\":\"https:\/\/eldromedariorecords.com\/web\/\",\"sameAs\":[],\"logo\":{\"@type\":\"ImageObject\",\"@id\":\"https:\/\/eldromedariorecords.com\/web\/#logo\",\"inLanguage\":\"es\",\"url\":\"https:\/\/eldromedariorecords.melboss.com\/web\/wp-content\/uploads\/2021\/06\/logo-dromedario-negro.png\",\"contentUrl\":\"https:\/\/eldromedariorecords.melboss.com\/web\/wp-content\/uploads\/2021\/06\/logo-dromedario-negro.png\",\"width\":800,\"height\":624,\"caption\":\"El Dromedario Records\"},\"image\":{\"@id\":\"https:\/\/eldromedariorecords.com\/web\/#logo\"}},{\"@type\":\"WebSite\",\"@id\":\"https:\/\/eldromedariorecords.com\/web\/#website\",\"url\":\"https:\/\/eldromedariorecords.com\/web\/\",\"name\":\"El Dromedario Records\",\"description\":\"Discogr\\u00e1fica El Dromedario Records\",\"publisher\":{\"@id\":\"https:\/\/eldromedariorecords.com\/web\/#organization\"},\"potentialAction\":[{\"@type\":\"SearchAction\",\"target\":\"https:\/\/eldromedariorecords.com\/web\/?s={search_term_string}\",\"query-input\":\"required name=search_term_string\"}],\"inLanguage\":\"es\"},{\"@type\":\"ImageObject\",\"@id\":\"https:\/\/eldromedariorecords.com\/web\/ciclonautas-malaputa-y-la-gripe-y-tu-en-rock-fest-2025\/#primaryimage\",\"inLanguage\":\"es\",\"url\":\"https:\/\/eldromedariorecords.com\/web\/wp-content\/uploads\/2025\/05\/CARTEL-BCNROCKFEST-25_1080x1350-3.jpg\",\"contentUrl\":\"https:\/\/eldromedariorecords.com\/web\/wp-content\/uploads\/2025\/05\/CARTEL-BCNROCKFEST-25_1080x1350-3.jpg\",\"width\":1080,\"height\":1350},{\"@type\":\"WebPage\",\"@id\":\"https:\/\/eldromedariorecords.com\/web\/ciclonautas-malaputa-y-la-gripe-y-tu-en-rock-fest-2025\/#webpage\",\"url\":\"https:\/\/eldromedariorecords.com\/web\/ciclonautas-malaputa-y-la-gripe-y-tu-en-rock-fest-2025\/\",\"name\":\"Ciclonautas, Malaputa y La Gripe y T\\u00fa en Rock Fest 2025 - El Dromedario Records\",\"isPartOf\":{\"@id\":\"https:\/\/eldromedariorecords.com\/web\/#website\"},\"primaryImageOfPage\":{\"@id\":\"https:\/\/eldromedariorecords.com\/web\/ciclonautas-malaputa-y-la-gripe-y-tu-en-rock-fest-2025\/#primaryimage\"},\"datePublished\":\"2025-05-20T06:53:35+00:00\",\"dateModified\":\"2025-05-20T06:53:39+00:00\",\"breadcrumb\":{\"@id\":\"https:\/\/eldromedariorecords.com\/web\/ciclonautas-malaputa-y-la-gripe-y-tu-en-rock-fest-2025\/#breadcrumb\"},\"inLanguage\":\"es\",\"potentialAction\":[{\"@type\":\"ReadAction\",\"target\":[\"https:\/\/eldromedariorecords.com\/web\/ciclonautas-malaputa-y-la-gripe-y-tu-en-rock-fest-2025\/\"]}]},{\"@type\":\"BreadcrumbList\",\"@id\":\"https:\/\/eldromedariorecords.com\/web\/ciclonautas-malaputa-y-la-gripe-y-tu-en-rock-fest-2025\/#breadcrumb\",\"itemListElement\":[{\"@type\":\"ListItem\",\"position\":1,\"name\":\"Portada\",\"item\":\"https:\/\/eldromedariorecords.com\/web\/inicio\/\"},{\"@type\":\"ListItem\",\"position\":2,\"name\":\"Ciclonautas, Malaputa y La Gripe y T\\u00fa en Rock Fest 2025\"}]},{\"@type\":\"Article\",\"@id\":\"https:\/\/eldromedariorecords.com\/web\/ciclonautas-malaputa-y-la-gripe-y-tu-en-rock-fest-2025\/#article\",\"isPartOf\":{\"@id\":\"https:\/\/eldromedariorecords.com\/web\/ciclonautas-malaputa-y-la-gripe-y-tu-en-rock-fest-2025\/#webpage\"},\"author\":{\"@id\":\"https:\/\/eldromedariorecords.com\/web\/#\/schema\/person\/f639b7071d87edc1576924eee06e6cf2\"},\"headline\":\"Ciclonautas, Malaputa y La Gripe y T\\u00fa en Rock Fest 2025\",\"datePublished\":\"2025-05-20T06:53:35+00:00\",\"dateModified\":\"2025-05-20T06:53:39+00:00\",\"mainEntityOfPage\":{\"@id\":\"https:\/\/eldromedariorecords.com\/web\/ciclonautas-malaputa-y-la-gripe-y-tu-en-rock-fest-2025\/#webpage\"},\"wordCount\":68,\"publisher\":{\"@id\":\"https:\/\/eldromedariorecords.com\/web\/#organization\"},\"image\":{\"@id\":\"https:\/\/eldromedariorecords.com\/web\/ciclonautas-malaputa-y-la-gripe-y-tu-en-rock-fest-2025\/#primaryimage\"},\"thumbnailUrl\":\"https:\/\/eldromedariorecords.com\/web\/wp-content\/uploads\/2025\/05\/CARTEL-BCNROCKFEST-25_1080x1350-3.jpg\",\"keywords\":[\"Ciclonautas\",\"LA GRIPE Y TU\",\"Malaputa\",\"Rock Fest\"],\"articleSection\":[\"Ciclonautas\",\"La Gripe y T\\u00fa\",\"Malaputa\",\"ROCK FEST\"],\"inLanguage\":\"es\"},{\"@type\":\"Person\",\"@id\":\"https:\/\/eldromedariorecords.com\/web\/#\/schema\/person\/f639b7071d87edc1576924eee06e6cf2\",\"name\":\"\\u00d3scar Beorlegui\",\"image\":{\"@type\":\"ImageObject\",\"@id\":\"https:\/\/eldromedariorecords.com\/web\/#personlogo\",\"inLanguage\":\"es\",\"url\":\"https:\/\/secure.gravatar.com\/avatar\/2ce90c1c25acabfd0a36e0402246756d?s=96&d=mm&r=g\",\"contentUrl\":\"https:\/\/secure.gravatar.com\/avatar\/2ce90c1c25acabfd0a36e0402246756d?s=96&d=mm&r=g\",\"caption\":\"\\u00d3scar Beorlegui\"}}]}<\/script>\n<!-- \/ Yoast SEO plugin. -->","_links":{"self":[{"href":"https:\/\/eldromedariorecords.com\/web\/wp-json\/wp\/v2\/posts\/39225"}],"collection":[{"href":"https:\/\/eldromedariorecords.com\/web\/wp-json\/wp\/v2\/posts"}],"about":[{"href":"https:\/\/eldromedariorecords.com\/web\/wp-json\/wp\/v2\/types\/post"}],"author":[{"embeddable":true,"href":"https:\/\/eldromedariorecords.com\/web\/wp-json\/wp\/v2\/users\/14"}],"replies":[{"embeddable":true,"href":"https:\/\/eldromedariorecords.com\/web\/wp-json\/wp\/v2\/comments?post=39225"}],"version-history":[{"count":2,"href":"https:\/\/eldromedariorecords.com\/web\/wp-json\/wp\/v2\/posts\/39225\/revisions"}],"predecessor-version":[{"id":39230,"href":"https:\/\/eldromedariorecords.com\/web\/wp-json\/wp\/v2\/posts\/39225\/revisions\/39230"}],"wp:featuredmedia":[{"embeddable":true,"href":"https:\/\/eldromedariorecords.com\/web\/wp-json\/wp\/v2\/media\/39228"}],"wp:attachment":[{"href":"https:\/\/eldromedariorecords.com\/web\/wp-json\/wp\/v2\/media?parent=39225"}],"wp:term":[{"taxonomy":"category","embeddable":true,"href":"https:\/\/eldromedariorecords.com\/web\/wp-json\/wp\/v2\/categories?post=39225"},{"taxonomy":"post_tag","embeddable":true,"href":"https:\/\/eldromedariorecords.com\/web\/wp-json\/wp\/v2\/tags?post=39225"}],"curies":[{"name":"wp","href":"https:\/\/api.w.org\/{rel}","templated":true}]}}