{"id":3921,"date":"2017-06-08T08:31:00","date_gmt":"2017-06-08T08:31:00","guid":{"rendered":"https:\/\/eldromedariorecords.com\/web\/?p=3921"},"modified":"2017-06-08T14:47:58","modified_gmt":"2017-06-08T14:47:58","slug":"viajero-vela-la-venta-23-junio-presentacion-la-portada-preventa-ya-activada","status":"publish","type":"post","link":"https:\/\/eldromedariorecords.com\/web\/viajero-vela-la-venta-23-junio-presentacion-la-portada-preventa-ya-activada\/","title":{"rendered":"Viajero, de En Vela, a la venta el 23 de junio: presentaci\u00f3n de la portada y preventa ya activada"},"content":{"rendered":"<p><img loading=\"lazy\" class=\"aligncenter size-full wp-image-3920\" src=\"https:\/\/eldromedariorecords.com\/web\/wp-content\/uploads\/2017\/06\/en-vela-cover-disco.jpg\" alt=\"\" width=\"1200\" height=\"1200\" srcset=\"https:\/\/eldromedariorecords.com\/web\/wp-content\/uploads\/2017\/06\/en-vela-cover-disco.jpg 1200w, https:\/\/eldromedariorecords.com\/web\/wp-content\/uploads\/2017\/06\/en-vela-cover-disco-80x80.jpg 80w, https:\/\/eldromedariorecords.com\/web\/wp-content\/uploads\/2017\/06\/en-vela-cover-disco-300x300.jpg 300w, https:\/\/eldromedariorecords.com\/web\/wp-content\/uploads\/2017\/06\/en-vela-cover-disco-768x768.jpg 768w, https:\/\/eldromedariorecords.com\/web\/wp-content\/uploads\/2017\/06\/en-vela-cover-disco-1030x1030.jpg 1030w, https:\/\/eldromedariorecords.com\/web\/wp-content\/uploads\/2017\/06\/en-vela-cover-disco-600x600.jpg 600w, https:\/\/eldromedariorecords.com\/web\/wp-content\/uploads\/2017\/06\/en-vela-cover-disco-36x36.jpg 36w, https:\/\/eldromedariorecords.com\/web\/wp-content\/uploads\/2017\/06\/en-vela-cover-disco-180x180.jpg 180w, https:\/\/eldromedariorecords.com\/web\/wp-content\/uploads\/2017\/06\/en-vela-cover-disco-705x705.jpg 705w, https:\/\/eldromedariorecords.com\/web\/wp-content\/uploads\/2017\/06\/en-vela-cover-disco-120x120.jpg 120w, https:\/\/eldromedariorecords.com\/web\/wp-content\/uploads\/2017\/06\/en-vela-cover-disco-450x450.jpg 450w\" sizes=\"(max-width: 1200px) 100vw, 1200px\" \/><\/p>\n<p>&nbsp;<\/p>\n<p>El nuevo CD de En Vela, titulado Viajero y editado por El Dromedario Records, saldr\u00e1 a la venta el pr\u00f3ximo 23 de junio. Aprovechamos estas l\u00edneas para mostraros la portada.<\/p>\n<p>El disco ya se puede reservar <a href=\"https:\/\/eldromedariorecords.com\/web\/tienda\/home\/246-en-vela-viajero.html\">en nuestra Web, <\/a>pudi\u00e9ndose adquirir por 12,95\u20ac. Adem\u00e1s, <a href=\"https:\/\/eldromedariorecords.com\/web\/tienda\/home\/246-en-vela-viajero.html\">reserv\u00e1ndolo,<\/a> durante la preventa recibir\u00e1s una camiseta de regalo.<\/p>\n<p>En Vela es un grupo colombiano que formar\u00e1 parte para siempre de nuestra historia por ser la primera banda internacional de El Dromedario Records; la banda se form\u00f3 en 2009 en Bogot\u00e1. Actualmente integran la formaci\u00f3n Sergio Velandia, a la voz y a la guitarra; Augusto Polan\u00eda, a la guitarra, Juan Felipe Forero, al bajo, y Jos\u00e9 Mill\u00e1n, a la bater\u00eda.<\/p>\n<p>Fundados como una banda de rock independiente, En Vela cuentan hasta el momento con un EP, \u2018Entre l\u00edneas\u2019, lanzado en 2012 por ellos mismos. Dicho a\u00f1o participaron como banda invitada de Marea en sus conciertos dados en Bogot\u00e1 y Medell\u00edn con motivo de la gira de presentaci\u00f3n del disco de los de Berriozar \u2018En mi hambre mando yo\u2019.<\/p>\n<p>Ahora, cinco a\u00f1os despu\u00e9s, el grupo salta a la palestra porque El Dromedario Records publicar\u00e1 pr\u00f3ximamente su nuevo disco; el lanzamiento se llevar\u00e1 a cabo de forma simult\u00e1nea en Colombia y en Espa\u00f1a.<\/p>\n<p>Sigue a En Vela en <a href=\"https:\/\/www.facebook.com\/envelarock\/\">Facebook<\/a> y <a href=\"https:\/\/twitter.com\/EnVelaRock\">Twitter.<\/a><\/p>\n<p>Visita <a href=\"http:\/\/www.envelarock.com\/\">envelarock.com<\/a><\/p>\n","protected":false},"excerpt":{"rendered":"<p>&nbsp; El nuevo CD de En Vela, titulado Viajero y editado por El Dromedario Records, saldr\u00e1 a la venta el pr\u00f3ximo 23 de junio. Aprovechamos estas l\u00edneas para mostraros la portada. El disco ya se puede reservar en nuestra Web, pudi\u00e9ndose adquirir por 12,95\u20ac. Adem\u00e1s, reserv\u00e1ndolo, durante la preventa recibir\u00e1s una camiseta de regalo. En [&hellip;]<\/p>\n","protected":false},"author":3,"featured_media":3920,"comment_status":"closed","ping_status":"open","sticky":false,"template":"","format":"standard","meta":[],"categories":[72],"tags":[477,470,468,93,476],"yoast_head":"<!-- This site is optimized with the Yoast SEO plugin v16.5 - https:\/\/yoast.com\/wordpress\/plugins\/seo\/ -->\n<title>Viajero, de En Vela, a la venta el 23 de junio: presentaci\u00f3n de la portada y preventa ya activada - El Dromedario Records<\/title>\n<meta name=\"robots\" content=\"index, follow, max-snippet:-1, max-image-preview:large, max-video-preview:-1\" \/>\n<link rel=\"canonical\" href=\"https:\/\/eldromedariorecords.com\/web\/viajero-vela-la-venta-23-junio-presentacion-la-portada-preventa-ya-activada\/\" \/>\n<meta property=\"og:locale\" content=\"es_ES\" \/>\n<meta property=\"og:type\" content=\"article\" \/>\n<meta property=\"og:title\" content=\"Viajero, de En Vela, a la venta el 23 de junio: presentaci\u00f3n de la portada y preventa ya activada - El Dromedario Records\" \/>\n<meta property=\"og:description\" content=\"&nbsp; El nuevo CD de En Vela, titulado Viajero y editado por El Dromedario Records, saldr\u00e1 a la venta el pr\u00f3ximo 23 de junio. Aprovechamos estas l\u00edneas para mostraros la portada. El disco ya se puede reservar en nuestra Web, pudi\u00e9ndose adquirir por 12,95\u20ac. Adem\u00e1s, reserv\u00e1ndolo, durante la preventa recibir\u00e1s una camiseta de regalo. En [&hellip;]\" \/>\n<meta property=\"og:url\" content=\"https:\/\/eldromedariorecords.com\/web\/viajero-vela-la-venta-23-junio-presentacion-la-portada-preventa-ya-activada\/\" \/>\n<meta property=\"og:site_name\" content=\"El Dromedario Records\" \/>\n<meta property=\"article:published_time\" content=\"2017-06-08T08:31:00+00:00\" \/>\n<meta property=\"article:modified_time\" content=\"2017-06-08T14:47:58+00:00\" \/>\n<meta property=\"og:image\" content=\"https:\/\/eldromedariorecords.melboss.com\/web\/wp-content\/uploads\/2017\/06\/en-vela-cover-disco.jpg\" \/>\n\t<meta property=\"og:image:width\" content=\"1200\" \/>\n\t<meta property=\"og:image:height\" content=\"1200\" \/>\n<meta name=\"twitter:card\" content=\"summary\" \/>\n<meta name=\"twitter:label1\" content=\"Tiempo de lectura\" \/>\n\t<meta name=\"twitter:data1\" content=\"1 minuto\" \/>\n<script type=\"application\/ld+json\" class=\"yoast-schema-graph\">{\"@context\":\"https:\/\/schema.org\",\"@graph\":[{\"@type\":\"Organization\",\"@id\":\"https:\/\/eldromedariorecords.com\/web\/#organization\",\"name\":\"El Dromedario Records\",\"url\":\"https:\/\/eldromedariorecords.com\/web\/\",\"sameAs\":[],\"logo\":{\"@type\":\"ImageObject\",\"@id\":\"https:\/\/eldromedariorecords.com\/web\/#logo\",\"inLanguage\":\"es\",\"url\":\"https:\/\/eldromedariorecords.melboss.com\/web\/wp-content\/uploads\/2021\/06\/logo-dromedario-negro.png\",\"contentUrl\":\"https:\/\/eldromedariorecords.melboss.com\/web\/wp-content\/uploads\/2021\/06\/logo-dromedario-negro.png\",\"width\":800,\"height\":624,\"caption\":\"El Dromedario Records\"},\"image\":{\"@id\":\"https:\/\/eldromedariorecords.com\/web\/#logo\"}},{\"@type\":\"WebSite\",\"@id\":\"https:\/\/eldromedariorecords.com\/web\/#website\",\"url\":\"https:\/\/eldromedariorecords.com\/web\/\",\"name\":\"El Dromedario Records\",\"description\":\"Discogr\\u00e1fica El Dromedario Records\",\"publisher\":{\"@id\":\"https:\/\/eldromedariorecords.com\/web\/#organization\"},\"potentialAction\":[{\"@type\":\"SearchAction\",\"target\":\"https:\/\/eldromedariorecords.com\/web\/?s={search_term_string}\",\"query-input\":\"required name=search_term_string\"}],\"inLanguage\":\"es\"},{\"@type\":\"ImageObject\",\"@id\":\"https:\/\/eldromedariorecords.com\/web\/viajero-vela-la-venta-23-junio-presentacion-la-portada-preventa-ya-activada\/#primaryimage\",\"inLanguage\":\"es\",\"url\":\"https:\/\/eldromedariorecords.com\/web\/wp-content\/uploads\/2017\/06\/en-vela-cover-disco.jpg\",\"contentUrl\":\"https:\/\/eldromedariorecords.com\/web\/wp-content\/uploads\/2017\/06\/en-vela-cover-disco.jpg\",\"width\":1200,\"height\":1200},{\"@type\":\"WebPage\",\"@id\":\"https:\/\/eldromedariorecords.com\/web\/viajero-vela-la-venta-23-junio-presentacion-la-portada-preventa-ya-activada\/#webpage\",\"url\":\"https:\/\/eldromedariorecords.com\/web\/viajero-vela-la-venta-23-junio-presentacion-la-portada-preventa-ya-activada\/\",\"name\":\"Viajero, de En Vela, a la venta el 23 de junio: presentaci\\u00f3n de la portada y preventa ya activada - El Dromedario Records\",\"isPartOf\":{\"@id\":\"https:\/\/eldromedariorecords.com\/web\/#website\"},\"primaryImageOfPage\":{\"@id\":\"https:\/\/eldromedariorecords.com\/web\/viajero-vela-la-venta-23-junio-presentacion-la-portada-preventa-ya-activada\/#primaryimage\"},\"datePublished\":\"2017-06-08T08:31:00+00:00\",\"dateModified\":\"2017-06-08T14:47:58+00:00\",\"breadcrumb\":{\"@id\":\"https:\/\/eldromedariorecords.com\/web\/viajero-vela-la-venta-23-junio-presentacion-la-portada-preventa-ya-activada\/#breadcrumb\"},\"inLanguage\":\"es\",\"potentialAction\":[{\"@type\":\"ReadAction\",\"target\":[\"https:\/\/eldromedariorecords.com\/web\/viajero-vela-la-venta-23-junio-presentacion-la-portada-preventa-ya-activada\/\"]}]},{\"@type\":\"BreadcrumbList\",\"@id\":\"https:\/\/eldromedariorecords.com\/web\/viajero-vela-la-venta-23-junio-presentacion-la-portada-preventa-ya-activada\/#breadcrumb\",\"itemListElement\":[{\"@type\":\"ListItem\",\"position\":1,\"name\":\"Portada\",\"item\":\"https:\/\/eldromedariorecords.com\/web\/inicio\/\"},{\"@type\":\"ListItem\",\"position\":2,\"name\":\"Viajero, de En Vela, a la venta el 23 de junio: presentaci\\u00f3n de la portada y preventa ya activada\"}]},{\"@type\":\"Article\",\"@id\":\"https:\/\/eldromedariorecords.com\/web\/viajero-vela-la-venta-23-junio-presentacion-la-portada-preventa-ya-activada\/#article\",\"isPartOf\":{\"@id\":\"https:\/\/eldromedariorecords.com\/web\/viajero-vela-la-venta-23-junio-presentacion-la-portada-preventa-ya-activada\/#webpage\"},\"author\":{\"@id\":\"https:\/\/eldromedariorecords.com\/web\/#\/schema\/person\/71690da9dcd1ce3d7409664303024b87\"},\"headline\":\"Viajero, de En Vela, a la venta el 23 de junio: presentaci\\u00f3n de la portada y preventa ya activada\",\"datePublished\":\"2017-06-08T08:31:00+00:00\",\"dateModified\":\"2017-06-08T14:47:58+00:00\",\"mainEntityOfPage\":{\"@id\":\"https:\/\/eldromedariorecords.com\/web\/viajero-vela-la-venta-23-junio-presentacion-la-portada-preventa-ya-activada\/#webpage\"},\"wordCount\":251,\"publisher\":{\"@id\":\"https:\/\/eldromedariorecords.com\/web\/#organization\"},\"image\":{\"@id\":\"https:\/\/eldromedariorecords.com\/web\/viajero-vela-la-venta-23-junio-presentacion-la-portada-preventa-ya-activada\/#primaryimage\"},\"thumbnailUrl\":\"https:\/\/eldromedariorecords.com\/web\/wp-content\/uploads\/2017\/06\/en-vela-cover-disco.jpg\",\"keywords\":[\"Bogot\\u00e1\",\"Colombia\",\"En Vela\",\"Rock urbano\",\"Viajero\"],\"articleSection\":[\"Otros\"],\"inLanguage\":\"es\"},{\"@type\":\"Person\",\"@id\":\"https:\/\/eldromedariorecords.com\/web\/#\/schema\/person\/71690da9dcd1ce3d7409664303024b87\",\"name\":\"Iosu\",\"image\":{\"@type\":\"ImageObject\",\"@id\":\"https:\/\/eldromedariorecords.com\/web\/#personlogo\",\"inLanguage\":\"es\",\"url\":\"https:\/\/secure.gravatar.com\/avatar\/4225fb5a2e5d3e2effd3ee240c8f8d9d?s=96&d=mm&r=g\",\"contentUrl\":\"https:\/\/secure.gravatar.com\/avatar\/4225fb5a2e5d3e2effd3ee240c8f8d9d?s=96&d=mm&r=g\",\"caption\":\"Iosu\"}}]}<\/script>\n<!-- \/ Yoast SEO plugin. -->","_links":{"self":[{"href":"https:\/\/eldromedariorecords.com\/web\/wp-json\/wp\/v2\/posts\/3921"}],"collection":[{"href":"https:\/\/eldromedariorecords.com\/web\/wp-json\/wp\/v2\/posts"}],"about":[{"href":"https:\/\/eldromedariorecords.com\/web\/wp-json\/wp\/v2\/types\/post"}],"author":[{"embeddable":true,"href":"https:\/\/eldromedariorecords.com\/web\/wp-json\/wp\/v2\/users\/3"}],"replies":[{"embeddable":true,"href":"https:\/\/eldromedariorecords.com\/web\/wp-json\/wp\/v2\/comments?post=3921"}],"version-history":[{"count":0,"href":"https:\/\/eldromedariorecords.com\/web\/wp-json\/wp\/v2\/posts\/3921\/revisions"}],"wp:featuredmedia":[{"embeddable":true,"href":"https:\/\/eldromedariorecords.com\/web\/wp-json\/wp\/v2\/media\/3920"}],"wp:attachment":[{"href":"https:\/\/eldromedariorecords.com\/web\/wp-json\/wp\/v2\/media?parent=3921"}],"wp:term":[{"taxonomy":"category","embeddable":true,"href":"https:\/\/eldromedariorecords.com\/web\/wp-json\/wp\/v2\/categories?post=3921"},{"taxonomy":"post_tag","embeddable":true,"href":"https:\/\/eldromedariorecords.com\/web\/wp-json\/wp\/v2\/tags?post=3921"}],"curies":[{"name":"wp","href":"https:\/\/api.w.org\/{rel}","templated":true}]}}