{"id":38783,"date":"2025-05-07T11:22:50","date_gmt":"2025-05-07T09:22:50","guid":{"rendered":"https:\/\/eldromedariorecords.com\/web\/?p=38783"},"modified":"2025-05-07T11:22:54","modified_gmt":"2025-05-07T09:22:54","slug":"la-piel-del-aire-nuevo-videoclip-y-single-de-bulo","status":"publish","type":"post","link":"https:\/\/eldromedariorecords.com\/web\/la-piel-del-aire-nuevo-videoclip-y-single-de-bulo\/","title":{"rendered":"\u201cLa piel del aire\u201d, nuevo videoclip y single de Bulo"},"content":{"rendered":"\n<figure class=\"wp-block-embed is-type-video is-provider-youtube wp-block-embed-youtube wp-embed-aspect-16-9 wp-has-aspect-ratio\"><div class=\"wp-block-embed__wrapper\">\n<div class='avia-iframe-wrap'><iframe loading=\"lazy\" title=\"Bulo - La piel del aire (Videoclip oficial)\" width=\"1500\" height=\"844\" src=\"https:\/\/www.youtube.com\/embed\/3eVMyq9jvO8?feature=oembed\" frameborder=\"0\" allow=\"accelerometer; autoplay; clipboard-write; encrypted-media; gyroscope; picture-in-picture; web-share\" referrerpolicy=\"strict-origin-when-cross-origin\" allowfullscreen><\/iframe><\/div>\n<\/div><\/figure>\n\n\n\n<p>Presentamos \u201cLa piel del aire\u201d, segundo videoclip y single de adelanto del que ser\u00e1 el primer disco de Bulo. La canci\u00f3n ya est\u00e1 disponible en todas las plataformas y el clip ya puede verse en Youtube.<\/p>\n\n\n\n<figure class=\"wp-block-image size-large\"><a href=\"https:\/\/eldromedariorecords.ffm.to\/lapieldelaire?fbclid=IwY2xjawKH5mlleHRuA2FlbQIxMABicmlkETA2b0p5QUd6emREMURldVBPAR6R_tGRzsWtkganLK5OBGXIo6hJN5ie0tVnbjhLV0syhI_5NKlnuIokvQrJSA_aem_ov9Ou-nzc28jcoR_MkvJwQ \"><img loading=\"lazy\" width=\"1500\" height=\"1500\" src=\"https:\/\/eldromedariorecords.com\/web\/wp-content\/uploads\/2025\/05\/Portada-LA-PIEL-DEL-AIRE-1-1500x1500.jpg\" alt=\"\" class=\"wp-image-38784\" srcset=\"https:\/\/eldromedariorecords.com\/web\/wp-content\/uploads\/2025\/05\/Portada-LA-PIEL-DEL-AIRE-1-1500x1500.jpg 1500w, https:\/\/eldromedariorecords.com\/web\/wp-content\/uploads\/2025\/05\/Portada-LA-PIEL-DEL-AIRE-1-300x300.jpg 300w, https:\/\/eldromedariorecords.com\/web\/wp-content\/uploads\/2025\/05\/Portada-LA-PIEL-DEL-AIRE-1-80x80.jpg 80w, https:\/\/eldromedariorecords.com\/web\/wp-content\/uploads\/2025\/05\/Portada-LA-PIEL-DEL-AIRE-1-768x768.jpg 768w, https:\/\/eldromedariorecords.com\/web\/wp-content\/uploads\/2025\/05\/Portada-LA-PIEL-DEL-AIRE-1-1536x1536.jpg 1536w, https:\/\/eldromedariorecords.com\/web\/wp-content\/uploads\/2025\/05\/Portada-LA-PIEL-DEL-AIRE-1-2048x2048.jpg 2048w, https:\/\/eldromedariorecords.com\/web\/wp-content\/uploads\/2025\/05\/Portada-LA-PIEL-DEL-AIRE-1-36x36.jpg 36w, https:\/\/eldromedariorecords.com\/web\/wp-content\/uploads\/2025\/05\/Portada-LA-PIEL-DEL-AIRE-1-180x180.jpg 180w, https:\/\/eldromedariorecords.com\/web\/wp-content\/uploads\/2025\/05\/Portada-LA-PIEL-DEL-AIRE-1-705x705.jpg 705w\" sizes=\"(max-width: 1500px) 100vw, 1500px\" \/><\/a><\/figure>\n\n\n\n<p>El rock contundente y con pegada propia de Bulo se manifiesta con fuerza en \u201cLa piel del aire\u201d, tema en el que el guitarrista Woody Amores de los Robe, junto a Ismael Tovar, al bajo, y Antonio Pintor a la bater\u00eda, brillan con poderosa luz propia al servicio de la joya de la corona, la voz de Lorenzo Gonz\u00e1lez, tambi\u00e9n en los Robe. Y todo ello tejiendo sugerentes y sorprendentes atm\u00f3sferas musicales, siempre en clave de rock.<\/p>\n\n\n\n<p>Rodado bajo la supervisi\u00f3n de Paco Pulido, en el videoclip la canci\u00f3n se convierte en un western existencial, representando un tr\u00e1nsito por la duda, la soledad y, finalmente, la decisi\u00f3n de seguir caminando pese a todo.<\/p>\n\n\n\n<p>El clip, presidido por la no desapercibida presencia de buitres planeando en c\u00edrculos sobre las cabezas de los m\u00fasicos, fue rodado en un \u00e1rea pr\u00f3xima a C\u00e1ceres llamada Los Arenales, y nos muestra al cuarteto vagando en solitario por un terreno que parece no tener fin, rico en im\u00e1genes de tierras resecas y tumbas abiertas excavadas en roca viva\u2026 presidido todo ello por un horizonte sin promesas. Adem\u00e1s, los planos a\u00e9reos del videoclip refuerzan la presencia inquietante de los buitres.&nbsp;<\/p>\n\n\n\n<p>\u201cNo perdamos una de las formas m\u00e1s \u00edntimas de resistencia, la confianza en uno mismo\u201d. Esta frase, en palabras de la banda, les ha acompa\u00f1ado en el proceso de creaci\u00f3n de la canci\u00f3n. \u201cEsa es la raz\u00f3n por la que el tema habla de la importancia de creer en nosotros, en nuestras capacidades y, sobre todo, entender la fragilidad y cambios que puede sufrir este prop\u00f3sito. De ah\u00ed la uni\u00f3n de conceptos como piel y aire. De ah\u00ed, \u201cLa piel del aire\u201d.<\/p>\n\n\n\n<p>En palabras de Paco Pulido, el director del rodaje, \u201clos buitres son conocidos por su vuelo eficiente y prolongado. Son la piel del aire, pero tambi\u00e9n representan algo m\u00e1s sutil: los buitres representan lo que acecha, personas, voces o miedos que esperan nuestro derrumbe para alimentarse de nuestras ruinas.\u201d<\/p>\n\n\n\n<p>\u201cAl margen de interferencias externas vamos a enfocarnos en la capacidad de ser nosotros mismos\u201d, he aqu\u00ed el mensaje que busca transmitir Bulo con la canci\u00f3n.<\/p>\n","protected":false},"excerpt":{"rendered":"<p>Presentamos \u201cLa piel del aire\u201d, segundo videoclip y single de adelanto del que ser\u00e1 el primer disco de Bulo. La canci\u00f3n ya est\u00e1 disponible en todas las plataformas y el clip ya puede verse en Youtube. El rock contundente y con pegada propia de Bulo se manifiesta con fuerza en \u201cLa piel del aire\u201d, tema [&hellip;]<\/p>\n","protected":false},"author":14,"featured_media":38784,"comment_status":"closed","ping_status":"open","sticky":false,"template":"","format":"standard","meta":[],"categories":[1657],"tags":[1642,1659,1661,711,153,1580],"yoast_head":"<!-- This site is optimized with the Yoast SEO plugin v16.5 - https:\/\/yoast.com\/wordpress\/plugins\/seo\/ -->\n<title>\u201cLa piel del aire\u201d, nuevo videoclip y single de Bulo - El Dromedario Records<\/title>\n<meta name=\"robots\" content=\"index, follow, max-snippet:-1, max-image-preview:large, max-video-preview:-1\" \/>\n<link rel=\"canonical\" href=\"https:\/\/eldromedariorecords.com\/web\/la-piel-del-aire-nuevo-videoclip-y-single-de-bulo\/\" \/>\n<meta property=\"og:locale\" content=\"es_ES\" \/>\n<meta property=\"og:type\" content=\"article\" \/>\n<meta property=\"og:title\" content=\"\u201cLa piel del aire\u201d, nuevo videoclip y single de Bulo - El Dromedario Records\" \/>\n<meta property=\"og:description\" content=\"Presentamos \u201cLa piel del aire\u201d, segundo videoclip y single de adelanto del que ser\u00e1 el primer disco de Bulo. La canci\u00f3n ya est\u00e1 disponible en todas las plataformas y el clip ya puede verse en Youtube. El rock contundente y con pegada propia de Bulo se manifiesta con fuerza en \u201cLa piel del aire\u201d, tema [&hellip;]\" \/>\n<meta property=\"og:url\" content=\"https:\/\/eldromedariorecords.com\/web\/la-piel-del-aire-nuevo-videoclip-y-single-de-bulo\/\" \/>\n<meta property=\"og:site_name\" content=\"El Dromedario Records\" \/>\n<meta property=\"article:published_time\" content=\"2025-05-07T09:22:50+00:00\" \/>\n<meta property=\"article:modified_time\" content=\"2025-05-07T09:22:54+00:00\" \/>\n<meta property=\"og:image\" content=\"https:\/\/eldromedariorecords.com\/web\/wp-content\/uploads\/2025\/05\/Portada-LA-PIEL-DEL-AIRE-1-1500x1500.jpg\" \/>\n\t<meta property=\"og:image:width\" content=\"1500\" \/>\n\t<meta property=\"og:image:height\" content=\"1500\" \/>\n<meta name=\"twitter:card\" content=\"summary\" \/>\n<meta name=\"twitter:label1\" content=\"Tiempo de lectura\" \/>\n\t<meta name=\"twitter:data1\" content=\"2 minutos\" \/>\n<script type=\"application\/ld+json\" class=\"yoast-schema-graph\">{\"@context\":\"https:\/\/schema.org\",\"@graph\":[{\"@type\":\"Organization\",\"@id\":\"https:\/\/eldromedariorecords.com\/web\/#organization\",\"name\":\"El Dromedario Records\",\"url\":\"https:\/\/eldromedariorecords.com\/web\/\",\"sameAs\":[],\"logo\":{\"@type\":\"ImageObject\",\"@id\":\"https:\/\/eldromedariorecords.com\/web\/#logo\",\"inLanguage\":\"es\",\"url\":\"https:\/\/eldromedariorecords.melboss.com\/web\/wp-content\/uploads\/2021\/06\/logo-dromedario-negro.png\",\"contentUrl\":\"https:\/\/eldromedariorecords.melboss.com\/web\/wp-content\/uploads\/2021\/06\/logo-dromedario-negro.png\",\"width\":800,\"height\":624,\"caption\":\"El Dromedario Records\"},\"image\":{\"@id\":\"https:\/\/eldromedariorecords.com\/web\/#logo\"}},{\"@type\":\"WebSite\",\"@id\":\"https:\/\/eldromedariorecords.com\/web\/#website\",\"url\":\"https:\/\/eldromedariorecords.com\/web\/\",\"name\":\"El Dromedario Records\",\"description\":\"Discogr\\u00e1fica El Dromedario Records\",\"publisher\":{\"@id\":\"https:\/\/eldromedariorecords.com\/web\/#organization\"},\"potentialAction\":[{\"@type\":\"SearchAction\",\"target\":\"https:\/\/eldromedariorecords.com\/web\/?s={search_term_string}\",\"query-input\":\"required name=search_term_string\"}],\"inLanguage\":\"es\"},{\"@type\":\"ImageObject\",\"@id\":\"https:\/\/eldromedariorecords.com\/web\/la-piel-del-aire-nuevo-videoclip-y-single-de-bulo\/#primaryimage\",\"inLanguage\":\"es\",\"url\":\"https:\/\/eldromedariorecords.com\/web\/wp-content\/uploads\/2025\/05\/Portada-LA-PIEL-DEL-AIRE-1-scaled.jpg\",\"contentUrl\":\"https:\/\/eldromedariorecords.com\/web\/wp-content\/uploads\/2025\/05\/Portada-LA-PIEL-DEL-AIRE-1-scaled.jpg\",\"width\":2560,\"height\":2560},{\"@type\":\"WebPage\",\"@id\":\"https:\/\/eldromedariorecords.com\/web\/la-piel-del-aire-nuevo-videoclip-y-single-de-bulo\/#webpage\",\"url\":\"https:\/\/eldromedariorecords.com\/web\/la-piel-del-aire-nuevo-videoclip-y-single-de-bulo\/\",\"name\":\"\\u201cLa piel del aire\\u201d, nuevo videoclip y single de Bulo - El Dromedario Records\",\"isPartOf\":{\"@id\":\"https:\/\/eldromedariorecords.com\/web\/#website\"},\"primaryImageOfPage\":{\"@id\":\"https:\/\/eldromedariorecords.com\/web\/la-piel-del-aire-nuevo-videoclip-y-single-de-bulo\/#primaryimage\"},\"datePublished\":\"2025-05-07T09:22:50+00:00\",\"dateModified\":\"2025-05-07T09:22:54+00:00\",\"breadcrumb\":{\"@id\":\"https:\/\/eldromedariorecords.com\/web\/la-piel-del-aire-nuevo-videoclip-y-single-de-bulo\/#breadcrumb\"},\"inLanguage\":\"es\",\"potentialAction\":[{\"@type\":\"ReadAction\",\"target\":[\"https:\/\/eldromedariorecords.com\/web\/la-piel-del-aire-nuevo-videoclip-y-single-de-bulo\/\"]}]},{\"@type\":\"BreadcrumbList\",\"@id\":\"https:\/\/eldromedariorecords.com\/web\/la-piel-del-aire-nuevo-videoclip-y-single-de-bulo\/#breadcrumb\",\"itemListElement\":[{\"@type\":\"ListItem\",\"position\":1,\"name\":\"Portada\",\"item\":\"https:\/\/eldromedariorecords.com\/web\/inicio\/\"},{\"@type\":\"ListItem\",\"position\":2,\"name\":\"\\u201cLa piel del aire\\u201d, nuevo videoclip y single de Bulo\"}]},{\"@type\":\"Article\",\"@id\":\"https:\/\/eldromedariorecords.com\/web\/la-piel-del-aire-nuevo-videoclip-y-single-de-bulo\/#article\",\"isPartOf\":{\"@id\":\"https:\/\/eldromedariorecords.com\/web\/la-piel-del-aire-nuevo-videoclip-y-single-de-bulo\/#webpage\"},\"author\":{\"@id\":\"https:\/\/eldromedariorecords.com\/web\/#\/schema\/person\/f639b7071d87edc1576924eee06e6cf2\"},\"headline\":\"\\u201cLa piel del aire\\u201d, nuevo videoclip y single de Bulo\",\"datePublished\":\"2025-05-07T09:22:50+00:00\",\"dateModified\":\"2025-05-07T09:22:54+00:00\",\"mainEntityOfPage\":{\"@id\":\"https:\/\/eldromedariorecords.com\/web\/la-piel-del-aire-nuevo-videoclip-y-single-de-bulo\/#webpage\"},\"wordCount\":431,\"publisher\":{\"@id\":\"https:\/\/eldromedariorecords.com\/web\/#organization\"},\"image\":{\"@id\":\"https:\/\/eldromedariorecords.com\/web\/la-piel-del-aire-nuevo-videoclip-y-single-de-bulo\/#primaryimage\"},\"thumbnailUrl\":\"https:\/\/eldromedariorecords.com\/web\/wp-content\/uploads\/2025\/05\/Portada-LA-PIEL-DEL-AIRE-1-scaled.jpg\",\"keywords\":[\"Bulo\",\"Lorenzo Gonz\\u00e1lez\",\"los Robe\",\"Nuevo single\",\"nuevo videoclip\",\"Woody Amores\"],\"articleSection\":[\"Bulo\"],\"inLanguage\":\"es\"},{\"@type\":\"Person\",\"@id\":\"https:\/\/eldromedariorecords.com\/web\/#\/schema\/person\/f639b7071d87edc1576924eee06e6cf2\",\"name\":\"\\u00d3scar Beorlegui\",\"image\":{\"@type\":\"ImageObject\",\"@id\":\"https:\/\/eldromedariorecords.com\/web\/#personlogo\",\"inLanguage\":\"es\",\"url\":\"https:\/\/secure.gravatar.com\/avatar\/2ce90c1c25acabfd0a36e0402246756d?s=96&d=mm&r=g\",\"contentUrl\":\"https:\/\/secure.gravatar.com\/avatar\/2ce90c1c25acabfd0a36e0402246756d?s=96&d=mm&r=g\",\"caption\":\"\\u00d3scar Beorlegui\"}}]}<\/script>\n<!-- \/ Yoast SEO plugin. -->","_links":{"self":[{"href":"https:\/\/eldromedariorecords.com\/web\/wp-json\/wp\/v2\/posts\/38783"}],"collection":[{"href":"https:\/\/eldromedariorecords.com\/web\/wp-json\/wp\/v2\/posts"}],"about":[{"href":"https:\/\/eldromedariorecords.com\/web\/wp-json\/wp\/v2\/types\/post"}],"author":[{"embeddable":true,"href":"https:\/\/eldromedariorecords.com\/web\/wp-json\/wp\/v2\/users\/14"}],"replies":[{"embeddable":true,"href":"https:\/\/eldromedariorecords.com\/web\/wp-json\/wp\/v2\/comments?post=38783"}],"version-history":[{"count":4,"href":"https:\/\/eldromedariorecords.com\/web\/wp-json\/wp\/v2\/posts\/38783\/revisions"}],"predecessor-version":[{"id":38789,"href":"https:\/\/eldromedariorecords.com\/web\/wp-json\/wp\/v2\/posts\/38783\/revisions\/38789"}],"wp:featuredmedia":[{"embeddable":true,"href":"https:\/\/eldromedariorecords.com\/web\/wp-json\/wp\/v2\/media\/38784"}],"wp:attachment":[{"href":"https:\/\/eldromedariorecords.com\/web\/wp-json\/wp\/v2\/media?parent=38783"}],"wp:term":[{"taxonomy":"category","embeddable":true,"href":"https:\/\/eldromedariorecords.com\/web\/wp-json\/wp\/v2\/categories?post=38783"},{"taxonomy":"post_tag","embeddable":true,"href":"https:\/\/eldromedariorecords.com\/web\/wp-json\/wp\/v2\/tags?post=38783"}],"curies":[{"name":"wp","href":"https:\/\/api.w.org\/{rel}","templated":true}]}}