{"id":37028,"date":"2025-03-07T09:10:17","date_gmt":"2025-03-07T08:10:17","guid":{"rendered":"https:\/\/eldromedariorecords.com\/web\/?p=37028"},"modified":"2025-03-07T09:10:20","modified_gmt":"2025-03-07T08:10:20","slug":"albertucho-presenta-single-y-videoclip-para-la-persiana-feat-miguel-campello-el-tema-formara-parte-de-su-proximo-disco-de-estudio-que-sera-de-duetos","status":"publish","type":"post","link":"https:\/\/eldromedariorecords.com\/web\/albertucho-presenta-single-y-videoclip-para-la-persiana-feat-miguel-campello-el-tema-formara-parte-de-su-proximo-disco-de-estudio-que-sera-de-duetos\/","title":{"rendered":"Albertucho presenta single y videoclip para \u201cLa persiana (feat. Miguel Campello)\u201d: el tema formar\u00e1 parte de su pr\u00f3ximo disco de estudio, que ser\u00e1 de duetos"},"content":{"rendered":"\n<figure class=\"wp-block-embed is-type-video is-provider-youtube wp-block-embed-youtube wp-embed-aspect-16-9 wp-has-aspect-ratio\"><div class=\"wp-block-embed__wrapper\">\n<div class='avia-iframe-wrap'><iframe loading=\"lazy\" title=\"Albertucho &amp; Miguel Campello - La persiana\" width=\"1500\" height=\"844\" src=\"https:\/\/www.youtube.com\/embed\/5sdn29bJ1eM?feature=oembed\" frameborder=\"0\" allow=\"accelerometer; autoplay; clipboard-write; encrypted-media; gyroscope; picture-in-picture; web-share\" referrerpolicy=\"strict-origin-when-cross-origin\" allowfullscreen><\/iframe><\/div>\n<\/div><\/figure>\n\n\n\n<p>Como ya os contamos en su d\u00eda, Albertucho ofreci\u00f3 el s\u00e1bado 23 de noviembre un concierto muy especial en el Teatro Eslava de Madrid, \u2018Noche de perros\u2019; en dicha cita, el artista repas\u00f3 buena parte de sus grandes \u00e9xitos, llamados a formar parte de un espectacular recopilatorio de duetos que ver\u00e1 la luz en la segunda mitad de 2025. El disco, de estudio, incluir\u00e1 el a\u00f1adido de un DVD en directo, grabado en el ya citado concierto de Madrid.<\/p>\n\n\n\n<p><br>Entre los temas llamados a dar forma al disco encontr\u00f3 su espacio \u201cLa persiana\u201d, single que hoy compartimos con vosotros; para llevar la canci\u00f3n hasta lo m\u00e1s alto se cont\u00f3 con la colaboraci\u00f3n de Miguel Campello, quien fuera conocido como El Bicho en la primera d\u00e9cada de este siglo.<\/p>\n\n\n\n<p><\/p>\n\n\n\n<figure class=\"wp-block-image size-large\"><a href=\"https:\/\/eldromedariorecords.ffm.to\/lapersiana \"><img loading=\"lazy\" width=\"1000\" height=\"1000\" src=\"https:\/\/eldromedariorecords.com\/web\/wp-content\/uploads\/2025\/03\/PORTADA-ALBERTUCHO.jpg\" alt=\"\" class=\"wp-image-37029\" srcset=\"https:\/\/eldromedariorecords.com\/web\/wp-content\/uploads\/2025\/03\/PORTADA-ALBERTUCHO.jpg 1000w, https:\/\/eldromedariorecords.com\/web\/wp-content\/uploads\/2025\/03\/PORTADA-ALBERTUCHO-300x300.jpg 300w, https:\/\/eldromedariorecords.com\/web\/wp-content\/uploads\/2025\/03\/PORTADA-ALBERTUCHO-80x80.jpg 80w, https:\/\/eldromedariorecords.com\/web\/wp-content\/uploads\/2025\/03\/PORTADA-ALBERTUCHO-768x768.jpg 768w, https:\/\/eldromedariorecords.com\/web\/wp-content\/uploads\/2025\/03\/PORTADA-ALBERTUCHO-36x36.jpg 36w, https:\/\/eldromedariorecords.com\/web\/wp-content\/uploads\/2025\/03\/PORTADA-ALBERTUCHO-180x180.jpg 180w, https:\/\/eldromedariorecords.com\/web\/wp-content\/uploads\/2025\/03\/PORTADA-ALBERTUCHO-705x705.jpg 705w\" sizes=\"(max-width: 1000px) 100vw, 1000px\" \/><\/a><\/figure>\n\n\n\n<p>\u201cLa persiana\u201d fue la canci\u00f3n encargada de abrir el disco \u201cLunas de mala lengua\u201d de Albertucho, publicado en 2006.<\/p>\n\n\n\n<p><br>Con el cartel de \u2018sold out\u2019 colgado desde meses atr\u00e1s, el videoclip muestra a las claras lo que aconteci\u00f3 la ya hist\u00f3rica noche del 23 de noviembre en el Teatro Eslava, con el p\u00fablico totalmente entregado y todos invitados que pisaron el escenario llevando a Albertucho en palmitas; derrochando todos ellos complicidad, alegr\u00eda y compadreo en pu\u00f1ados de a mucho, rubricando as\u00ed entre todos una velada por todo lo alto: a la altura de la celebraci\u00f3n de los 20 a\u00f1os en la escena que lleva el sevillano.<\/p>\n\n\n\n<p>Casi dos d\u00e9cadas despu\u00e9s de la publicaci\u00f3n de la canci\u00f3n, desde la atalaya de su<br>efervescente madurez, Albertucho ha regrabado mano a mano, voz a voz, \u201cLa persiana\u201d con Miguel Campello; un tema de caracter\u00edstico regusto a rock andaluz presidido por la marca de la casa por excelencia, la portentosa voz de Albertucho: y todo ello, duende a las cuerdas vocales multiplicado por dos en esta ocasi\u00f3n, con unos teclados de lo m\u00e1s setenteros envolviendo con aires psicod\u00e9licos la canci\u00f3n, perfectamente definida por el sonido de la guitarra el\u00e9ctrica.<\/p>\n\n\n\n<p>Por otra parte, no podemos dejar de hacer menci\u00f3n a la letra de \u201cLa persiana\u201d; a la funci\u00f3n po\u00e9tica que la impregna, elevando la canci\u00f3n a la m\u00e1xima potencia: lo que engrandece todav\u00eda m\u00e1s su potencial.<\/p>\n\n\n\n<p>En los \u00faltimos tiempos, adem\u00e1s de este single, Albertucho ha lanzado otros tres llamados tambi\u00e9n a formar parte de su disco de estudio de duetos: \u201cHoy sale el sol\u201d, con el Canijo de Jerez; una revisi\u00f3n de \u201cDescuida\u201d + \u201cDelirium\u201d, con Natos &amp; Waor, y \u201cEl pisito\u201d, con La Pegatina.<\/p>\n\n\n\n<p>Albertucho, el perro andaluz y su rock con magnetismo y mordiente regres\u00f3 para quedarse, avisados est\u00e1is, suma y sigue.<\/p>\n\n\n\n<p>\u201cLa persiana\u201d (feat. Miguel Campello)\u201d ya puede visionarse en <a href=\"https:\/\/www.youtube.com\/watch?v=5sdn29bJ1eM\">Youtube<\/a> y escucharse en las <a href=\"https:\/\/eldromedariorecords.ffm.to\/lapersiana\">plataformas digitales<\/a>.<\/p>\n\n\n\n<p><\/p>\n","protected":false},"excerpt":{"rendered":"<p>Como ya os contamos en su d\u00eda, Albertucho ofreci\u00f3 el s\u00e1bado 23 de noviembre un concierto muy especial en el Teatro Eslava de Madrid, \u2018Noche de perros\u2019; en dicha cita, el artista repas\u00f3 buena parte de sus grandes \u00e9xitos, llamados a formar parte de un espectacular recopilatorio de duetos que ver\u00e1 la luz en la [&hellip;]<\/p>\n","protected":false},"author":14,"featured_media":37029,"comment_status":"closed","ping_status":"open","sticky":false,"template":"","format":"standard","meta":[],"categories":[1511],"tags":[1512,1674,1673,711,153,1500],"yoast_head":"<!-- This site is optimized with the Yoast SEO plugin v16.5 - https:\/\/yoast.com\/wordpress\/plugins\/seo\/ -->\n<title>Albertucho presenta single y videoclip para \u201cLa persiana (feat. Miguel Campello)\u201d: el tema formar\u00e1 parte de su pr\u00f3ximo disco de estudio, que ser\u00e1 de duetos - El Dromedario Records<\/title>\n<meta name=\"robots\" content=\"index, follow, max-snippet:-1, max-image-preview:large, max-video-preview:-1\" \/>\n<link rel=\"canonical\" href=\"https:\/\/eldromedariorecords.com\/web\/albertucho-presenta-single-y-videoclip-para-la-persiana-feat-miguel-campello-el-tema-formara-parte-de-su-proximo-disco-de-estudio-que-sera-de-duetos\/\" \/>\n<meta property=\"og:locale\" content=\"es_ES\" \/>\n<meta property=\"og:type\" content=\"article\" \/>\n<meta property=\"og:title\" content=\"Albertucho presenta single y videoclip para \u201cLa persiana (feat. Miguel Campello)\u201d: el tema formar\u00e1 parte de su pr\u00f3ximo disco de estudio, que ser\u00e1 de duetos - El Dromedario Records\" \/>\n<meta property=\"og:description\" content=\"Como ya os contamos en su d\u00eda, Albertucho ofreci\u00f3 el s\u00e1bado 23 de noviembre un concierto muy especial en el Teatro Eslava de Madrid, \u2018Noche de perros\u2019; en dicha cita, el artista repas\u00f3 buena parte de sus grandes \u00e9xitos, llamados a formar parte de un espectacular recopilatorio de duetos que ver\u00e1 la luz en la [&hellip;]\" \/>\n<meta property=\"og:url\" content=\"https:\/\/eldromedariorecords.com\/web\/albertucho-presenta-single-y-videoclip-para-la-persiana-feat-miguel-campello-el-tema-formara-parte-de-su-proximo-disco-de-estudio-que-sera-de-duetos\/\" \/>\n<meta property=\"og:site_name\" content=\"El Dromedario Records\" \/>\n<meta property=\"article:published_time\" content=\"2025-03-07T08:10:17+00:00\" \/>\n<meta property=\"article:modified_time\" content=\"2025-03-07T08:10:20+00:00\" \/>\n<meta property=\"og:image\" content=\"https:\/\/eldromedariorecords.com\/web\/wp-content\/uploads\/2025\/03\/PORTADA-ALBERTUCHO.jpg\" \/>\n\t<meta property=\"og:image:width\" content=\"1000\" \/>\n\t<meta property=\"og:image:height\" content=\"1000\" \/>\n<meta name=\"twitter:card\" content=\"summary\" \/>\n<meta name=\"twitter:label1\" content=\"Tiempo de lectura\" \/>\n\t<meta name=\"twitter:data1\" content=\"3 minutos\" \/>\n<script type=\"application\/ld+json\" class=\"yoast-schema-graph\">{\"@context\":\"https:\/\/schema.org\",\"@graph\":[{\"@type\":\"Organization\",\"@id\":\"https:\/\/eldromedariorecords.com\/web\/#organization\",\"name\":\"El Dromedario Records\",\"url\":\"https:\/\/eldromedariorecords.com\/web\/\",\"sameAs\":[],\"logo\":{\"@type\":\"ImageObject\",\"@id\":\"https:\/\/eldromedariorecords.com\/web\/#logo\",\"inLanguage\":\"es\",\"url\":\"https:\/\/eldromedariorecords.melboss.com\/web\/wp-content\/uploads\/2021\/06\/logo-dromedario-negro.png\",\"contentUrl\":\"https:\/\/eldromedariorecords.melboss.com\/web\/wp-content\/uploads\/2021\/06\/logo-dromedario-negro.png\",\"width\":800,\"height\":624,\"caption\":\"El Dromedario Records\"},\"image\":{\"@id\":\"https:\/\/eldromedariorecords.com\/web\/#logo\"}},{\"@type\":\"WebSite\",\"@id\":\"https:\/\/eldromedariorecords.com\/web\/#website\",\"url\":\"https:\/\/eldromedariorecords.com\/web\/\",\"name\":\"El Dromedario Records\",\"description\":\"Discogr\\u00e1fica El Dromedario Records\",\"publisher\":{\"@id\":\"https:\/\/eldromedariorecords.com\/web\/#organization\"},\"potentialAction\":[{\"@type\":\"SearchAction\",\"target\":\"https:\/\/eldromedariorecords.com\/web\/?s={search_term_string}\",\"query-input\":\"required name=search_term_string\"}],\"inLanguage\":\"es\"},{\"@type\":\"ImageObject\",\"@id\":\"https:\/\/eldromedariorecords.com\/web\/albertucho-presenta-single-y-videoclip-para-la-persiana-feat-miguel-campello-el-tema-formara-parte-de-su-proximo-disco-de-estudio-que-sera-de-duetos\/#primaryimage\",\"inLanguage\":\"es\",\"url\":\"https:\/\/eldromedariorecords.com\/web\/wp-content\/uploads\/2025\/03\/PORTADA-ALBERTUCHO.jpg\",\"contentUrl\":\"https:\/\/eldromedariorecords.com\/web\/wp-content\/uploads\/2025\/03\/PORTADA-ALBERTUCHO.jpg\",\"width\":1000,\"height\":1000},{\"@type\":\"WebPage\",\"@id\":\"https:\/\/eldromedariorecords.com\/web\/albertucho-presenta-single-y-videoclip-para-la-persiana-feat-miguel-campello-el-tema-formara-parte-de-su-proximo-disco-de-estudio-que-sera-de-duetos\/#webpage\",\"url\":\"https:\/\/eldromedariorecords.com\/web\/albertucho-presenta-single-y-videoclip-para-la-persiana-feat-miguel-campello-el-tema-formara-parte-de-su-proximo-disco-de-estudio-que-sera-de-duetos\/\",\"name\":\"Albertucho presenta single y videoclip para \\u201cLa persiana (feat. Miguel Campello)\\u201d: el tema formar\\u00e1 parte de su pr\\u00f3ximo disco de estudio, que ser\\u00e1 de duetos - El Dromedario Records\",\"isPartOf\":{\"@id\":\"https:\/\/eldromedariorecords.com\/web\/#website\"},\"primaryImageOfPage\":{\"@id\":\"https:\/\/eldromedariorecords.com\/web\/albertucho-presenta-single-y-videoclip-para-la-persiana-feat-miguel-campello-el-tema-formara-parte-de-su-proximo-disco-de-estudio-que-sera-de-duetos\/#primaryimage\"},\"datePublished\":\"2025-03-07T08:10:17+00:00\",\"dateModified\":\"2025-03-07T08:10:20+00:00\",\"breadcrumb\":{\"@id\":\"https:\/\/eldromedariorecords.com\/web\/albertucho-presenta-single-y-videoclip-para-la-persiana-feat-miguel-campello-el-tema-formara-parte-de-su-proximo-disco-de-estudio-que-sera-de-duetos\/#breadcrumb\"},\"inLanguage\":\"es\",\"potentialAction\":[{\"@type\":\"ReadAction\",\"target\":[\"https:\/\/eldromedariorecords.com\/web\/albertucho-presenta-single-y-videoclip-para-la-persiana-feat-miguel-campello-el-tema-formara-parte-de-su-proximo-disco-de-estudio-que-sera-de-duetos\/\"]}]},{\"@type\":\"BreadcrumbList\",\"@id\":\"https:\/\/eldromedariorecords.com\/web\/albertucho-presenta-single-y-videoclip-para-la-persiana-feat-miguel-campello-el-tema-formara-parte-de-su-proximo-disco-de-estudio-que-sera-de-duetos\/#breadcrumb\",\"itemListElement\":[{\"@type\":\"ListItem\",\"position\":1,\"name\":\"Portada\",\"item\":\"https:\/\/eldromedariorecords.com\/web\/inicio\/\"},{\"@type\":\"ListItem\",\"position\":2,\"name\":\"Albertucho presenta single y videoclip para \\u201cLa persiana (feat. Miguel Campello)\\u201d: el tema formar\\u00e1 parte de su pr\\u00f3ximo disco de estudio, que ser\\u00e1 de duetos\"}]},{\"@type\":\"Article\",\"@id\":\"https:\/\/eldromedariorecords.com\/web\/albertucho-presenta-single-y-videoclip-para-la-persiana-feat-miguel-campello-el-tema-formara-parte-de-su-proximo-disco-de-estudio-que-sera-de-duetos\/#article\",\"isPartOf\":{\"@id\":\"https:\/\/eldromedariorecords.com\/web\/albertucho-presenta-single-y-videoclip-para-la-persiana-feat-miguel-campello-el-tema-formara-parte-de-su-proximo-disco-de-estudio-que-sera-de-duetos\/#webpage\"},\"author\":{\"@id\":\"https:\/\/eldromedariorecords.com\/web\/#\/schema\/person\/f639b7071d87edc1576924eee06e6cf2\"},\"headline\":\"Albertucho presenta single y videoclip para \\u201cLa persiana (feat. Miguel Campello)\\u201d: el tema formar\\u00e1 parte de su pr\\u00f3ximo disco de estudio, que ser\\u00e1 de duetos\",\"datePublished\":\"2025-03-07T08:10:17+00:00\",\"dateModified\":\"2025-03-07T08:10:20+00:00\",\"mainEntityOfPage\":{\"@id\":\"https:\/\/eldromedariorecords.com\/web\/albertucho-presenta-single-y-videoclip-para-la-persiana-feat-miguel-campello-el-tema-formara-parte-de-su-proximo-disco-de-estudio-que-sera-de-duetos\/#webpage\"},\"wordCount\":508,\"publisher\":{\"@id\":\"https:\/\/eldromedariorecords.com\/web\/#organization\"},\"image\":{\"@id\":\"https:\/\/eldromedariorecords.com\/web\/albertucho-presenta-single-y-videoclip-para-la-persiana-feat-miguel-campello-el-tema-formara-parte-de-su-proximo-disco-de-estudio-que-sera-de-duetos\/#primaryimage\"},\"thumbnailUrl\":\"https:\/\/eldromedariorecords.com\/web\/wp-content\/uploads\/2025\/03\/PORTADA-ALBERTUCHO.jpg\",\"keywords\":[\"albertucho\",\"El regreso del perro andaluz\",\"Miguel Campello\",\"Nuevo single\",\"nuevo videoclip\",\"Rock andaluz\"],\"articleSection\":[\"Albertucho\"],\"inLanguage\":\"es\"},{\"@type\":\"Person\",\"@id\":\"https:\/\/eldromedariorecords.com\/web\/#\/schema\/person\/f639b7071d87edc1576924eee06e6cf2\",\"name\":\"\\u00d3scar Beorlegui\",\"image\":{\"@type\":\"ImageObject\",\"@id\":\"https:\/\/eldromedariorecords.com\/web\/#personlogo\",\"inLanguage\":\"es\",\"url\":\"https:\/\/secure.gravatar.com\/avatar\/2ce90c1c25acabfd0a36e0402246756d?s=96&d=mm&r=g\",\"contentUrl\":\"https:\/\/secure.gravatar.com\/avatar\/2ce90c1c25acabfd0a36e0402246756d?s=96&d=mm&r=g\",\"caption\":\"\\u00d3scar Beorlegui\"}}]}<\/script>\n<!-- \/ Yoast SEO plugin. -->","_links":{"self":[{"href":"https:\/\/eldromedariorecords.com\/web\/wp-json\/wp\/v2\/posts\/37028"}],"collection":[{"href":"https:\/\/eldromedariorecords.com\/web\/wp-json\/wp\/v2\/posts"}],"about":[{"href":"https:\/\/eldromedariorecords.com\/web\/wp-json\/wp\/v2\/types\/post"}],"author":[{"embeddable":true,"href":"https:\/\/eldromedariorecords.com\/web\/wp-json\/wp\/v2\/users\/14"}],"replies":[{"embeddable":true,"href":"https:\/\/eldromedariorecords.com\/web\/wp-json\/wp\/v2\/comments?post=37028"}],"version-history":[{"count":3,"href":"https:\/\/eldromedariorecords.com\/web\/wp-json\/wp\/v2\/posts\/37028\/revisions"}],"predecessor-version":[{"id":37032,"href":"https:\/\/eldromedariorecords.com\/web\/wp-json\/wp\/v2\/posts\/37028\/revisions\/37032"}],"wp:featuredmedia":[{"embeddable":true,"href":"https:\/\/eldromedariorecords.com\/web\/wp-json\/wp\/v2\/media\/37029"}],"wp:attachment":[{"href":"https:\/\/eldromedariorecords.com\/web\/wp-json\/wp\/v2\/media?parent=37028"}],"wp:term":[{"taxonomy":"category","embeddable":true,"href":"https:\/\/eldromedariorecords.com\/web\/wp-json\/wp\/v2\/categories?post=37028"},{"taxonomy":"post_tag","embeddable":true,"href":"https:\/\/eldromedariorecords.com\/web\/wp-json\/wp\/v2\/tags?post=37028"}],"curies":[{"name":"wp","href":"https:\/\/api.w.org\/{rel}","templated":true}]}}