{"id":34162,"date":"2025-01-10T13:14:49","date_gmt":"2025-01-10T12:14:49","guid":{"rendered":"https:\/\/eldromedariorecords.com\/web\/?p=34162"},"modified":"2025-01-10T13:14:52","modified_gmt":"2025-01-10T12:14:52","slug":"ciclonautas-malaputa-linaje-y-la-gripe-y-tu-en-la-proxima-edicion-del-vinarock","status":"publish","type":"post","link":"https:\/\/eldromedariorecords.com\/web\/ciclonautas-malaputa-linaje-y-la-gripe-y-tu-en-la-proxima-edicion-del-vinarock\/","title":{"rendered":"Ciclonautas, Malaputa, Linaje y  La Gripe y T\u00fa en la pr\u00f3xima edici\u00f3n del Vi\u00f1aRock"},"content":{"rendered":"\n<figure class=\"wp-block-image size-large\"><a href=\"https:\/\/www.vina-rock.com\/abonos\/\"><img loading=\"lazy\" width=\"1200\" height=\"1500\" src=\"https:\/\/eldromedariorecords.com\/web\/wp-content\/uploads\/2025\/01\/CARTEL-VINA-ROCK-2025-1200x1500.jpg\" alt=\"\" class=\"wp-image-34163\" srcset=\"https:\/\/eldromedariorecords.com\/web\/wp-content\/uploads\/2025\/01\/CARTEL-VINA-ROCK-2025-1200x1500.jpg 1200w, https:\/\/eldromedariorecords.com\/web\/wp-content\/uploads\/2025\/01\/CARTEL-VINA-ROCK-2025-240x300.jpg 240w, https:\/\/eldromedariorecords.com\/web\/wp-content\/uploads\/2025\/01\/CARTEL-VINA-ROCK-2025-768x960.jpg 768w, https:\/\/eldromedariorecords.com\/web\/wp-content\/uploads\/2025\/01\/CARTEL-VINA-ROCK-2025-1229x1536.jpg 1229w, https:\/\/eldromedariorecords.com\/web\/wp-content\/uploads\/2025\/01\/CARTEL-VINA-ROCK-2025-564x705.jpg 564w, https:\/\/eldromedariorecords.com\/web\/wp-content\/uploads\/2025\/01\/CARTEL-VINA-ROCK-2025.jpg 1350w\" sizes=\"(max-width: 1200px) 100vw, 1200px\" \/><\/a><\/figure>\n\n\n\n<p>Ya es oficial, ya podemos hacerlo p\u00fablico: Ciclonautas, Malaputa, Linaje y La Gripe y T\u00fa, artistas de El Dromedario Records, estar\u00e1n presentes en el Vi\u00f1aRock de 2025, a celebrarse los d\u00edas 1, 2 y 3 de mayo en Villarrobledo. \u00a1Ya es posible hacerse con los abonos <a href=\"https:\/\/www.vina-rock.com\/abonos\/\">aqu\u00ed<\/a>!<\/p>\n","protected":false},"excerpt":{"rendered":"<p>Ya es oficial, ya podemos hacerlo p\u00fablico: Ciclonautas, Malaputa, Linaje y La Gripe y T\u00fa, artistas de El Dromedario Records, estar\u00e1n presentes en el Vi\u00f1aRock de 2025, a celebrarse los d\u00edas 1, 2 y 3 de mayo en Villarrobledo. \u00a1Ya es posible hacerse con los abonos aqu\u00ed!<\/p>\n","protected":false},"author":14,"featured_media":34163,"comment_status":"closed","ping_status":"open","sticky":false,"template":"","format":"standard","meta":[],"categories":[35,1550,1570,1585],"tags":[27,56,1629,1571,212,1630,76,818],"yoast_head":"<!-- This site is optimized with the Yoast SEO plugin v16.5 - https:\/\/yoast.com\/wordpress\/plugins\/seo\/ -->\n<title>Ciclonautas, Malaputa, Linaje y La Gripe y T\u00fa en la pr\u00f3xima edici\u00f3n del Vi\u00f1aRock - El Dromedario Records<\/title>\n<meta name=\"robots\" content=\"index, follow, max-snippet:-1, max-image-preview:large, max-video-preview:-1\" \/>\n<link rel=\"canonical\" href=\"https:\/\/eldromedariorecords.com\/web\/ciclonautas-malaputa-linaje-y-la-gripe-y-tu-en-la-proxima-edicion-del-vinarock\/\" \/>\n<meta property=\"og:locale\" content=\"es_ES\" \/>\n<meta property=\"og:type\" content=\"article\" \/>\n<meta property=\"og:title\" content=\"Ciclonautas, Malaputa, Linaje y La Gripe y T\u00fa en la pr\u00f3xima edici\u00f3n del Vi\u00f1aRock - El Dromedario Records\" \/>\n<meta property=\"og:description\" content=\"Ya es oficial, ya podemos hacerlo p\u00fablico: Ciclonautas, Malaputa, Linaje y La Gripe y T\u00fa, artistas de El Dromedario Records, estar\u00e1n presentes en el Vi\u00f1aRock de 2025, a celebrarse los d\u00edas 1, 2 y 3 de mayo en Villarrobledo. \u00a1Ya es posible hacerse con los abonos aqu\u00ed!\" \/>\n<meta property=\"og:url\" content=\"https:\/\/eldromedariorecords.com\/web\/ciclonautas-malaputa-linaje-y-la-gripe-y-tu-en-la-proxima-edicion-del-vinarock\/\" \/>\n<meta property=\"og:site_name\" content=\"El Dromedario Records\" \/>\n<meta property=\"article:published_time\" content=\"2025-01-10T12:14:49+00:00\" \/>\n<meta property=\"article:modified_time\" content=\"2025-01-10T12:14:52+00:00\" \/>\n<meta property=\"og:image\" content=\"https:\/\/eldromedariorecords.com\/web\/wp-content\/uploads\/2025\/01\/CARTEL-VINA-ROCK-2025.jpg\" \/>\n\t<meta property=\"og:image:width\" content=\"1350\" \/>\n\t<meta property=\"og:image:height\" content=\"1687\" \/>\n<meta name=\"twitter:card\" content=\"summary\" \/>\n<meta name=\"twitter:label1\" content=\"Tiempo de lectura\" \/>\n\t<meta name=\"twitter:data1\" content=\"1 minuto\" \/>\n<script type=\"application\/ld+json\" class=\"yoast-schema-graph\">{\"@context\":\"https:\/\/schema.org\",\"@graph\":[{\"@type\":\"Organization\",\"@id\":\"https:\/\/eldromedariorecords.com\/web\/#organization\",\"name\":\"El Dromedario Records\",\"url\":\"https:\/\/eldromedariorecords.com\/web\/\",\"sameAs\":[],\"logo\":{\"@type\":\"ImageObject\",\"@id\":\"https:\/\/eldromedariorecords.com\/web\/#logo\",\"inLanguage\":\"es\",\"url\":\"https:\/\/eldromedariorecords.melboss.com\/web\/wp-content\/uploads\/2021\/06\/logo-dromedario-negro.png\",\"contentUrl\":\"https:\/\/eldromedariorecords.melboss.com\/web\/wp-content\/uploads\/2021\/06\/logo-dromedario-negro.png\",\"width\":800,\"height\":624,\"caption\":\"El Dromedario Records\"},\"image\":{\"@id\":\"https:\/\/eldromedariorecords.com\/web\/#logo\"}},{\"@type\":\"WebSite\",\"@id\":\"https:\/\/eldromedariorecords.com\/web\/#website\",\"url\":\"https:\/\/eldromedariorecords.com\/web\/\",\"name\":\"El Dromedario Records\",\"description\":\"Discogr\\u00e1fica El Dromedario Records\",\"publisher\":{\"@id\":\"https:\/\/eldromedariorecords.com\/web\/#organization\"},\"potentialAction\":[{\"@type\":\"SearchAction\",\"target\":\"https:\/\/eldromedariorecords.com\/web\/?s={search_term_string}\",\"query-input\":\"required name=search_term_string\"}],\"inLanguage\":\"es\"},{\"@type\":\"ImageObject\",\"@id\":\"https:\/\/eldromedariorecords.com\/web\/ciclonautas-malaputa-linaje-y-la-gripe-y-tu-en-la-proxima-edicion-del-vinarock\/#primaryimage\",\"inLanguage\":\"es\",\"url\":\"https:\/\/eldromedariorecords.com\/web\/wp-content\/uploads\/2025\/01\/CARTEL-VINA-ROCK-2025.jpg\",\"contentUrl\":\"https:\/\/eldromedariorecords.com\/web\/wp-content\/uploads\/2025\/01\/CARTEL-VINA-ROCK-2025.jpg\",\"width\":1350,\"height\":1687},{\"@type\":\"WebPage\",\"@id\":\"https:\/\/eldromedariorecords.com\/web\/ciclonautas-malaputa-linaje-y-la-gripe-y-tu-en-la-proxima-edicion-del-vinarock\/#webpage\",\"url\":\"https:\/\/eldromedariorecords.com\/web\/ciclonautas-malaputa-linaje-y-la-gripe-y-tu-en-la-proxima-edicion-del-vinarock\/\",\"name\":\"Ciclonautas, Malaputa, Linaje y La Gripe y T\\u00fa en la pr\\u00f3xima edici\\u00f3n del Vi\\u00f1aRock - El Dromedario Records\",\"isPartOf\":{\"@id\":\"https:\/\/eldromedariorecords.com\/web\/#website\"},\"primaryImageOfPage\":{\"@id\":\"https:\/\/eldromedariorecords.com\/web\/ciclonautas-malaputa-linaje-y-la-gripe-y-tu-en-la-proxima-edicion-del-vinarock\/#primaryimage\"},\"datePublished\":\"2025-01-10T12:14:49+00:00\",\"dateModified\":\"2025-01-10T12:14:52+00:00\",\"breadcrumb\":{\"@id\":\"https:\/\/eldromedariorecords.com\/web\/ciclonautas-malaputa-linaje-y-la-gripe-y-tu-en-la-proxima-edicion-del-vinarock\/#breadcrumb\"},\"inLanguage\":\"es\",\"potentialAction\":[{\"@type\":\"ReadAction\",\"target\":[\"https:\/\/eldromedariorecords.com\/web\/ciclonautas-malaputa-linaje-y-la-gripe-y-tu-en-la-proxima-edicion-del-vinarock\/\"]}]},{\"@type\":\"BreadcrumbList\",\"@id\":\"https:\/\/eldromedariorecords.com\/web\/ciclonautas-malaputa-linaje-y-la-gripe-y-tu-en-la-proxima-edicion-del-vinarock\/#breadcrumb\",\"itemListElement\":[{\"@type\":\"ListItem\",\"position\":1,\"name\":\"Portada\",\"item\":\"https:\/\/eldromedariorecords.com\/web\/inicio\/\"},{\"@type\":\"ListItem\",\"position\":2,\"name\":\"Ciclonautas, Malaputa, Linaje y La Gripe y T\\u00fa en la pr\\u00f3xima edici\\u00f3n del Vi\\u00f1aRock\"}]},{\"@type\":\"Article\",\"@id\":\"https:\/\/eldromedariorecords.com\/web\/ciclonautas-malaputa-linaje-y-la-gripe-y-tu-en-la-proxima-edicion-del-vinarock\/#article\",\"isPartOf\":{\"@id\":\"https:\/\/eldromedariorecords.com\/web\/ciclonautas-malaputa-linaje-y-la-gripe-y-tu-en-la-proxima-edicion-del-vinarock\/#webpage\"},\"author\":{\"@id\":\"https:\/\/eldromedariorecords.com\/web\/#\/schema\/person\/f639b7071d87edc1576924eee06e6cf2\"},\"headline\":\"Ciclonautas, Malaputa, Linaje y La Gripe y T\\u00fa en la pr\\u00f3xima edici\\u00f3n del Vi\\u00f1aRock\",\"datePublished\":\"2025-01-10T12:14:49+00:00\",\"dateModified\":\"2025-01-10T12:14:52+00:00\",\"mainEntityOfPage\":{\"@id\":\"https:\/\/eldromedariorecords.com\/web\/ciclonautas-malaputa-linaje-y-la-gripe-y-tu-en-la-proxima-edicion-del-vinarock\/#webpage\"},\"wordCount\":64,\"publisher\":{\"@id\":\"https:\/\/eldromedariorecords.com\/web\/#organization\"},\"image\":{\"@id\":\"https:\/\/eldromedariorecords.com\/web\/ciclonautas-malaputa-linaje-y-la-gripe-y-tu-en-la-proxima-edicion-del-vinarock\/#primaryimage\"},\"thumbnailUrl\":\"https:\/\/eldromedariorecords.com\/web\/wp-content\/uploads\/2025\/01\/CARTEL-VINA-ROCK-2025.jpg\",\"keywords\":[\"Ciclonautas\",\"El Dromedario Records\",\"LA GRIPE Y TU\",\"Linaje\",\"Malaputa\",\"PLATERO Y TU\",\"Rock\",\"Vi\\u00f1arock\"],\"articleSection\":[\"Ciclonautas\",\"La Gripe y T\\u00fa\",\"Linaje\",\"Malaputa\"],\"inLanguage\":\"es\"},{\"@type\":\"Person\",\"@id\":\"https:\/\/eldromedariorecords.com\/web\/#\/schema\/person\/f639b7071d87edc1576924eee06e6cf2\",\"name\":\"\\u00d3scar Beorlegui\",\"image\":{\"@type\":\"ImageObject\",\"@id\":\"https:\/\/eldromedariorecords.com\/web\/#personlogo\",\"inLanguage\":\"es\",\"url\":\"https:\/\/secure.gravatar.com\/avatar\/2ce90c1c25acabfd0a36e0402246756d?s=96&d=mm&r=g\",\"contentUrl\":\"https:\/\/secure.gravatar.com\/avatar\/2ce90c1c25acabfd0a36e0402246756d?s=96&d=mm&r=g\",\"caption\":\"\\u00d3scar Beorlegui\"}}]}<\/script>\n<!-- \/ Yoast SEO plugin. -->","_links":{"self":[{"href":"https:\/\/eldromedariorecords.com\/web\/wp-json\/wp\/v2\/posts\/34162"}],"collection":[{"href":"https:\/\/eldromedariorecords.com\/web\/wp-json\/wp\/v2\/posts"}],"about":[{"href":"https:\/\/eldromedariorecords.com\/web\/wp-json\/wp\/v2\/types\/post"}],"author":[{"embeddable":true,"href":"https:\/\/eldromedariorecords.com\/web\/wp-json\/wp\/v2\/users\/14"}],"replies":[{"embeddable":true,"href":"https:\/\/eldromedariorecords.com\/web\/wp-json\/wp\/v2\/comments?post=34162"}],"version-history":[{"count":1,"href":"https:\/\/eldromedariorecords.com\/web\/wp-json\/wp\/v2\/posts\/34162\/revisions"}],"predecessor-version":[{"id":34164,"href":"https:\/\/eldromedariorecords.com\/web\/wp-json\/wp\/v2\/posts\/34162\/revisions\/34164"}],"wp:featuredmedia":[{"embeddable":true,"href":"https:\/\/eldromedariorecords.com\/web\/wp-json\/wp\/v2\/media\/34163"}],"wp:attachment":[{"href":"https:\/\/eldromedariorecords.com\/web\/wp-json\/wp\/v2\/media?parent=34162"}],"wp:term":[{"taxonomy":"category","embeddable":true,"href":"https:\/\/eldromedariorecords.com\/web\/wp-json\/wp\/v2\/categories?post=34162"},{"taxonomy":"post_tag","embeddable":true,"href":"https:\/\/eldromedariorecords.com\/web\/wp-json\/wp\/v2\/tags?post=34162"}],"curies":[{"name":"wp","href":"https:\/\/api.w.org\/{rel}","templated":true}]}}