{"id":33408,"date":"2024-12-19T12:17:10","date_gmt":"2024-12-19T11:17:10","guid":{"rendered":"https:\/\/eldromedariorecords.com\/web\/?p=33408"},"modified":"2024-12-19T12:17:12","modified_gmt":"2024-12-19T11:17:12","slug":"exito-total-de-la-gira-platero-y-tu-de-la-gripe-y-tu-numerosos-sold-outs-jalonan-su-tour-mas-especial","status":"publish","type":"post","link":"https:\/\/eldromedariorecords.com\/web\/exito-total-de-la-gira-platero-y-tu-de-la-gripe-y-tu-numerosos-sold-outs-jalonan-su-tour-mas-especial\/","title":{"rendered":"\u00c9xito total de la \u201cGira Platero y T\u00fa\u201d de La Gripe y T\u00fa, numerosos \u2018sold outs\u2019 jalonan su tour m\u00e1s especial"},"content":{"rendered":"\n<figure class=\"wp-block-embed is-type-video is-provider-youtube wp-block-embed-youtube wp-embed-aspect-16-9 wp-has-aspect-ratio\"><div class=\"wp-block-embed__wrapper\">\n<div class='avia-iframe-wrap'><iframe loading=\"lazy\" title=\"La Gripe y T\u00fa - \u201cGira Platero y T\u00fa\u201d, tour \u2013 homenaje muy especial de La Gripe y T\u00fa\" width=\"1500\" height=\"844\" src=\"https:\/\/www.youtube.com\/embed\/btqjaBehjk0?feature=oembed\" frameborder=\"0\" allow=\"accelerometer; autoplay; clipboard-write; encrypted-media; gyroscope; picture-in-picture; web-share\" referrerpolicy=\"strict-origin-when-cross-origin\" allowfullscreen><\/iframe><\/div>\n<\/div><\/figure>\n\n\n\n<p>La \u2018Gira Platero y T\u00fa\u201d, tour de La Gripe y T\u00fa recuperando el repertorio de los m\u00edticos Platero, se est\u00e1 saldando con un incontestable \u00e9xito, a juzgar por c\u00f3mo ha ido y sigue yendo la venta de entradas. La presente gira les ha llevado este a\u00f1o a un buen n\u00famero de ciudades y los mantendr\u00e1 en la carretera tambi\u00e9n en 2025.<\/p>\n\n\n\n<figure class=\"wp-block-image size-large\"><img loading=\"lazy\" width=\"1080\" height=\"1350\" src=\"https:\/\/eldromedariorecords.com\/web\/wp-content\/uploads\/2024\/12\/CARTEL-LA-GRIPE-Y-TU-SOLD-OUTS.jpg\" alt=\"\" class=\"wp-image-33409\" srcset=\"https:\/\/eldromedariorecords.com\/web\/wp-content\/uploads\/2024\/12\/CARTEL-LA-GRIPE-Y-TU-SOLD-OUTS.jpg 1080w, https:\/\/eldromedariorecords.com\/web\/wp-content\/uploads\/2024\/12\/CARTEL-LA-GRIPE-Y-TU-SOLD-OUTS-240x300.jpg 240w, https:\/\/eldromedariorecords.com\/web\/wp-content\/uploads\/2024\/12\/CARTEL-LA-GRIPE-Y-TU-SOLD-OUTS-768x960.jpg 768w, https:\/\/eldromedariorecords.com\/web\/wp-content\/uploads\/2024\/12\/CARTEL-LA-GRIPE-Y-TU-SOLD-OUTS-564x705.jpg 564w\" sizes=\"(max-width: 1080px) 100vw, 1080px\" \/><\/figure>\n\n\n\n<p>Este s\u00e1bado 21 la banda recalar\u00e1 en la sala Wolf de Barcelona con todo el papel agotado; adem\u00e1s, a dos semanas del desembarco de La Gripe y T\u00fa en Madrid (Chang\u00f3 Club, 27 de diciembre), ya se han vendido todos tickets, lo mismo que para los conciertos programados en Vitoria\/Gasteiz (25 de enero de 2025, Urban Rock Concept) y Bilbao, 28 de febrero en Kafe Antzokia, donde, por petici\u00f3n popular, ha habido que habilitarse una nueva fecha. En este 2024 que ya termina La Gripe y T\u00fa tambi\u00e9n han colgado el cartel de \u2018todo vendido\u2019 en Valencia, A Coru\u00f1a, Torrelavega, Le\u00f3n y Valladolid. As\u00ed pues el balance no puede ser m\u00e1s positivo.<\/p>\n\n\n\n<p>La Gripe como banda se forma en 2001 en Bilbao tras la disoluci\u00f3n de Platero y T\u00fa, siendo sus integrantes Jes\u00fas Garc\u00eda, Juantxu Olano (quienes fuesen bater\u00eda y bajista de \u2019los Platero\u2019 respectivamente) y Txema Olabarri, a la guitarra y a la voz. La chispa que lleva a La Gripe a reconvertirse en La Gripe y T\u00fa surge tras las buen\u00edsimas sensaciones dejadas por un concierto homenaje a Platero y T\u00fa celebrado en la capital vizca\u00edna en diciembre de 2023, al que fueron invitados. Para esta ocasi\u00f3n tan especial, el tr\u00edo compareci\u00f3 como cuarteto respaldado por Fran \u2018Malanoche\u2019 a las guitarras, con el fin de interpretar las canciones de la a\u00f1orada formaci\u00f3n con la mayor fidelidad posible.<\/p>\n\n\n\n<p>La Gripe y T\u00fa, cuando el homenaje surge del mism\u00edsimo ser de Platero y T\u00fa, he aqu\u00ed la manera m\u00e1s genuina de volver a disfrutar de sus atemporales canciones: de las de un grupo que nunca se termin\u00f3 de ir, vivo como sigue en los corazones de una legi\u00f3n de seguidores que, actualmente, a caballo entre la nostalgia y la realidad, est\u00e1 demostrando no dejar de crecer. \u00a1toda una garant\u00eda de autenticidad!<\/p>\n","protected":false},"excerpt":{"rendered":"<p>La \u2018Gira Platero y T\u00fa\u201d, tour de La Gripe y T\u00fa recuperando el repertorio de los m\u00edticos Platero, se est\u00e1 saldando con un incontestable \u00e9xito, a juzgar por c\u00f3mo ha ido y sigue yendo la venta de entradas. La presente gira les ha llevado este a\u00f1o a un buen n\u00famero de ciudades y los mantendr\u00e1 [&hellip;]<\/p>\n","protected":false},"author":14,"featured_media":33411,"comment_status":"closed","ping_status":"open","sticky":false,"template":"","format":"standard","meta":[],"categories":[1550,1225],"tags":[1620,1619,1614,1617,1616,1551,352,703,1618],"yoast_head":"<!-- This site is optimized with the Yoast SEO plugin v16.5 - https:\/\/yoast.com\/wordpress\/plugins\/seo\/ -->\n<title>\u00c9xito total de la \u201cGira Platero y T\u00fa\u201d de La Gripe y T\u00fa, numerosos \u2018sold outs\u2019 jalonan su tour m\u00e1s especial - El Dromedario Records<\/title>\n<meta name=\"robots\" content=\"index, follow, max-snippet:-1, max-image-preview:large, max-video-preview:-1\" \/>\n<link rel=\"canonical\" href=\"https:\/\/eldromedariorecords.com\/web\/exito-total-de-la-gira-platero-y-tu-de-la-gripe-y-tu-numerosos-sold-outs-jalonan-su-tour-mas-especial\/\" \/>\n<meta property=\"og:locale\" content=\"es_ES\" \/>\n<meta property=\"og:type\" content=\"article\" \/>\n<meta property=\"og:title\" content=\"\u00c9xito total de la \u201cGira Platero y T\u00fa\u201d de La Gripe y T\u00fa, numerosos \u2018sold outs\u2019 jalonan su tour m\u00e1s especial - El Dromedario Records\" \/>\n<meta property=\"og:description\" content=\"La \u2018Gira Platero y T\u00fa\u201d, tour de La Gripe y T\u00fa recuperando el repertorio de los m\u00edticos Platero, se est\u00e1 saldando con un incontestable \u00e9xito, a juzgar por c\u00f3mo ha ido y sigue yendo la venta de entradas. La presente gira les ha llevado este a\u00f1o a un buen n\u00famero de ciudades y los mantendr\u00e1 [&hellip;]\" \/>\n<meta property=\"og:url\" content=\"https:\/\/eldromedariorecords.com\/web\/exito-total-de-la-gira-platero-y-tu-de-la-gripe-y-tu-numerosos-sold-outs-jalonan-su-tour-mas-especial\/\" \/>\n<meta property=\"og:site_name\" content=\"El Dromedario Records\" \/>\n<meta property=\"article:published_time\" content=\"2024-12-19T11:17:10+00:00\" \/>\n<meta property=\"article:modified_time\" content=\"2024-12-19T11:17:12+00:00\" \/>\n<meta property=\"og:image\" content=\"https:\/\/eldromedariorecords.com\/web\/wp-content\/uploads\/2024\/12\/CARTEL-LA-GRIPE-Y-TU-SOLD-OUTS-1.jpg\" \/>\n\t<meta property=\"og:image:width\" content=\"1080\" \/>\n\t<meta property=\"og:image:height\" content=\"1350\" \/>\n<meta name=\"twitter:card\" content=\"summary\" \/>\n<meta name=\"twitter:label1\" content=\"Tiempo de lectura\" \/>\n\t<meta name=\"twitter:data1\" content=\"2 minutos\" \/>\n<script type=\"application\/ld+json\" class=\"yoast-schema-graph\">{\"@context\":\"https:\/\/schema.org\",\"@graph\":[{\"@type\":\"Organization\",\"@id\":\"https:\/\/eldromedariorecords.com\/web\/#organization\",\"name\":\"El Dromedario Records\",\"url\":\"https:\/\/eldromedariorecords.com\/web\/\",\"sameAs\":[],\"logo\":{\"@type\":\"ImageObject\",\"@id\":\"https:\/\/eldromedariorecords.com\/web\/#logo\",\"inLanguage\":\"es\",\"url\":\"https:\/\/eldromedariorecords.melboss.com\/web\/wp-content\/uploads\/2021\/06\/logo-dromedario-negro.png\",\"contentUrl\":\"https:\/\/eldromedariorecords.melboss.com\/web\/wp-content\/uploads\/2021\/06\/logo-dromedario-negro.png\",\"width\":800,\"height\":624,\"caption\":\"El Dromedario Records\"},\"image\":{\"@id\":\"https:\/\/eldromedariorecords.com\/web\/#logo\"}},{\"@type\":\"WebSite\",\"@id\":\"https:\/\/eldromedariorecords.com\/web\/#website\",\"url\":\"https:\/\/eldromedariorecords.com\/web\/\",\"name\":\"El Dromedario Records\",\"description\":\"Discogr\\u00e1fica El Dromedario Records\",\"publisher\":{\"@id\":\"https:\/\/eldromedariorecords.com\/web\/#organization\"},\"potentialAction\":[{\"@type\":\"SearchAction\",\"target\":\"https:\/\/eldromedariorecords.com\/web\/?s={search_term_string}\",\"query-input\":\"required name=search_term_string\"}],\"inLanguage\":\"es\"},{\"@type\":\"ImageObject\",\"@id\":\"https:\/\/eldromedariorecords.com\/web\/exito-total-de-la-gira-platero-y-tu-de-la-gripe-y-tu-numerosos-sold-outs-jalonan-su-tour-mas-especial\/#primaryimage\",\"inLanguage\":\"es\",\"url\":\"https:\/\/eldromedariorecords.com\/web\/wp-content\/uploads\/2024\/12\/CARTEL-LA-GRIPE-Y-TU-SOLD-OUTS-1.jpg\",\"contentUrl\":\"https:\/\/eldromedariorecords.com\/web\/wp-content\/uploads\/2024\/12\/CARTEL-LA-GRIPE-Y-TU-SOLD-OUTS-1.jpg\",\"width\":1080,\"height\":1350},{\"@type\":\"WebPage\",\"@id\":\"https:\/\/eldromedariorecords.com\/web\/exito-total-de-la-gira-platero-y-tu-de-la-gripe-y-tu-numerosos-sold-outs-jalonan-su-tour-mas-especial\/#webpage\",\"url\":\"https:\/\/eldromedariorecords.com\/web\/exito-total-de-la-gira-platero-y-tu-de-la-gripe-y-tu-numerosos-sold-outs-jalonan-su-tour-mas-especial\/\",\"name\":\"\\u00c9xito total de la \\u201cGira Platero y T\\u00fa\\u201d de La Gripe y T\\u00fa, numerosos \\u2018sold outs\\u2019 jalonan su tour m\\u00e1s especial - El Dromedario Records\",\"isPartOf\":{\"@id\":\"https:\/\/eldromedariorecords.com\/web\/#website\"},\"primaryImageOfPage\":{\"@id\":\"https:\/\/eldromedariorecords.com\/web\/exito-total-de-la-gira-platero-y-tu-de-la-gripe-y-tu-numerosos-sold-outs-jalonan-su-tour-mas-especial\/#primaryimage\"},\"datePublished\":\"2024-12-19T11:17:10+00:00\",\"dateModified\":\"2024-12-19T11:17:12+00:00\",\"breadcrumb\":{\"@id\":\"https:\/\/eldromedariorecords.com\/web\/exito-total-de-la-gira-platero-y-tu-de-la-gripe-y-tu-numerosos-sold-outs-jalonan-su-tour-mas-especial\/#breadcrumb\"},\"inLanguage\":\"es\",\"potentialAction\":[{\"@type\":\"ReadAction\",\"target\":[\"https:\/\/eldromedariorecords.com\/web\/exito-total-de-la-gira-platero-y-tu-de-la-gripe-y-tu-numerosos-sold-outs-jalonan-su-tour-mas-especial\/\"]}]},{\"@type\":\"BreadcrumbList\",\"@id\":\"https:\/\/eldromedariorecords.com\/web\/exito-total-de-la-gira-platero-y-tu-de-la-gripe-y-tu-numerosos-sold-outs-jalonan-su-tour-mas-especial\/#breadcrumb\",\"itemListElement\":[{\"@type\":\"ListItem\",\"position\":1,\"name\":\"Portada\",\"item\":\"https:\/\/eldromedariorecords.com\/web\/inicio\/\"},{\"@type\":\"ListItem\",\"position\":2,\"name\":\"\\u00c9xito total de la \\u201cGira Platero y T\\u00fa\\u201d de La Gripe y T\\u00fa, numerosos \\u2018sold outs\\u2019 jalonan su tour m\\u00e1s especial\"}]},{\"@type\":\"Article\",\"@id\":\"https:\/\/eldromedariorecords.com\/web\/exito-total-de-la-gira-platero-y-tu-de-la-gripe-y-tu-numerosos-sold-outs-jalonan-su-tour-mas-especial\/#article\",\"isPartOf\":{\"@id\":\"https:\/\/eldromedariorecords.com\/web\/exito-total-de-la-gira-platero-y-tu-de-la-gripe-y-tu-numerosos-sold-outs-jalonan-su-tour-mas-especial\/#webpage\"},\"author\":{\"@id\":\"https:\/\/eldromedariorecords.com\/web\/#\/schema\/person\/f639b7071d87edc1576924eee06e6cf2\"},\"headline\":\"\\u00c9xito total de la \\u201cGira Platero y T\\u00fa\\u201d de La Gripe y T\\u00fa, numerosos \\u2018sold outs\\u2019 jalonan su tour m\\u00e1s especial\",\"datePublished\":\"2024-12-19T11:17:10+00:00\",\"dateModified\":\"2024-12-19T11:17:12+00:00\",\"mainEntityOfPage\":{\"@id\":\"https:\/\/eldromedariorecords.com\/web\/exito-total-de-la-gira-platero-y-tu-de-la-gripe-y-tu-numerosos-sold-outs-jalonan-su-tour-mas-especial\/#webpage\"},\"wordCount\":409,\"publisher\":{\"@id\":\"https:\/\/eldromedariorecords.com\/web\/#organization\"},\"image\":{\"@id\":\"https:\/\/eldromedariorecords.com\/web\/exito-total-de-la-gira-platero-y-tu-de-la-gripe-y-tu-numerosos-sold-outs-jalonan-su-tour-mas-especial\/#primaryimage\"},\"thumbnailUrl\":\"https:\/\/eldromedariorecords.com\/web\/wp-content\/uploads\/2024\/12\/CARTEL-LA-GRIPE-Y-TU-SOLD-OUTS-1.jpg\",\"keywords\":[\"Fito Cabrales\",\"Fran Malanoche\",\"Gira Platero y T\\u00fa\",\"Jes\\u00fas Garc\\u00eda\",\"Juantxu Olano\",\"la gripe y t\\u00fa\",\"Platero y t\\u00fa\",\"Rock and Roll\",\"Txema Uribarri\"],\"articleSection\":[\"La Gripe y T\\u00fa\",\"Platero y. tu\"],\"inLanguage\":\"es\"},{\"@type\":\"Person\",\"@id\":\"https:\/\/eldromedariorecords.com\/web\/#\/schema\/person\/f639b7071d87edc1576924eee06e6cf2\",\"name\":\"\\u00d3scar Beorlegui\",\"image\":{\"@type\":\"ImageObject\",\"@id\":\"https:\/\/eldromedariorecords.com\/web\/#personlogo\",\"inLanguage\":\"es\",\"url\":\"https:\/\/secure.gravatar.com\/avatar\/2ce90c1c25acabfd0a36e0402246756d?s=96&d=mm&r=g\",\"contentUrl\":\"https:\/\/secure.gravatar.com\/avatar\/2ce90c1c25acabfd0a36e0402246756d?s=96&d=mm&r=g\",\"caption\":\"\\u00d3scar Beorlegui\"}}]}<\/script>\n<!-- \/ Yoast SEO plugin. -->","_links":{"self":[{"href":"https:\/\/eldromedariorecords.com\/web\/wp-json\/wp\/v2\/posts\/33408"}],"collection":[{"href":"https:\/\/eldromedariorecords.com\/web\/wp-json\/wp\/v2\/posts"}],"about":[{"href":"https:\/\/eldromedariorecords.com\/web\/wp-json\/wp\/v2\/types\/post"}],"author":[{"embeddable":true,"href":"https:\/\/eldromedariorecords.com\/web\/wp-json\/wp\/v2\/users\/14"}],"replies":[{"embeddable":true,"href":"https:\/\/eldromedariorecords.com\/web\/wp-json\/wp\/v2\/comments?post=33408"}],"version-history":[{"count":1,"href":"https:\/\/eldromedariorecords.com\/web\/wp-json\/wp\/v2\/posts\/33408\/revisions"}],"predecessor-version":[{"id":33410,"href":"https:\/\/eldromedariorecords.com\/web\/wp-json\/wp\/v2\/posts\/33408\/revisions\/33410"}],"wp:featuredmedia":[{"embeddable":true,"href":"https:\/\/eldromedariorecords.com\/web\/wp-json\/wp\/v2\/media\/33411"}],"wp:attachment":[{"href":"https:\/\/eldromedariorecords.com\/web\/wp-json\/wp\/v2\/media?parent=33408"}],"wp:term":[{"taxonomy":"category","embeddable":true,"href":"https:\/\/eldromedariorecords.com\/web\/wp-json\/wp\/v2\/categories?post=33408"},{"taxonomy":"post_tag","embeddable":true,"href":"https:\/\/eldromedariorecords.com\/web\/wp-json\/wp\/v2\/tags?post=33408"}],"curies":[{"name":"wp","href":"https:\/\/api.w.org\/{rel}","templated":true}]}}