{"id":33188,"date":"2024-12-12T18:40:09","date_gmt":"2024-12-12T17:40:09","guid":{"rendered":"https:\/\/eldromedariorecords.com\/web\/?p=33188"},"modified":"2024-12-12T18:40:12","modified_gmt":"2024-12-12T17:40:12","slug":"sober-presenta-donde-esta-mi-paz-nuevo-videoclip-y-single-de-retorcidos","status":"publish","type":"post","link":"https:\/\/eldromedariorecords.com\/web\/sober-presenta-donde-esta-mi-paz-nuevo-videoclip-y-single-de-retorcidos\/","title":{"rendered":"S\u00f4ber presenta \u201cD\u00f3nde est\u00e1 mi paz\u201d, nuevo videoclip y single de \u201cRetorcidos\u201d"},"content":{"rendered":"\n<p>Presentamos videoclip para \u201cD\u00f3nde est\u00e1 mi paz\u201d, nuevo single extra\u00eddo de \u201cRetorcidos\u201d, regrabaci\u00f3n de \u201cTorcidos\u201d, primer disco de S\u00f4ber editado en 1997. \u201cRetorcidos\u201d vio la luz en marzo de este a\u00f1o, y fue publicado por El Dromedario Records en el marco de la celebraci\u00f3n del 30\u00ba aniversario de la fundaci\u00f3n de S\u00f4ber.<\/p>\n\n\n\n<figure class=\"wp-block-embed is-type-video is-provider-youtube wp-block-embed-youtube wp-embed-aspect-16-9 wp-has-aspect-ratio\"><div class=\"wp-block-embed__wrapper\">\n<div class='avia-iframe-wrap'><iframe loading=\"lazy\" title=\"S\u00f4ber - \u00bfD\u00f3nde est\u00e1 mi paz? (V\u00eddeo oficial)\" width=\"1500\" height=\"844\" src=\"https:\/\/www.youtube.com\/embed\/zkd47rQsoV8?feature=oembed\" frameborder=\"0\" allow=\"accelerometer; autoplay; clipboard-write; encrypted-media; gyroscope; picture-in-picture; web-share\" referrerpolicy=\"strict-origin-when-cross-origin\" allowfullscreen><\/iframe><\/div>\n<\/div><\/figure>\n\n\n\n<p>Desafiando el paso del tiempo, S\u00f4ber despliegan voracidad sonora y poder\u00edo por medio de un impactante videoclip, concebido como anillo al dedo para una canci\u00f3n de m\u00fasica y letra igualmente impactantes: tanto ahora, en su regrabaci\u00f3n como parte imprescindible de \u201cRetorcidos\u201d, como cuando fue compuesta e incluida en \u201cTorcidos\u201d, seminal trabajo de la legendaria formaci\u00f3n madrile\u00f1a e indiscutible piedra angular sobre la que se edific\u00f3 todo lo que lleg\u00f3 despu\u00e9s: imprescindible punto de partida, \u201cTorcidos\u201d fue el disco con el que sentaron las bases sobre las que se asentar\u00eda la banda hasta nuestros d\u00edas.<\/p>\n\n\n\n<p>La canci\u00f3n luce marcada por una tensi\u00f3n y una intensidad in crescendo todo el tiempo, articul\u00e1ndose en su parte l\u00edrica sobre una serie de inquietantes preguntas ret\u00f3ricas que el ser humano se ha hecho desde la noche de los tiempos: y todo ello en el marco de una ambientaci\u00f3n, lindante con la ciencia ficci\u00f3n, de lo m\u00e1s futurista desde el prisma visual.<\/p>\n\n\n\n<p>\u201c\u00bfD\u00f3nde est\u00e1 mi paz?\u201d, \u00bfD\u00f3nde? Solo cabe cavilar ante preguntas sin repuesta como \u00e9stas, algo que lleva a cabo el siempre clarividente Carlos Escobedo llev\u00e1ndoselas a su terreno como s\u00f3lo \u00e9l sabe hacer, quedando rubricado el resultado por las incendiarias y rusientes guitarras de sus fieles escuderos Jorge Escobedo y Antonio Bernardino, erigidas sobre la p\u00e9trea base r\u00edtmica forjada por su bajo y la imperturbable pegada de Manu Reyes a la bater\u00eda.<\/p>\n\n\n\n<p>\u201cRetorcidos\u201d fue lanzado por El Dromedario Records el 1 de marzo de 2024, siendo muy buena su acogida: no en vano entr\u00f3 de salida entre los diez \u00e1lbumes m\u00e1s vendidos de las listas de Promusicae.<\/p>\n\n\n\n<p>Una semana m\u00e1s tarde, como parte de la celebraci\u00f3n del ya citado 30\u00ba aniversario de la fundaci\u00f3n del grupo, los liderados por Carlos Escobedo comenzaron en Las Ventas, Madrid, la gira de presentaci\u00f3n de \u201cRetorcidos\u201d, algo que hicieron arropados por sus bandas hermanas Savia y Skizoo. El tour contin\u00faa su marcha triunfal a d\u00eda de hoy, tras haber agotado entradas en numerosas salas y recalado en festivales de todo el estado: \u00a0destacando su presencia en el Vi\u00f1aRock o el Resurrection Fest.<\/p>\n\n\n\n<p>La actual gira, denominada \u2018Gira XXX\u2019, concluir\u00e1 el\u00a0<a href=\"https:\/\/www.enterticket.es\/eventos\/fin-de-gira-sobersaviaskizoo-30-aniversario-madrid-322904\" target=\"_blank\" rel=\"noreferrer noopener\">11 de enero donde empez\u00f3, en Las Ventas de Madrid<\/a>. En este concierto se contar\u00e1 con significativos invitados especiales, estando ya confirmada la presencia de artistas como Ambkor, Chojin, Ruth Lorenzo, Andr\u00e9s Su\u00e1rez, Rafa Blas, Antonio y Pepe (de Arde Bogot\u00e1), Leo Jim\u00e9nez o D\u00fao Kie. Al igual que en todas las anteriores, en esta cita, llamada a ser hist\u00f3rica, no faltar\u00e1n los himnos con los que S\u00f4ber han trascendido de aqu\u00ed a la eternidad.<\/p>\n","protected":false},"excerpt":{"rendered":"<p>Presentamos videoclip para \u201cD\u00f3nde est\u00e1 mi paz\u201d, nuevo single extra\u00eddo de \u201cRetorcidos\u201d, regrabaci\u00f3n de \u201cTorcidos\u201d, primer disco de S\u00f4ber editado en 1997. \u201cRetorcidos\u201d vio la luz en marzo de este a\u00f1o, y fue publicado por El Dromedario Records en el marco de la celebraci\u00f3n del 30\u00ba aniversario de la fundaci\u00f3n de S\u00f4ber. Desafiando el paso [&hellip;]<\/p>\n","protected":false},"author":3,"featured_media":33189,"comment_status":"closed","ping_status":"open","sticky":false,"template":"","format":"standard","meta":[],"categories":[659,45],"tags":[1602,1537,925,30],"yoast_head":"<!-- This site is optimized with the Yoast SEO plugin v16.5 - https:\/\/yoast.com\/wordpress\/plugins\/seo\/ -->\n<title>S\u00f4ber presenta \u201cD\u00f3nde est\u00e1 mi paz\u201d, nuevo videoclip y single de \u201cRetorcidos\u201d - El Dromedario Records<\/title>\n<meta name=\"robots\" content=\"index, follow, max-snippet:-1, max-image-preview:large, max-video-preview:-1\" \/>\n<link rel=\"canonical\" href=\"https:\/\/eldromedariorecords.com\/web\/sober-presenta-donde-esta-mi-paz-nuevo-videoclip-y-single-de-retorcidos\/\" \/>\n<meta property=\"og:locale\" content=\"es_ES\" \/>\n<meta property=\"og:type\" content=\"article\" \/>\n<meta property=\"og:title\" content=\"S\u00f4ber presenta \u201cD\u00f3nde est\u00e1 mi paz\u201d, nuevo videoclip y single de \u201cRetorcidos\u201d - El Dromedario Records\" \/>\n<meta property=\"og:description\" content=\"Presentamos videoclip para \u201cD\u00f3nde est\u00e1 mi paz\u201d, nuevo single extra\u00eddo de \u201cRetorcidos\u201d, regrabaci\u00f3n de \u201cTorcidos\u201d, primer disco de S\u00f4ber editado en 1997. \u201cRetorcidos\u201d vio la luz en marzo de este a\u00f1o, y fue publicado por El Dromedario Records en el marco de la celebraci\u00f3n del 30\u00ba aniversario de la fundaci\u00f3n de S\u00f4ber. Desafiando el paso [&hellip;]\" \/>\n<meta property=\"og:url\" content=\"https:\/\/eldromedariorecords.com\/web\/sober-presenta-donde-esta-mi-paz-nuevo-videoclip-y-single-de-retorcidos\/\" \/>\n<meta property=\"og:site_name\" content=\"El Dromedario Records\" \/>\n<meta property=\"article:published_time\" content=\"2024-12-12T17:40:09+00:00\" \/>\n<meta property=\"article:modified_time\" content=\"2024-12-12T17:40:12+00:00\" \/>\n<meta property=\"og:image\" content=\"https:\/\/eldromedariorecords.com\/web\/wp-content\/uploads\/2024\/12\/donde.png\" \/>\n\t<meta property=\"og:image:width\" content=\"1130\" \/>\n\t<meta property=\"og:image:height\" content=\"632\" \/>\n<meta name=\"twitter:card\" content=\"summary\" \/>\n<meta name=\"twitter:label1\" content=\"Tiempo de lectura\" \/>\n\t<meta name=\"twitter:data1\" content=\"3 minutos\" \/>\n<script type=\"application\/ld+json\" class=\"yoast-schema-graph\">{\"@context\":\"https:\/\/schema.org\",\"@graph\":[{\"@type\":\"Organization\",\"@id\":\"https:\/\/eldromedariorecords.com\/web\/#organization\",\"name\":\"El Dromedario Records\",\"url\":\"https:\/\/eldromedariorecords.com\/web\/\",\"sameAs\":[],\"logo\":{\"@type\":\"ImageObject\",\"@id\":\"https:\/\/eldromedariorecords.com\/web\/#logo\",\"inLanguage\":\"es\",\"url\":\"https:\/\/eldromedariorecords.melboss.com\/web\/wp-content\/uploads\/2021\/06\/logo-dromedario-negro.png\",\"contentUrl\":\"https:\/\/eldromedariorecords.melboss.com\/web\/wp-content\/uploads\/2021\/06\/logo-dromedario-negro.png\",\"width\":800,\"height\":624,\"caption\":\"El Dromedario Records\"},\"image\":{\"@id\":\"https:\/\/eldromedariorecords.com\/web\/#logo\"}},{\"@type\":\"WebSite\",\"@id\":\"https:\/\/eldromedariorecords.com\/web\/#website\",\"url\":\"https:\/\/eldromedariorecords.com\/web\/\",\"name\":\"El Dromedario Records\",\"description\":\"Discogr\\u00e1fica El Dromedario Records\",\"publisher\":{\"@id\":\"https:\/\/eldromedariorecords.com\/web\/#organization\"},\"potentialAction\":[{\"@type\":\"SearchAction\",\"target\":\"https:\/\/eldromedariorecords.com\/web\/?s={search_term_string}\",\"query-input\":\"required name=search_term_string\"}],\"inLanguage\":\"es\"},{\"@type\":\"ImageObject\",\"@id\":\"https:\/\/eldromedariorecords.com\/web\/sober-presenta-donde-esta-mi-paz-nuevo-videoclip-y-single-de-retorcidos\/#primaryimage\",\"inLanguage\":\"es\",\"url\":\"https:\/\/eldromedariorecords.com\/web\/wp-content\/uploads\/2024\/12\/donde.png\",\"contentUrl\":\"https:\/\/eldromedariorecords.com\/web\/wp-content\/uploads\/2024\/12\/donde.png\",\"width\":1130,\"height\":632},{\"@type\":\"WebPage\",\"@id\":\"https:\/\/eldromedariorecords.com\/web\/sober-presenta-donde-esta-mi-paz-nuevo-videoclip-y-single-de-retorcidos\/#webpage\",\"url\":\"https:\/\/eldromedariorecords.com\/web\/sober-presenta-donde-esta-mi-paz-nuevo-videoclip-y-single-de-retorcidos\/\",\"name\":\"S\\u00f4ber presenta \\u201cD\\u00f3nde est\\u00e1 mi paz\\u201d, nuevo videoclip y single de \\u201cRetorcidos\\u201d - El Dromedario Records\",\"isPartOf\":{\"@id\":\"https:\/\/eldromedariorecords.com\/web\/#website\"},\"primaryImageOfPage\":{\"@id\":\"https:\/\/eldromedariorecords.com\/web\/sober-presenta-donde-esta-mi-paz-nuevo-videoclip-y-single-de-retorcidos\/#primaryimage\"},\"datePublished\":\"2024-12-12T17:40:09+00:00\",\"dateModified\":\"2024-12-12T17:40:12+00:00\",\"breadcrumb\":{\"@id\":\"https:\/\/eldromedariorecords.com\/web\/sober-presenta-donde-esta-mi-paz-nuevo-videoclip-y-single-de-retorcidos\/#breadcrumb\"},\"inLanguage\":\"es\",\"potentialAction\":[{\"@type\":\"ReadAction\",\"target\":[\"https:\/\/eldromedariorecords.com\/web\/sober-presenta-donde-esta-mi-paz-nuevo-videoclip-y-single-de-retorcidos\/\"]}]},{\"@type\":\"BreadcrumbList\",\"@id\":\"https:\/\/eldromedariorecords.com\/web\/sober-presenta-donde-esta-mi-paz-nuevo-videoclip-y-single-de-retorcidos\/#breadcrumb\",\"itemListElement\":[{\"@type\":\"ListItem\",\"position\":1,\"name\":\"Portada\",\"item\":\"https:\/\/eldromedariorecords.com\/web\/inicio\/\"},{\"@type\":\"ListItem\",\"position\":2,\"name\":\"S\\u00f4ber presenta \\u201cD\\u00f3nde est\\u00e1 mi paz\\u201d, nuevo videoclip y single de \\u201cRetorcidos\\u201d\"}]},{\"@type\":\"Article\",\"@id\":\"https:\/\/eldromedariorecords.com\/web\/sober-presenta-donde-esta-mi-paz-nuevo-videoclip-y-single-de-retorcidos\/#article\",\"isPartOf\":{\"@id\":\"https:\/\/eldromedariorecords.com\/web\/sober-presenta-donde-esta-mi-paz-nuevo-videoclip-y-single-de-retorcidos\/#webpage\"},\"author\":{\"@id\":\"https:\/\/eldromedariorecords.com\/web\/#\/schema\/person\/71690da9dcd1ce3d7409664303024b87\"},\"headline\":\"S\\u00f4ber presenta \\u201cD\\u00f3nde est\\u00e1 mi paz\\u201d, nuevo videoclip y single de \\u201cRetorcidos\\u201d\",\"datePublished\":\"2024-12-12T17:40:09+00:00\",\"dateModified\":\"2024-12-12T17:40:12+00:00\",\"mainEntityOfPage\":{\"@id\":\"https:\/\/eldromedariorecords.com\/web\/sober-presenta-donde-esta-mi-paz-nuevo-videoclip-y-single-de-retorcidos\/#webpage\"},\"wordCount\":543,\"publisher\":{\"@id\":\"https:\/\/eldromedariorecords.com\/web\/#organization\"},\"image\":{\"@id\":\"https:\/\/eldromedariorecords.com\/web\/sober-presenta-donde-esta-mi-paz-nuevo-videoclip-y-single-de-retorcidos\/#primaryimage\"},\"thumbnailUrl\":\"https:\/\/eldromedariorecords.com\/web\/wp-content\/uploads\/2024\/12\/donde.png\",\"keywords\":[\"D\\u00f3nde est\\u00e1 mi paz\",\"Retorcidos\",\"S\\u00f4ber\",\"Videoclip\"],\"articleSection\":[\"S\\u00f4ber\",\"Videoclip\"],\"inLanguage\":\"es\"},{\"@type\":\"Person\",\"@id\":\"https:\/\/eldromedariorecords.com\/web\/#\/schema\/person\/71690da9dcd1ce3d7409664303024b87\",\"name\":\"Iosu\",\"image\":{\"@type\":\"ImageObject\",\"@id\":\"https:\/\/eldromedariorecords.com\/web\/#personlogo\",\"inLanguage\":\"es\",\"url\":\"https:\/\/secure.gravatar.com\/avatar\/4225fb5a2e5d3e2effd3ee240c8f8d9d?s=96&d=mm&r=g\",\"contentUrl\":\"https:\/\/secure.gravatar.com\/avatar\/4225fb5a2e5d3e2effd3ee240c8f8d9d?s=96&d=mm&r=g\",\"caption\":\"Iosu\"}}]}<\/script>\n<!-- \/ Yoast SEO plugin. -->","_links":{"self":[{"href":"https:\/\/eldromedariorecords.com\/web\/wp-json\/wp\/v2\/posts\/33188"}],"collection":[{"href":"https:\/\/eldromedariorecords.com\/web\/wp-json\/wp\/v2\/posts"}],"about":[{"href":"https:\/\/eldromedariorecords.com\/web\/wp-json\/wp\/v2\/types\/post"}],"author":[{"embeddable":true,"href":"https:\/\/eldromedariorecords.com\/web\/wp-json\/wp\/v2\/users\/3"}],"replies":[{"embeddable":true,"href":"https:\/\/eldromedariorecords.com\/web\/wp-json\/wp\/v2\/comments?post=33188"}],"version-history":[{"count":1,"href":"https:\/\/eldromedariorecords.com\/web\/wp-json\/wp\/v2\/posts\/33188\/revisions"}],"predecessor-version":[{"id":33190,"href":"https:\/\/eldromedariorecords.com\/web\/wp-json\/wp\/v2\/posts\/33188\/revisions\/33190"}],"wp:featuredmedia":[{"embeddable":true,"href":"https:\/\/eldromedariorecords.com\/web\/wp-json\/wp\/v2\/media\/33189"}],"wp:attachment":[{"href":"https:\/\/eldromedariorecords.com\/web\/wp-json\/wp\/v2\/media?parent=33188"}],"wp:term":[{"taxonomy":"category","embeddable":true,"href":"https:\/\/eldromedariorecords.com\/web\/wp-json\/wp\/v2\/categories?post=33188"},{"taxonomy":"post_tag","embeddable":true,"href":"https:\/\/eldromedariorecords.com\/web\/wp-json\/wp\/v2\/tags?post=33188"}],"curies":[{"name":"wp","href":"https:\/\/api.w.org\/{rel}","templated":true}]}}