{"id":3195,"date":"2017-03-28T12:32:01","date_gmt":"2017-03-28T12:32:01","guid":{"rendered":"https:\/\/eldromedariorecords.com\/web\/?p=3195"},"modified":"2017-03-28T12:32:01","modified_gmt":"2017-03-28T12:32:01","slug":"inconscientes-final-apoteosico-la-primera-parte-gira-madrid-este-viernes","status":"publish","type":"post","link":"https:\/\/eldromedariorecords.com\/web\/inconscientes-final-apoteosico-la-primera-parte-gira-madrid-este-viernes\/","title":{"rendered":"Inconscientes, final apote\u00f3sico de la primera parte de su gira en Madrid este viernes"},"content":{"rendered":"<p><img loading=\"lazy\" class=\"aligncenter size-full wp-image-3193\" src=\"https:\/\/eldromedariorecords.com\/web\/wp-content\/uploads\/2017\/03\/inconscientes-bilbao.jpg\" alt=\"\" width=\"1599\" height=\"899\" srcset=\"https:\/\/eldromedariorecords.com\/web\/wp-content\/uploads\/2017\/03\/inconscientes-bilbao.jpg 1599w, https:\/\/eldromedariorecords.com\/web\/wp-content\/uploads\/2017\/03\/inconscientes-bilbao-300x169.jpg 300w, https:\/\/eldromedariorecords.com\/web\/wp-content\/uploads\/2017\/03\/inconscientes-bilbao-768x432.jpg 768w, https:\/\/eldromedariorecords.com\/web\/wp-content\/uploads\/2017\/03\/inconscientes-bilbao-1030x579.jpg 1030w, https:\/\/eldromedariorecords.com\/web\/wp-content\/uploads\/2017\/03\/inconscientes-bilbao-600x337.jpg 600w, https:\/\/eldromedariorecords.com\/web\/wp-content\/uploads\/2017\/03\/inconscientes-bilbao-1500x843.jpg 1500w, https:\/\/eldromedariorecords.com\/web\/wp-content\/uploads\/2017\/03\/inconscientes-bilbao-705x396.jpg 705w, https:\/\/eldromedariorecords.com\/web\/wp-content\/uploads\/2017\/03\/inconscientes-bilbao-450x253.jpg 450w\" sizes=\"(max-width: 1599px) 100vw, 1599px\" \/><\/p>\n<p>El pr\u00f3ximo viernes 31 de marzo concluir\u00e1 en Madrid la primera parte de la gira de presentaci\u00f3n de\u00a0<i>Quimeras y otras realidades,<\/i>\u00a0segundo trabajo de Inconscientes. La cita ser\u00e1 abierta por Cero a la Izquierda a partir de las 20.00 horas, y llevar\u00e1 al escenario a unos Inconscientes en un estado de forma espectacular, tal y como lo han demostrado en sus \u00faltimos conciertos: principalmente en los protagonizados en Barcelona, sala Razzmatazz 2, y BIlbao, donde consiguieron llenar Kafe Antzokia.<\/p>\n<p>Respecto a este \u00faltimo diremos que llev\u00f3 hasta el escenario a Juantxu Olano y Jes\u00fas Garc\u00eda, bajista y baterista de los recordados Platero y Tu, representando la presencia de ambos para los presentes la gran sorpresa de la noche: para un p\u00fablico que celebr\u00f3 los temas ofrecidos por tres de los cuatro m\u00fasicos de los inolvidables Platero, El roce de tu cuerpo y Voy a acabar borracho, de forma realmente agradecida y emotiva.<\/p>\n<p>&nbsp;<\/p>\n<p><img loading=\"lazy\" class=\"aligncenter size-full wp-image-3194\" src=\"https:\/\/eldromedariorecords.com\/web\/wp-content\/uploads\/2017\/03\/juantxu-jesus-platero.jpg\" alt=\"\" width=\"1276\" height=\"894\" srcset=\"https:\/\/eldromedariorecords.com\/web\/wp-content\/uploads\/2017\/03\/juantxu-jesus-platero.jpg 1276w, https:\/\/eldromedariorecords.com\/web\/wp-content\/uploads\/2017\/03\/juantxu-jesus-platero-300x210.jpg 300w, https:\/\/eldromedariorecords.com\/web\/wp-content\/uploads\/2017\/03\/juantxu-jesus-platero-768x538.jpg 768w, https:\/\/eldromedariorecords.com\/web\/wp-content\/uploads\/2017\/03\/juantxu-jesus-platero-1030x722.jpg 1030w, https:\/\/eldromedariorecords.com\/web\/wp-content\/uploads\/2017\/03\/juantxu-jesus-platero-600x420.jpg 600w, https:\/\/eldromedariorecords.com\/web\/wp-content\/uploads\/2017\/03\/juantxu-jesus-platero-705x494.jpg 705w, https:\/\/eldromedariorecords.com\/web\/wp-content\/uploads\/2017\/03\/juantxu-jesus-platero-450x315.jpg 450w\" sizes=\"(max-width: 1276px) 100vw, 1276px\" \/><\/p>\n<p>&nbsp;<\/p>\n<p>Todav\u00eda quedan entradas para el concierto de Inconscientes en Madrid, pudiendo ser adquiridas al precio de 12 euros + gastos en Escridiscos y ticketmaster.com. Os recordamos que su precio ser\u00e1 de 15 euros si se adquieren en taquilla.<\/p>\n<p>Inconscientes en\u00a0<a href=\"https:\/\/www.facebook.com\/inconscientesoficial\/\">Facebook,<\/a>\u00a0y\u00a0<a href=\"https:\/\/twitter.com\/Inconscientes_\">Twitter.<\/a><br \/>\n<a href=\"http:\/\/inconscientes.net\/\">inconscientes.net<\/a><\/p>\n","protected":false},"excerpt":{"rendered":"<p>El pr\u00f3ximo viernes 31 de marzo concluir\u00e1 en Madrid la primera parte de la gira de presentaci\u00f3n de\u00a0Quimeras y otras realidades,\u00a0segundo trabajo de Inconscientes. La cita ser\u00e1 abierta por Cero a la Izquierda a partir de las 20.00 horas, y llevar\u00e1 al escenario a unos Inconscientes en un estado de forma espectacular, tal y como [&hellip;]<\/p>\n","protected":false},"author":3,"featured_media":3193,"comment_status":"closed","ping_status":"open","sticky":false,"template":"","format":"standard","meta":[],"categories":[417],"tags":[355],"yoast_head":"<!-- This site is optimized with the Yoast SEO plugin v16.5 - https:\/\/yoast.com\/wordpress\/plugins\/seo\/ -->\n<title>Inconscientes, final apote\u00f3sico de la primera parte de su gira en Madrid este viernes - El Dromedario Records<\/title>\n<meta name=\"robots\" content=\"index, follow, max-snippet:-1, max-image-preview:large, max-video-preview:-1\" \/>\n<link rel=\"canonical\" href=\"https:\/\/eldromedariorecords.com\/web\/inconscientes-final-apoteosico-la-primera-parte-gira-madrid-este-viernes\/\" \/>\n<meta property=\"og:locale\" content=\"es_ES\" \/>\n<meta property=\"og:type\" content=\"article\" \/>\n<meta property=\"og:title\" content=\"Inconscientes, final apote\u00f3sico de la primera parte de su gira en Madrid este viernes - El Dromedario Records\" \/>\n<meta property=\"og:description\" content=\"El pr\u00f3ximo viernes 31 de marzo concluir\u00e1 en Madrid la primera parte de la gira de presentaci\u00f3n de\u00a0Quimeras y otras realidades,\u00a0segundo trabajo de Inconscientes. La cita ser\u00e1 abierta por Cero a la Izquierda a partir de las 20.00 horas, y llevar\u00e1 al escenario a unos Inconscientes en un estado de forma espectacular, tal y como [&hellip;]\" \/>\n<meta property=\"og:url\" content=\"https:\/\/eldromedariorecords.com\/web\/inconscientes-final-apoteosico-la-primera-parte-gira-madrid-este-viernes\/\" \/>\n<meta property=\"og:site_name\" content=\"El Dromedario Records\" \/>\n<meta property=\"article:published_time\" content=\"2017-03-28T12:32:01+00:00\" \/>\n<meta property=\"og:image\" content=\"https:\/\/eldromedariorecords.melboss.com\/web\/wp-content\/uploads\/2017\/03\/inconscientes-bilbao.jpg\" \/>\n\t<meta property=\"og:image:width\" content=\"1599\" \/>\n\t<meta property=\"og:image:height\" content=\"899\" \/>\n<meta name=\"twitter:card\" content=\"summary\" \/>\n<meta name=\"twitter:label1\" content=\"Tiempo de lectura\" \/>\n\t<meta name=\"twitter:data1\" content=\"1 minuto\" \/>\n<script type=\"application\/ld+json\" class=\"yoast-schema-graph\">{\"@context\":\"https:\/\/schema.org\",\"@graph\":[{\"@type\":\"Organization\",\"@id\":\"https:\/\/eldromedariorecords.com\/web\/#organization\",\"name\":\"El Dromedario Records\",\"url\":\"https:\/\/eldromedariorecords.com\/web\/\",\"sameAs\":[],\"logo\":{\"@type\":\"ImageObject\",\"@id\":\"https:\/\/eldromedariorecords.com\/web\/#logo\",\"inLanguage\":\"es\",\"url\":\"https:\/\/eldromedariorecords.melboss.com\/web\/wp-content\/uploads\/2021\/06\/logo-dromedario-negro.png\",\"contentUrl\":\"https:\/\/eldromedariorecords.melboss.com\/web\/wp-content\/uploads\/2021\/06\/logo-dromedario-negro.png\",\"width\":800,\"height\":624,\"caption\":\"El Dromedario Records\"},\"image\":{\"@id\":\"https:\/\/eldromedariorecords.com\/web\/#logo\"}},{\"@type\":\"WebSite\",\"@id\":\"https:\/\/eldromedariorecords.com\/web\/#website\",\"url\":\"https:\/\/eldromedariorecords.com\/web\/\",\"name\":\"El Dromedario Records\",\"description\":\"Discogr\\u00e1fica El Dromedario Records\",\"publisher\":{\"@id\":\"https:\/\/eldromedariorecords.com\/web\/#organization\"},\"potentialAction\":[{\"@type\":\"SearchAction\",\"target\":\"https:\/\/eldromedariorecords.com\/web\/?s={search_term_string}\",\"query-input\":\"required name=search_term_string\"}],\"inLanguage\":\"es\"},{\"@type\":\"ImageObject\",\"@id\":\"https:\/\/eldromedariorecords.com\/web\/inconscientes-final-apoteosico-la-primera-parte-gira-madrid-este-viernes\/#primaryimage\",\"inLanguage\":\"es\",\"url\":\"https:\/\/eldromedariorecords.com\/web\/wp-content\/uploads\/2017\/03\/inconscientes-bilbao.jpg\",\"contentUrl\":\"https:\/\/eldromedariorecords.com\/web\/wp-content\/uploads\/2017\/03\/inconscientes-bilbao.jpg\",\"width\":1599,\"height\":899},{\"@type\":\"WebPage\",\"@id\":\"https:\/\/eldromedariorecords.com\/web\/inconscientes-final-apoteosico-la-primera-parte-gira-madrid-este-viernes\/#webpage\",\"url\":\"https:\/\/eldromedariorecords.com\/web\/inconscientes-final-apoteosico-la-primera-parte-gira-madrid-este-viernes\/\",\"name\":\"Inconscientes, final apote\\u00f3sico de la primera parte de su gira en Madrid este viernes - El Dromedario Records\",\"isPartOf\":{\"@id\":\"https:\/\/eldromedariorecords.com\/web\/#website\"},\"primaryImageOfPage\":{\"@id\":\"https:\/\/eldromedariorecords.com\/web\/inconscientes-final-apoteosico-la-primera-parte-gira-madrid-este-viernes\/#primaryimage\"},\"datePublished\":\"2017-03-28T12:32:01+00:00\",\"dateModified\":\"2017-03-28T12:32:01+00:00\",\"breadcrumb\":{\"@id\":\"https:\/\/eldromedariorecords.com\/web\/inconscientes-final-apoteosico-la-primera-parte-gira-madrid-este-viernes\/#breadcrumb\"},\"inLanguage\":\"es\",\"potentialAction\":[{\"@type\":\"ReadAction\",\"target\":[\"https:\/\/eldromedariorecords.com\/web\/inconscientes-final-apoteosico-la-primera-parte-gira-madrid-este-viernes\/\"]}]},{\"@type\":\"BreadcrumbList\",\"@id\":\"https:\/\/eldromedariorecords.com\/web\/inconscientes-final-apoteosico-la-primera-parte-gira-madrid-este-viernes\/#breadcrumb\",\"itemListElement\":[{\"@type\":\"ListItem\",\"position\":1,\"name\":\"Portada\",\"item\":\"https:\/\/eldromedariorecords.com\/web\/inicio\/\"},{\"@type\":\"ListItem\",\"position\":2,\"name\":\"Inconscientes, final apote\\u00f3sico de la primera parte de su gira en Madrid este viernes\"}]},{\"@type\":\"Article\",\"@id\":\"https:\/\/eldromedariorecords.com\/web\/inconscientes-final-apoteosico-la-primera-parte-gira-madrid-este-viernes\/#article\",\"isPartOf\":{\"@id\":\"https:\/\/eldromedariorecords.com\/web\/inconscientes-final-apoteosico-la-primera-parte-gira-madrid-este-viernes\/#webpage\"},\"author\":{\"@id\":\"https:\/\/eldromedariorecords.com\/web\/#\/schema\/person\/71690da9dcd1ce3d7409664303024b87\"},\"headline\":\"Inconscientes, final apote\\u00f3sico de la primera parte de su gira en Madrid este viernes\",\"datePublished\":\"2017-03-28T12:32:01+00:00\",\"dateModified\":\"2017-03-28T12:32:01+00:00\",\"mainEntityOfPage\":{\"@id\":\"https:\/\/eldromedariorecords.com\/web\/inconscientes-final-apoteosico-la-primera-parte-gira-madrid-este-viernes\/#webpage\"},\"wordCount\":217,\"publisher\":{\"@id\":\"https:\/\/eldromedariorecords.com\/web\/#organization\"},\"image\":{\"@id\":\"https:\/\/eldromedariorecords.com\/web\/inconscientes-final-apoteosico-la-primera-parte-gira-madrid-este-viernes\/#primaryimage\"},\"thumbnailUrl\":\"https:\/\/eldromedariorecords.com\/web\/wp-content\/uploads\/2017\/03\/inconscientes-bilbao.jpg\",\"keywords\":[\"Inconscientes\"],\"articleSection\":[\"Inconscientes\"],\"inLanguage\":\"es\"},{\"@type\":\"Person\",\"@id\":\"https:\/\/eldromedariorecords.com\/web\/#\/schema\/person\/71690da9dcd1ce3d7409664303024b87\",\"name\":\"Iosu\",\"image\":{\"@type\":\"ImageObject\",\"@id\":\"https:\/\/eldromedariorecords.com\/web\/#personlogo\",\"inLanguage\":\"es\",\"url\":\"https:\/\/secure.gravatar.com\/avatar\/4225fb5a2e5d3e2effd3ee240c8f8d9d?s=96&d=mm&r=g\",\"contentUrl\":\"https:\/\/secure.gravatar.com\/avatar\/4225fb5a2e5d3e2effd3ee240c8f8d9d?s=96&d=mm&r=g\",\"caption\":\"Iosu\"}}]}<\/script>\n<!-- \/ Yoast SEO plugin. -->","_links":{"self":[{"href":"https:\/\/eldromedariorecords.com\/web\/wp-json\/wp\/v2\/posts\/3195"}],"collection":[{"href":"https:\/\/eldromedariorecords.com\/web\/wp-json\/wp\/v2\/posts"}],"about":[{"href":"https:\/\/eldromedariorecords.com\/web\/wp-json\/wp\/v2\/types\/post"}],"author":[{"embeddable":true,"href":"https:\/\/eldromedariorecords.com\/web\/wp-json\/wp\/v2\/users\/3"}],"replies":[{"embeddable":true,"href":"https:\/\/eldromedariorecords.com\/web\/wp-json\/wp\/v2\/comments?post=3195"}],"version-history":[{"count":0,"href":"https:\/\/eldromedariorecords.com\/web\/wp-json\/wp\/v2\/posts\/3195\/revisions"}],"wp:featuredmedia":[{"embeddable":true,"href":"https:\/\/eldromedariorecords.com\/web\/wp-json\/wp\/v2\/media\/3193"}],"wp:attachment":[{"href":"https:\/\/eldromedariorecords.com\/web\/wp-json\/wp\/v2\/media?parent=3195"}],"wp:term":[{"taxonomy":"category","embeddable":true,"href":"https:\/\/eldromedariorecords.com\/web\/wp-json\/wp\/v2\/categories?post=3195"},{"taxonomy":"post_tag","embeddable":true,"href":"https:\/\/eldromedariorecords.com\/web\/wp-json\/wp\/v2\/tags?post=3195"}],"curies":[{"name":"wp","href":"https:\/\/api.w.org\/{rel}","templated":true}]}}