{"id":3189,"date":"2017-03-28T10:57:11","date_gmt":"2017-03-28T10:57:11","guid":{"rendered":"https:\/\/eldromedariorecords.com\/web\/?p=3189"},"modified":"2017-04-01T12:54:31","modified_gmt":"2017-04-01T12:54:31","slug":"traccion-nuevo-disco-la-venta-7-abril-presentacion-la-portada-preventa-ya-activada","status":"publish","type":"post","link":"https:\/\/eldromedariorecords.com\/web\/traccion-nuevo-disco-la-venta-7-abril-presentacion-la-portada-preventa-ya-activada\/","title":{"rendered":"Tracci\u00f3n, nuevo disco a la venta el 7 de abril: presentaci\u00f3n de la portada y preventa ya activada"},"content":{"rendered":"<p><img loading=\"lazy\" class=\"aligncenter size-full wp-image-3178\" src=\"https:\/\/eldromedariorecords.com\/web\/wp-content\/uploads\/2017\/03\/traccion-portada.jpg\" alt=\"\" width=\"665\" height=\"684\" srcset=\"https:\/\/eldromedariorecords.com\/web\/wp-content\/uploads\/2017\/03\/traccion-portada.jpg 665w, https:\/\/eldromedariorecords.com\/web\/wp-content\/uploads\/2017\/03\/traccion-portada-292x300.jpg 292w, https:\/\/eldromedariorecords.com\/web\/wp-content\/uploads\/2017\/03\/traccion-portada-600x617.jpg 600w, https:\/\/eldromedariorecords.com\/web\/wp-content\/uploads\/2017\/03\/traccion-portada-36x36.jpg 36w, https:\/\/eldromedariorecords.com\/web\/wp-content\/uploads\/2017\/03\/traccion-portada-450x463.jpg 450w\" sizes=\"(max-width: 665px) 100vw, 665px\" \/><\/p>\n<p>El nuevo CD de Tracci\u00f3n, titulado<em>\u00a0Renacer<\/em>\u00a0y editado por El Dromedario Records, saldr\u00e1 a la venta el pr\u00f3ximo 7 de abril. Ya se puede reservar en tiendas FNAC, TIPO, ELKAR y en formato digital. Tambi\u00e9n <a href=\"https:\/\/eldromedariorecords.com\/web\/tienda\/home\/200-cd-renacer-traccion.html\">en la tienda oficial de El Dromedario Records<\/a> con un descuento especial durante la preventa. El trabajo ser\u00e1 presentado en Madrid (Jimmy Jazz, 6 de mayo) y en Pamplona, sala T\u00f3tem, 13 de mayo. Aprovechamos estas l\u00edneas para mostraros la portada.<\/p>\n<p>Tracci\u00f3n es una banda formada en Pamplona en 2009; tras sucesivos cambios en su formaci\u00f3n, actualmente est\u00e1 integrada por los hermanos Zarzosa, Alfonso y David, a la guitarra y al bajo respectivamente: procedentes ambos de Mr. Fylyn, fundadores del grupo y verdadera columna vertebral del mismo (ex &#8211; guitarrista de Boni \u2013el primero- y ex bajista de Sutagar el segundo); Daniel Lizarraga \u00abDino\u00bb a la bater\u00eda, y Tol a la voz cantante, \u00faltima incorporaci\u00f3n procedente de la banda SujetoK.<\/p>\n<p>En 2012 sacaron a la luz su disco debut,\u00a0<i>Virgen de las tinieblas,<\/i>\u00a0publicando dos a\u00f1os m\u00e1s tarde 2014\u00a0<i>Rotos y quemados.<\/i>\u00a0Tras permanecer en \u2018stand by\u2019 durante dos a\u00f1os, abril de 2017 ver\u00e1 la publicaci\u00f3n de su tercer CD, un trabajo producido, grabado y masterizado por I\u00f1aki Llarena y Leyre Aranguren en Estudios Aberin, Navarra, y editado por El Dromedario Records.<\/p>\n<p>Tracci\u00f3n en\u00a0<a href=\"https:\/\/www.facebook.com\/traccion.pamplona\/\" target=\"_blank\">Facebook<\/a>\u00a0y\u00a0<a href=\"https:\/\/twitter.com\/Los_Traccion\" target=\"_blank\">Twitter<\/a><br \/>\n<a href=\"http:\/\/www.lostraccion.com\/\" target=\"_blank\">lostraccion.com<\/a><\/p>\n","protected":false},"excerpt":{"rendered":"<p>El nuevo CD de Tracci\u00f3n, titulado\u00a0Renacer\u00a0y editado por El Dromedario Records, saldr\u00e1 a la venta el pr\u00f3ximo 7 de abril. Ya se puede reservar en tiendas FNAC, TIPO, ELKAR y en formato digital. Tambi\u00e9n en la tienda oficial de El Dromedario Records con un descuento especial durante la preventa. El trabajo ser\u00e1 presentado en Madrid [&hellip;]<\/p>\n","protected":false},"author":3,"featured_media":3178,"comment_status":"closed","ping_status":"open","sticky":false,"template":"","format":"standard","meta":[],"categories":[72],"tags":[79,445,434],"yoast_head":"<!-- This site is optimized with the Yoast SEO plugin v16.5 - https:\/\/yoast.com\/wordpress\/plugins\/seo\/ -->\n<title>Tracci\u00f3n, nuevo disco a la venta el 7 de abril: presentaci\u00f3n de la portada y preventa ya activada - El Dromedario Records<\/title>\n<meta name=\"robots\" content=\"index, follow, max-snippet:-1, max-image-preview:large, max-video-preview:-1\" \/>\n<link rel=\"canonical\" href=\"https:\/\/eldromedariorecords.com\/web\/traccion-nuevo-disco-la-venta-7-abril-presentacion-la-portada-preventa-ya-activada\/\" \/>\n<meta property=\"og:locale\" content=\"es_ES\" \/>\n<meta property=\"og:type\" content=\"article\" \/>\n<meta property=\"og:title\" content=\"Tracci\u00f3n, nuevo disco a la venta el 7 de abril: presentaci\u00f3n de la portada y preventa ya activada - El Dromedario Records\" \/>\n<meta property=\"og:description\" content=\"El nuevo CD de Tracci\u00f3n, titulado\u00a0Renacer\u00a0y editado por El Dromedario Records, saldr\u00e1 a la venta el pr\u00f3ximo 7 de abril. Ya se puede reservar en tiendas FNAC, TIPO, ELKAR y en formato digital. Tambi\u00e9n en la tienda oficial de El Dromedario Records con un descuento especial durante la preventa. El trabajo ser\u00e1 presentado en Madrid [&hellip;]\" \/>\n<meta property=\"og:url\" content=\"https:\/\/eldromedariorecords.com\/web\/traccion-nuevo-disco-la-venta-7-abril-presentacion-la-portada-preventa-ya-activada\/\" \/>\n<meta property=\"og:site_name\" content=\"El Dromedario Records\" \/>\n<meta property=\"article:published_time\" content=\"2017-03-28T10:57:11+00:00\" \/>\n<meta property=\"article:modified_time\" content=\"2017-04-01T12:54:31+00:00\" \/>\n<meta property=\"og:image\" content=\"https:\/\/eldromedariorecords.melboss.com\/web\/wp-content\/uploads\/2017\/03\/traccion-portada.jpg\" \/>\n\t<meta property=\"og:image:width\" content=\"665\" \/>\n\t<meta property=\"og:image:height\" content=\"684\" \/>\n<meta name=\"twitter:card\" content=\"summary\" \/>\n<meta name=\"twitter:label1\" content=\"Tiempo de lectura\" \/>\n\t<meta name=\"twitter:data1\" content=\"1 minuto\" \/>\n<script type=\"application\/ld+json\" class=\"yoast-schema-graph\">{\"@context\":\"https:\/\/schema.org\",\"@graph\":[{\"@type\":\"Organization\",\"@id\":\"https:\/\/eldromedariorecords.com\/web\/#organization\",\"name\":\"El Dromedario Records\",\"url\":\"https:\/\/eldromedariorecords.com\/web\/\",\"sameAs\":[],\"logo\":{\"@type\":\"ImageObject\",\"@id\":\"https:\/\/eldromedariorecords.com\/web\/#logo\",\"inLanguage\":\"es\",\"url\":\"https:\/\/eldromedariorecords.melboss.com\/web\/wp-content\/uploads\/2021\/06\/logo-dromedario-negro.png\",\"contentUrl\":\"https:\/\/eldromedariorecords.melboss.com\/web\/wp-content\/uploads\/2021\/06\/logo-dromedario-negro.png\",\"width\":800,\"height\":624,\"caption\":\"El Dromedario Records\"},\"image\":{\"@id\":\"https:\/\/eldromedariorecords.com\/web\/#logo\"}},{\"@type\":\"WebSite\",\"@id\":\"https:\/\/eldromedariorecords.com\/web\/#website\",\"url\":\"https:\/\/eldromedariorecords.com\/web\/\",\"name\":\"El Dromedario Records\",\"description\":\"Discogr\\u00e1fica El Dromedario Records\",\"publisher\":{\"@id\":\"https:\/\/eldromedariorecords.com\/web\/#organization\"},\"potentialAction\":[{\"@type\":\"SearchAction\",\"target\":\"https:\/\/eldromedariorecords.com\/web\/?s={search_term_string}\",\"query-input\":\"required name=search_term_string\"}],\"inLanguage\":\"es\"},{\"@type\":\"ImageObject\",\"@id\":\"https:\/\/eldromedariorecords.com\/web\/traccion-nuevo-disco-la-venta-7-abril-presentacion-la-portada-preventa-ya-activada\/#primaryimage\",\"inLanguage\":\"es\",\"url\":\"https:\/\/eldromedariorecords.com\/web\/wp-content\/uploads\/2017\/03\/traccion-portada.jpg\",\"contentUrl\":\"https:\/\/eldromedariorecords.com\/web\/wp-content\/uploads\/2017\/03\/traccion-portada.jpg\",\"width\":665,\"height\":684},{\"@type\":\"WebPage\",\"@id\":\"https:\/\/eldromedariorecords.com\/web\/traccion-nuevo-disco-la-venta-7-abril-presentacion-la-portada-preventa-ya-activada\/#webpage\",\"url\":\"https:\/\/eldromedariorecords.com\/web\/traccion-nuevo-disco-la-venta-7-abril-presentacion-la-portada-preventa-ya-activada\/\",\"name\":\"Tracci\\u00f3n, nuevo disco a la venta el 7 de abril: presentaci\\u00f3n de la portada y preventa ya activada - El Dromedario Records\",\"isPartOf\":{\"@id\":\"https:\/\/eldromedariorecords.com\/web\/#website\"},\"primaryImageOfPage\":{\"@id\":\"https:\/\/eldromedariorecords.com\/web\/traccion-nuevo-disco-la-venta-7-abril-presentacion-la-portada-preventa-ya-activada\/#primaryimage\"},\"datePublished\":\"2017-03-28T10:57:11+00:00\",\"dateModified\":\"2017-04-01T12:54:31+00:00\",\"breadcrumb\":{\"@id\":\"https:\/\/eldromedariorecords.com\/web\/traccion-nuevo-disco-la-venta-7-abril-presentacion-la-portada-preventa-ya-activada\/#breadcrumb\"},\"inLanguage\":\"es\",\"potentialAction\":[{\"@type\":\"ReadAction\",\"target\":[\"https:\/\/eldromedariorecords.com\/web\/traccion-nuevo-disco-la-venta-7-abril-presentacion-la-portada-preventa-ya-activada\/\"]}]},{\"@type\":\"BreadcrumbList\",\"@id\":\"https:\/\/eldromedariorecords.com\/web\/traccion-nuevo-disco-la-venta-7-abril-presentacion-la-portada-preventa-ya-activada\/#breadcrumb\",\"itemListElement\":[{\"@type\":\"ListItem\",\"position\":1,\"name\":\"Portada\",\"item\":\"https:\/\/eldromedariorecords.com\/web\/inicio\/\"},{\"@type\":\"ListItem\",\"position\":2,\"name\":\"Tracci\\u00f3n, nuevo disco a la venta el 7 de abril: presentaci\\u00f3n de la portada y preventa ya activada\"}]},{\"@type\":\"Article\",\"@id\":\"https:\/\/eldromedariorecords.com\/web\/traccion-nuevo-disco-la-venta-7-abril-presentacion-la-portada-preventa-ya-activada\/#article\",\"isPartOf\":{\"@id\":\"https:\/\/eldromedariorecords.com\/web\/traccion-nuevo-disco-la-venta-7-abril-presentacion-la-portada-preventa-ya-activada\/#webpage\"},\"author\":{\"@id\":\"https:\/\/eldromedariorecords.com\/web\/#\/schema\/person\/71690da9dcd1ce3d7409664303024b87\"},\"headline\":\"Tracci\\u00f3n, nuevo disco a la venta el 7 de abril: presentaci\\u00f3n de la portada y preventa ya activada\",\"datePublished\":\"2017-03-28T10:57:11+00:00\",\"dateModified\":\"2017-04-01T12:54:31+00:00\",\"mainEntityOfPage\":{\"@id\":\"https:\/\/eldromedariorecords.com\/web\/traccion-nuevo-disco-la-venta-7-abril-presentacion-la-portada-preventa-ya-activada\/#webpage\"},\"wordCount\":252,\"publisher\":{\"@id\":\"https:\/\/eldromedariorecords.com\/web\/#organization\"},\"image\":{\"@id\":\"https:\/\/eldromedariorecords.com\/web\/traccion-nuevo-disco-la-venta-7-abril-presentacion-la-portada-preventa-ya-activada\/#primaryimage\"},\"thumbnailUrl\":\"https:\/\/eldromedariorecords.com\/web\/wp-content\/uploads\/2017\/03\/traccion-portada.jpg\",\"keywords\":[\"nuevo disco\",\"Renacer\",\"Tracci\\u00f3n\"],\"articleSection\":[\"Otros\"],\"inLanguage\":\"es\"},{\"@type\":\"Person\",\"@id\":\"https:\/\/eldromedariorecords.com\/web\/#\/schema\/person\/71690da9dcd1ce3d7409664303024b87\",\"name\":\"Iosu\",\"image\":{\"@type\":\"ImageObject\",\"@id\":\"https:\/\/eldromedariorecords.com\/web\/#personlogo\",\"inLanguage\":\"es\",\"url\":\"https:\/\/secure.gravatar.com\/avatar\/4225fb5a2e5d3e2effd3ee240c8f8d9d?s=96&d=mm&r=g\",\"contentUrl\":\"https:\/\/secure.gravatar.com\/avatar\/4225fb5a2e5d3e2effd3ee240c8f8d9d?s=96&d=mm&r=g\",\"caption\":\"Iosu\"}}]}<\/script>\n<!-- \/ Yoast SEO plugin. -->","_links":{"self":[{"href":"https:\/\/eldromedariorecords.com\/web\/wp-json\/wp\/v2\/posts\/3189"}],"collection":[{"href":"https:\/\/eldromedariorecords.com\/web\/wp-json\/wp\/v2\/posts"}],"about":[{"href":"https:\/\/eldromedariorecords.com\/web\/wp-json\/wp\/v2\/types\/post"}],"author":[{"embeddable":true,"href":"https:\/\/eldromedariorecords.com\/web\/wp-json\/wp\/v2\/users\/3"}],"replies":[{"embeddable":true,"href":"https:\/\/eldromedariorecords.com\/web\/wp-json\/wp\/v2\/comments?post=3189"}],"version-history":[{"count":0,"href":"https:\/\/eldromedariorecords.com\/web\/wp-json\/wp\/v2\/posts\/3189\/revisions"}],"wp:featuredmedia":[{"embeddable":true,"href":"https:\/\/eldromedariorecords.com\/web\/wp-json\/wp\/v2\/media\/3178"}],"wp:attachment":[{"href":"https:\/\/eldromedariorecords.com\/web\/wp-json\/wp\/v2\/media?parent=3189"}],"wp:term":[{"taxonomy":"category","embeddable":true,"href":"https:\/\/eldromedariorecords.com\/web\/wp-json\/wp\/v2\/categories?post=3189"},{"taxonomy":"post_tag","embeddable":true,"href":"https:\/\/eldromedariorecords.com\/web\/wp-json\/wp\/v2\/tags?post=3189"}],"curies":[{"name":"wp","href":"https:\/\/api.w.org\/{rel}","templated":true}]}}