{"id":3147,"date":"2017-03-13T16:46:14","date_gmt":"2017-03-13T16:46:14","guid":{"rendered":"https:\/\/eldromedariorecords.com\/web\/?p=3147"},"modified":"2017-03-13T16:46:14","modified_gmt":"2017-03-13T16:46:14","slug":"cero-la-izquierda-revientan-pamplona-llenazo-zentral","status":"publish","type":"post","link":"https:\/\/eldromedariorecords.com\/web\/cero-la-izquierda-revientan-pamplona-llenazo-zentral\/","title":{"rendered":"Cero a la Izquierda revientan Pamplona con un llenazo en Zentral"},"content":{"rendered":"<p><img loading=\"lazy\" class=\"aligncenter size-full wp-image-3142\" src=\"https:\/\/eldromedariorecords.com\/web\/wp-content\/uploads\/2017\/03\/cero-a-la-izquierda-zentral1.jpg\" alt=\"\" width=\"1000\" height=\"668\" srcset=\"https:\/\/eldromedariorecords.com\/web\/wp-content\/uploads\/2017\/03\/cero-a-la-izquierda-zentral1.jpg 1000w, https:\/\/eldromedariorecords.com\/web\/wp-content\/uploads\/2017\/03\/cero-a-la-izquierda-zentral1-300x200.jpg 300w, https:\/\/eldromedariorecords.com\/web\/wp-content\/uploads\/2017\/03\/cero-a-la-izquierda-zentral1-768x513.jpg 768w, https:\/\/eldromedariorecords.com\/web\/wp-content\/uploads\/2017\/03\/cero-a-la-izquierda-zentral1-600x401.jpg 600w, https:\/\/eldromedariorecords.com\/web\/wp-content\/uploads\/2017\/03\/cero-a-la-izquierda-zentral1-705x471.jpg 705w, https:\/\/eldromedariorecords.com\/web\/wp-content\/uploads\/2017\/03\/cero-a-la-izquierda-zentral1-450x301.jpg 450w\" sizes=\"(max-width: 1000px) 100vw, 1000px\" \/><\/p>\n<p>El pasado viernes pas\u00f3 por Pamplona <em>Campo de minas Tour<\/em>, la aclamada gira de Cero a la Izquierda, consiguiendo la banda llenar Zentral en su cita m\u00e1s esperada: no en vano se trataba de la presentaci\u00f3n oficial de <em>Campo de minas<\/em>, tercer \u00e1lbum del grupo, en su ciudad.<\/p>\n<p>La velada arranc\u00f3 con la actuaci\u00f3n de S\u00ednkope, quienes en su primera vez en la capital navarra ofrecieron un show que no dej\u00f3 indiferente a nadie.<\/p>\n<p><img loading=\"lazy\" class=\"aligncenter size-full wp-image-3139\" src=\"https:\/\/eldromedariorecords.com\/web\/wp-content\/uploads\/2017\/03\/CERO_A_LA_IZQUIERDA_ZENTRAL_2017_85-min.jpg\" alt=\"\" width=\"1264\" height=\"1900\" srcset=\"https:\/\/eldromedariorecords.com\/web\/wp-content\/uploads\/2017\/03\/CERO_A_LA_IZQUIERDA_ZENTRAL_2017_85-min.jpg 1264w, https:\/\/eldromedariorecords.com\/web\/wp-content\/uploads\/2017\/03\/CERO_A_LA_IZQUIERDA_ZENTRAL_2017_85-min-200x300.jpg 200w, https:\/\/eldromedariorecords.com\/web\/wp-content\/uploads\/2017\/03\/CERO_A_LA_IZQUIERDA_ZENTRAL_2017_85-min-768x1154.jpg 768w, https:\/\/eldromedariorecords.com\/web\/wp-content\/uploads\/2017\/03\/CERO_A_LA_IZQUIERDA_ZENTRAL_2017_85-min-685x1030.jpg 685w, https:\/\/eldromedariorecords.com\/web\/wp-content\/uploads\/2017\/03\/CERO_A_LA_IZQUIERDA_ZENTRAL_2017_85-min-600x902.jpg 600w, https:\/\/eldromedariorecords.com\/web\/wp-content\/uploads\/2017\/03\/CERO_A_LA_IZQUIERDA_ZENTRAL_2017_85-min-998x1500.jpg 998w, https:\/\/eldromedariorecords.com\/web\/wp-content\/uploads\/2017\/03\/CERO_A_LA_IZQUIERDA_ZENTRAL_2017_85-min-469x705.jpg 469w, https:\/\/eldromedariorecords.com\/web\/wp-content\/uploads\/2017\/03\/CERO_A_LA_IZQUIERDA_ZENTRAL_2017_85-min-450x676.jpg 450w\" sizes=\"(max-width: 1264px) 100vw, 1264px\" \/><\/p>\n<p>Acto seguido, ante una sala abarrotada (m\u00e1s de 700 personas pasaron por taquilla), lleg\u00f3 la hora de la verdad para Cero a la Izquierda, quienes se metieron en el bolsillo a los presentes de manos de un repertorio espectacular.<\/p>\n<p>Ante un p\u00fablico entusiasta llegado incluso de diferentes provincias del Estado, Cero a la izquierda hicieron temblar Zentral protagonizando un concierto inolvidable. Una gran noche de rock en su deseada comparecencia en Pamplona, demostrando ser uno de los m\u00e1s claros referentes de la actual escena rockera estatal. Certificando de modo incontestable su espectacular progresi\u00f3n desde que comenzaran su andadura en 2008, traducida la misma, por ejemplo, en los dos <em>sold outs<\/em> logrados en la capital navarra dos a\u00f1os atr\u00e1s con motivo de la presentaci\u00f3n de su anterior CD, <em>No ha dejado de llover<\/em>.<\/p>\n<p><img loading=\"lazy\" class=\"aligncenter size-full wp-image-3135\" src=\"https:\/\/eldromedariorecords.com\/web\/wp-content\/uploads\/2017\/03\/CERO_A_LA_IZQUIERDA_ZENTRAL_2017_1-min.jpg\" alt=\"\" width=\"1264\" height=\"1900\" srcset=\"https:\/\/eldromedariorecords.com\/web\/wp-content\/uploads\/2017\/03\/CERO_A_LA_IZQUIERDA_ZENTRAL_2017_1-min.jpg 1264w, https:\/\/eldromedariorecords.com\/web\/wp-content\/uploads\/2017\/03\/CERO_A_LA_IZQUIERDA_ZENTRAL_2017_1-min-200x300.jpg 200w, https:\/\/eldromedariorecords.com\/web\/wp-content\/uploads\/2017\/03\/CERO_A_LA_IZQUIERDA_ZENTRAL_2017_1-min-768x1154.jpg 768w, https:\/\/eldromedariorecords.com\/web\/wp-content\/uploads\/2017\/03\/CERO_A_LA_IZQUIERDA_ZENTRAL_2017_1-min-685x1030.jpg 685w, https:\/\/eldromedariorecords.com\/web\/wp-content\/uploads\/2017\/03\/CERO_A_LA_IZQUIERDA_ZENTRAL_2017_1-min-600x902.jpg 600w, https:\/\/eldromedariorecords.com\/web\/wp-content\/uploads\/2017\/03\/CERO_A_LA_IZQUIERDA_ZENTRAL_2017_1-min-998x1500.jpg 998w, https:\/\/eldromedariorecords.com\/web\/wp-content\/uploads\/2017\/03\/CERO_A_LA_IZQUIERDA_ZENTRAL_2017_1-min-469x705.jpg 469w, https:\/\/eldromedariorecords.com\/web\/wp-content\/uploads\/2017\/03\/CERO_A_LA_IZQUIERDA_ZENTRAL_2017_1-min-450x676.jpg 450w\" sizes=\"(max-width: 1264px) 100vw, 1264px\" \/><\/p>\n<p>En el marco de su actual tour de presentaci\u00f3n de <em>Campo de minas<\/em>, Cero a la Izquierda tienen previsto visitar pr\u00f3ximamente Barcelona (sala Razzmatazz 2, viernes 17 de marzo); Bilbao (Kafe Antzokia, s\u00e1bado 25), y Madrid, sala Pen\u00e9lope, viernes 31, abriendo en las tres ciudades para Inconscientes. Adem\u00e1s tambi\u00e9n visitar\u00e1n Logro\u00f1o (sala Biribay, viernes 24 de marzo), Oviedo (Franel Rock, viernes 21 de abril) y Tafalla (sala Informal, s\u00e1bado 22 de abril), parar cerrar mes en el Vi\u00f1a Rock 2017 antes de recalar en Segovia (Beat Club, 20 de mayo), Valencia (Rock City, 2 de junio) y Murcia, el 3 de junio en Garaje Beat Club.<\/p>\n<p><img loading=\"lazy\" class=\"aligncenter size-full wp-image-3136\" src=\"https:\/\/eldromedariorecords.com\/web\/wp-content\/uploads\/2017\/03\/CERO_A_LA_IZQUIERDA_ZENTRAL_2017_366-min.jpg\" alt=\"\" width=\"1900\" height=\"1264\" srcset=\"https:\/\/eldromedariorecords.com\/web\/wp-content\/uploads\/2017\/03\/CERO_A_LA_IZQUIERDA_ZENTRAL_2017_366-min.jpg 1900w, https:\/\/eldromedariorecords.com\/web\/wp-content\/uploads\/2017\/03\/CERO_A_LA_IZQUIERDA_ZENTRAL_2017_366-min-300x200.jpg 300w, https:\/\/eldromedariorecords.com\/web\/wp-content\/uploads\/2017\/03\/CERO_A_LA_IZQUIERDA_ZENTRAL_2017_366-min-768x511.jpg 768w, https:\/\/eldromedariorecords.com\/web\/wp-content\/uploads\/2017\/03\/CERO_A_LA_IZQUIERDA_ZENTRAL_2017_366-min-1030x685.jpg 1030w, https:\/\/eldromedariorecords.com\/web\/wp-content\/uploads\/2017\/03\/CERO_A_LA_IZQUIERDA_ZENTRAL_2017_366-min-600x399.jpg 600w, https:\/\/eldromedariorecords.com\/web\/wp-content\/uploads\/2017\/03\/CERO_A_LA_IZQUIERDA_ZENTRAL_2017_366-min-1500x998.jpg 1500w, https:\/\/eldromedariorecords.com\/web\/wp-content\/uploads\/2017\/03\/CERO_A_LA_IZQUIERDA_ZENTRAL_2017_366-min-705x469.jpg 705w, https:\/\/eldromedariorecords.com\/web\/wp-content\/uploads\/2017\/03\/CERO_A_LA_IZQUIERDA_ZENTRAL_2017_366-min-450x299.jpg 450w\" sizes=\"(max-width: 1900px) 100vw, 1900px\" \/><\/p>\n","protected":false},"excerpt":{"rendered":"<p>El pasado viernes pas\u00f3 por Pamplona Campo de minas Tour, la aclamada gira de Cero a la Izquierda, consiguiendo la banda llenar Zentral en su cita m\u00e1s esperada: no en vano se trataba de la presentaci\u00f3n oficial de Campo de minas, tercer \u00e1lbum del grupo, en su ciudad. La velada arranc\u00f3 con la actuaci\u00f3n de [&hellip;]<\/p>\n","protected":false},"author":3,"featured_media":3142,"comment_status":"closed","ping_status":"open","sticky":false,"template":"","format":"standard","meta":[],"categories":[36],"tags":[441,392,28,44,102,440,200],"yoast_head":"<!-- This site is optimized with the Yoast SEO plugin v16.5 - https:\/\/yoast.com\/wordpress\/plugins\/seo\/ -->\n<title>Cero a la Izquierda revientan Pamplona con un llenazo en Zentral - El Dromedario Records<\/title>\n<meta name=\"robots\" content=\"index, follow, max-snippet:-1, max-image-preview:large, max-video-preview:-1\" \/>\n<link rel=\"canonical\" href=\"https:\/\/eldromedariorecords.com\/web\/cero-la-izquierda-revientan-pamplona-llenazo-zentral\/\" \/>\n<meta property=\"og:locale\" content=\"es_ES\" \/>\n<meta property=\"og:type\" content=\"article\" \/>\n<meta property=\"og:title\" content=\"Cero a la Izquierda revientan Pamplona con un llenazo en Zentral - El Dromedario Records\" \/>\n<meta property=\"og:description\" content=\"El pasado viernes pas\u00f3 por Pamplona Campo de minas Tour, la aclamada gira de Cero a la Izquierda, consiguiendo la banda llenar Zentral en su cita m\u00e1s esperada: no en vano se trataba de la presentaci\u00f3n oficial de Campo de minas, tercer \u00e1lbum del grupo, en su ciudad. La velada arranc\u00f3 con la actuaci\u00f3n de [&hellip;]\" \/>\n<meta property=\"og:url\" content=\"https:\/\/eldromedariorecords.com\/web\/cero-la-izquierda-revientan-pamplona-llenazo-zentral\/\" \/>\n<meta property=\"og:site_name\" content=\"El Dromedario Records\" \/>\n<meta property=\"article:published_time\" content=\"2017-03-13T16:46:14+00:00\" \/>\n<meta property=\"og:image\" content=\"https:\/\/eldromedariorecords.melboss.com\/web\/wp-content\/uploads\/2017\/03\/cero-a-la-izquierda-zentral1.jpg\" \/>\n\t<meta property=\"og:image:width\" content=\"1000\" \/>\n\t<meta property=\"og:image:height\" content=\"668\" \/>\n<meta name=\"twitter:card\" content=\"summary\" \/>\n<meta name=\"twitter:label1\" content=\"Tiempo de lectura\" \/>\n\t<meta name=\"twitter:data1\" content=\"2 minutos\" \/>\n<script type=\"application\/ld+json\" class=\"yoast-schema-graph\">{\"@context\":\"https:\/\/schema.org\",\"@graph\":[{\"@type\":\"Organization\",\"@id\":\"https:\/\/eldromedariorecords.com\/web\/#organization\",\"name\":\"El Dromedario Records\",\"url\":\"https:\/\/eldromedariorecords.com\/web\/\",\"sameAs\":[],\"logo\":{\"@type\":\"ImageObject\",\"@id\":\"https:\/\/eldromedariorecords.com\/web\/#logo\",\"inLanguage\":\"es\",\"url\":\"https:\/\/eldromedariorecords.melboss.com\/web\/wp-content\/uploads\/2021\/06\/logo-dromedario-negro.png\",\"contentUrl\":\"https:\/\/eldromedariorecords.melboss.com\/web\/wp-content\/uploads\/2021\/06\/logo-dromedario-negro.png\",\"width\":800,\"height\":624,\"caption\":\"El Dromedario Records\"},\"image\":{\"@id\":\"https:\/\/eldromedariorecords.com\/web\/#logo\"}},{\"@type\":\"WebSite\",\"@id\":\"https:\/\/eldromedariorecords.com\/web\/#website\",\"url\":\"https:\/\/eldromedariorecords.com\/web\/\",\"name\":\"El Dromedario Records\",\"description\":\"Discogr\\u00e1fica El Dromedario Records\",\"publisher\":{\"@id\":\"https:\/\/eldromedariorecords.com\/web\/#organization\"},\"potentialAction\":[{\"@type\":\"SearchAction\",\"target\":\"https:\/\/eldromedariorecords.com\/web\/?s={search_term_string}\",\"query-input\":\"required name=search_term_string\"}],\"inLanguage\":\"es\"},{\"@type\":\"ImageObject\",\"@id\":\"https:\/\/eldromedariorecords.com\/web\/cero-la-izquierda-revientan-pamplona-llenazo-zentral\/#primaryimage\",\"inLanguage\":\"es\",\"url\":\"https:\/\/eldromedariorecords.com\/web\/wp-content\/uploads\/2017\/03\/cero-a-la-izquierda-zentral1.jpg\",\"contentUrl\":\"https:\/\/eldromedariorecords.com\/web\/wp-content\/uploads\/2017\/03\/cero-a-la-izquierda-zentral1.jpg\",\"width\":1000,\"height\":668},{\"@type\":\"WebPage\",\"@id\":\"https:\/\/eldromedariorecords.com\/web\/cero-la-izquierda-revientan-pamplona-llenazo-zentral\/#webpage\",\"url\":\"https:\/\/eldromedariorecords.com\/web\/cero-la-izquierda-revientan-pamplona-llenazo-zentral\/\",\"name\":\"Cero a la Izquierda revientan Pamplona con un llenazo en Zentral - El Dromedario Records\",\"isPartOf\":{\"@id\":\"https:\/\/eldromedariorecords.com\/web\/#website\"},\"primaryImageOfPage\":{\"@id\":\"https:\/\/eldromedariorecords.com\/web\/cero-la-izquierda-revientan-pamplona-llenazo-zentral\/#primaryimage\"},\"datePublished\":\"2017-03-13T16:46:14+00:00\",\"dateModified\":\"2017-03-13T16:46:14+00:00\",\"breadcrumb\":{\"@id\":\"https:\/\/eldromedariorecords.com\/web\/cero-la-izquierda-revientan-pamplona-llenazo-zentral\/#breadcrumb\"},\"inLanguage\":\"es\",\"potentialAction\":[{\"@type\":\"ReadAction\",\"target\":[\"https:\/\/eldromedariorecords.com\/web\/cero-la-izquierda-revientan-pamplona-llenazo-zentral\/\"]}]},{\"@type\":\"BreadcrumbList\",\"@id\":\"https:\/\/eldromedariorecords.com\/web\/cero-la-izquierda-revientan-pamplona-llenazo-zentral\/#breadcrumb\",\"itemListElement\":[{\"@type\":\"ListItem\",\"position\":1,\"name\":\"Portada\",\"item\":\"https:\/\/eldromedariorecords.com\/web\/inicio\/\"},{\"@type\":\"ListItem\",\"position\":2,\"name\":\"Cero a la Izquierda revientan Pamplona con un llenazo en Zentral\"}]},{\"@type\":\"Article\",\"@id\":\"https:\/\/eldromedariorecords.com\/web\/cero-la-izquierda-revientan-pamplona-llenazo-zentral\/#article\",\"isPartOf\":{\"@id\":\"https:\/\/eldromedariorecords.com\/web\/cero-la-izquierda-revientan-pamplona-llenazo-zentral\/#webpage\"},\"author\":{\"@id\":\"https:\/\/eldromedariorecords.com\/web\/#\/schema\/person\/71690da9dcd1ce3d7409664303024b87\"},\"headline\":\"Cero a la Izquierda revientan Pamplona con un llenazo en Zentral\",\"datePublished\":\"2017-03-13T16:46:14+00:00\",\"dateModified\":\"2017-03-13T16:46:14+00:00\",\"mainEntityOfPage\":{\"@id\":\"https:\/\/eldromedariorecords.com\/web\/cero-la-izquierda-revientan-pamplona-llenazo-zentral\/#webpage\"},\"wordCount\":331,\"publisher\":{\"@id\":\"https:\/\/eldromedariorecords.com\/web\/#organization\"},\"image\":{\"@id\":\"https:\/\/eldromedariorecords.com\/web\/cero-la-izquierda-revientan-pamplona-llenazo-zentral\/#primaryimage\"},\"thumbnailUrl\":\"https:\/\/eldromedariorecords.com\/web\/wp-content\/uploads\/2017\/03\/cero-a-la-izquierda-zentral1.jpg\",\"keywords\":[\"2017\",\"Campo de minas\",\"Cero a la Izquierda\",\"Concierto\",\"Pamplona\",\"Tour\",\"Zentral\"],\"articleSection\":[\"Cero a la Izquierda\"],\"inLanguage\":\"es\"},{\"@type\":\"Person\",\"@id\":\"https:\/\/eldromedariorecords.com\/web\/#\/schema\/person\/71690da9dcd1ce3d7409664303024b87\",\"name\":\"Iosu\",\"image\":{\"@type\":\"ImageObject\",\"@id\":\"https:\/\/eldromedariorecords.com\/web\/#personlogo\",\"inLanguage\":\"es\",\"url\":\"https:\/\/secure.gravatar.com\/avatar\/4225fb5a2e5d3e2effd3ee240c8f8d9d?s=96&d=mm&r=g\",\"contentUrl\":\"https:\/\/secure.gravatar.com\/avatar\/4225fb5a2e5d3e2effd3ee240c8f8d9d?s=96&d=mm&r=g\",\"caption\":\"Iosu\"}}]}<\/script>\n<!-- \/ Yoast SEO plugin. -->","_links":{"self":[{"href":"https:\/\/eldromedariorecords.com\/web\/wp-json\/wp\/v2\/posts\/3147"}],"collection":[{"href":"https:\/\/eldromedariorecords.com\/web\/wp-json\/wp\/v2\/posts"}],"about":[{"href":"https:\/\/eldromedariorecords.com\/web\/wp-json\/wp\/v2\/types\/post"}],"author":[{"embeddable":true,"href":"https:\/\/eldromedariorecords.com\/web\/wp-json\/wp\/v2\/users\/3"}],"replies":[{"embeddable":true,"href":"https:\/\/eldromedariorecords.com\/web\/wp-json\/wp\/v2\/comments?post=3147"}],"version-history":[{"count":0,"href":"https:\/\/eldromedariorecords.com\/web\/wp-json\/wp\/v2\/posts\/3147\/revisions"}],"wp:featuredmedia":[{"embeddable":true,"href":"https:\/\/eldromedariorecords.com\/web\/wp-json\/wp\/v2\/media\/3142"}],"wp:attachment":[{"href":"https:\/\/eldromedariorecords.com\/web\/wp-json\/wp\/v2\/media?parent=3147"}],"wp:term":[{"taxonomy":"category","embeddable":true,"href":"https:\/\/eldromedariorecords.com\/web\/wp-json\/wp\/v2\/categories?post=3147"},{"taxonomy":"post_tag","embeddable":true,"href":"https:\/\/eldromedariorecords.com\/web\/wp-json\/wp\/v2\/tags?post=3147"}],"curies":[{"name":"wp","href":"https:\/\/api.w.org\/{rel}","templated":true}]}}