{"id":3022,"date":"2017-01-30T16:28:31","date_gmt":"2017-01-30T16:28:31","guid":{"rendered":"https:\/\/eldromedariorecords.com\/web\/?p=3022"},"modified":"2017-01-30T17:16:08","modified_gmt":"2017-01-30T17:16:08","slug":"inconscientes-comienza-gira-llenazo-coruna","status":"publish","type":"post","link":"https:\/\/eldromedariorecords.com\/web\/inconscientes-comienza-gira-llenazo-coruna\/","title":{"rendered":"Inconscientes comienza su gira con un llenazo en A Coru\u00f1a"},"content":{"rendered":"<p><img loading=\"lazy\" class=\"aligncenter size-full wp-image-3025\" src=\"https:\/\/eldromedariorecords.com\/web\/wp-content\/uploads\/2017\/01\/acoruna-inconscientes-1.jpg\" alt=\"\" width=\"1000\" height=\"620\" srcset=\"https:\/\/eldromedariorecords.com\/web\/wp-content\/uploads\/2017\/01\/acoruna-inconscientes-1.jpg 1000w, https:\/\/eldromedariorecords.com\/web\/wp-content\/uploads\/2017\/01\/acoruna-inconscientes-1-300x186.jpg 300w, https:\/\/eldromedariorecords.com\/web\/wp-content\/uploads\/2017\/01\/acoruna-inconscientes-1-768x476.jpg 768w, https:\/\/eldromedariorecords.com\/web\/wp-content\/uploads\/2017\/01\/acoruna-inconscientes-1-600x372.jpg 600w, https:\/\/eldromedariorecords.com\/web\/wp-content\/uploads\/2017\/01\/acoruna-inconscientes-1-705x437.jpg 705w, https:\/\/eldromedariorecords.com\/web\/wp-content\/uploads\/2017\/01\/acoruna-inconscientes-1-450x279.jpg 450w\" sizes=\"(max-width: 1000px) 100vw, 1000px\" \/><\/p>\n<p class=\"p1\"><span class=\"s1\">Inconscientes, la banda fundada en 2006 por el legendario I\u00f1aki &#8216;Uoho&#8217; Ant\u00f3n, visitaron Galicia el pasado fin de semana dentro de su gira de presentaci\u00f3n de &#8216;Quimeras y otras realidades&#8217;, protagonizando dos intensos conciertos ante un muy entregado p\u00fablico.<\/span><\/p>\n<p>Inconscientes queremos agradecer por medio de estas l\u00edneas la gran acogida brindada y el apoyo de los medios de comunicaci\u00f3n gallegos: <a href=\"http:\/\/www.crtvg.es\/informativos\/inconscientes-presentan-en-galicia-un-novo-traballo-2658974\">la CRTVG (Corporaci\u00f3n Radio e Televisi\u00f3n de Galicia, canal cuyo informativo cerramos el pasado martes);<\/a> La Voz de Galicia, Esturi\u00f3nn Music\u2026<\/p>\n<p>Os recordamos que la reci\u00e9n estrenada gira de Inconscientes recalar\u00e1 el viernes 3 de febrero en <b>Pamplona (Zentral Kafe Teatro)<\/b> estando previsto que prosiga en febrero por <b>Zaragoza (s\u00e1bado 11, sala Las Armas)<\/b> y <b>Oviedo,<\/b> donde tocar\u00e1n el <b>viernes 17 en la sala Sir Laurens.<\/b><\/p>\n<p>Inconscientes en <a href=\"https:\/\/www.facebook.com\/inconscientesoficial\/\">Facebook,<\/a> y <a href=\"https:\/\/twitter.com\/Inconscientes_\">Twitter.<\/a><br \/>\n<a href=\"http:\/\/inconscientes.net\">inconscientes.net<\/a><\/p>\n","protected":false},"excerpt":{"rendered":"<p>Inconscientes, la banda fundada en 2006 por el legendario I\u00f1aki &#8216;Uoho&#8217; Ant\u00f3n, visitaron Galicia el pasado fin de semana dentro de su gira de presentaci\u00f3n de &#8216;Quimeras y otras realidades&#8217;, protagonizando dos intensos conciertos ante un muy entregado p\u00fablico. Inconscientes queremos agradecer por medio de estas l\u00edneas la gran acogida brindada y el apoyo de [&hellip;]<\/p>\n","protected":false},"author":3,"featured_media":3025,"comment_status":"closed","ping_status":"open","sticky":false,"template":"","format":"standard","meta":[],"categories":[417],"tags":[223,44,402,355],"yoast_head":"<!-- This site is optimized with the Yoast SEO plugin v16.5 - https:\/\/yoast.com\/wordpress\/plugins\/seo\/ -->\n<title>Inconscientes comienza su gira con un llenazo en A Coru\u00f1a - El Dromedario Records<\/title>\n<meta name=\"robots\" content=\"index, follow, max-snippet:-1, max-image-preview:large, max-video-preview:-1\" \/>\n<link rel=\"canonical\" href=\"https:\/\/eldromedariorecords.com\/web\/inconscientes-comienza-gira-llenazo-coruna\/\" \/>\n<meta property=\"og:locale\" content=\"es_ES\" \/>\n<meta property=\"og:type\" content=\"article\" \/>\n<meta property=\"og:title\" content=\"Inconscientes comienza su gira con un llenazo en A Coru\u00f1a - El Dromedario Records\" \/>\n<meta property=\"og:description\" content=\"Inconscientes, la banda fundada en 2006 por el legendario I\u00f1aki &#8216;Uoho&#8217; Ant\u00f3n, visitaron Galicia el pasado fin de semana dentro de su gira de presentaci\u00f3n de &#8216;Quimeras y otras realidades&#8217;, protagonizando dos intensos conciertos ante un muy entregado p\u00fablico. Inconscientes queremos agradecer por medio de estas l\u00edneas la gran acogida brindada y el apoyo de [&hellip;]\" \/>\n<meta property=\"og:url\" content=\"https:\/\/eldromedariorecords.com\/web\/inconscientes-comienza-gira-llenazo-coruna\/\" \/>\n<meta property=\"og:site_name\" content=\"El Dromedario Records\" \/>\n<meta property=\"article:published_time\" content=\"2017-01-30T16:28:31+00:00\" \/>\n<meta property=\"article:modified_time\" content=\"2017-01-30T17:16:08+00:00\" \/>\n<meta property=\"og:image\" content=\"https:\/\/eldromedariorecords.melboss.com\/web\/wp-content\/uploads\/2017\/01\/acoruna-inconscientes-1.jpg\" \/>\n\t<meta property=\"og:image:width\" content=\"1000\" \/>\n\t<meta property=\"og:image:height\" content=\"620\" \/>\n<meta name=\"twitter:card\" content=\"summary\" \/>\n<meta name=\"twitter:label1\" content=\"Tiempo de lectura\" \/>\n\t<meta name=\"twitter:data1\" content=\"1 minuto\" \/>\n<script type=\"application\/ld+json\" class=\"yoast-schema-graph\">{\"@context\":\"https:\/\/schema.org\",\"@graph\":[{\"@type\":\"Organization\",\"@id\":\"https:\/\/eldromedariorecords.com\/web\/#organization\",\"name\":\"El Dromedario Records\",\"url\":\"https:\/\/eldromedariorecords.com\/web\/\",\"sameAs\":[],\"logo\":{\"@type\":\"ImageObject\",\"@id\":\"https:\/\/eldromedariorecords.com\/web\/#logo\",\"inLanguage\":\"es\",\"url\":\"https:\/\/eldromedariorecords.melboss.com\/web\/wp-content\/uploads\/2021\/06\/logo-dromedario-negro.png\",\"contentUrl\":\"https:\/\/eldromedariorecords.melboss.com\/web\/wp-content\/uploads\/2021\/06\/logo-dromedario-negro.png\",\"width\":800,\"height\":624,\"caption\":\"El Dromedario Records\"},\"image\":{\"@id\":\"https:\/\/eldromedariorecords.com\/web\/#logo\"}},{\"@type\":\"WebSite\",\"@id\":\"https:\/\/eldromedariorecords.com\/web\/#website\",\"url\":\"https:\/\/eldromedariorecords.com\/web\/\",\"name\":\"El Dromedario Records\",\"description\":\"Discogr\\u00e1fica El Dromedario Records\",\"publisher\":{\"@id\":\"https:\/\/eldromedariorecords.com\/web\/#organization\"},\"potentialAction\":[{\"@type\":\"SearchAction\",\"target\":\"https:\/\/eldromedariorecords.com\/web\/?s={search_term_string}\",\"query-input\":\"required name=search_term_string\"}],\"inLanguage\":\"es\"},{\"@type\":\"ImageObject\",\"@id\":\"https:\/\/eldromedariorecords.com\/web\/inconscientes-comienza-gira-llenazo-coruna\/#primaryimage\",\"inLanguage\":\"es\",\"url\":\"https:\/\/eldromedariorecords.com\/web\/wp-content\/uploads\/2017\/01\/acoruna-inconscientes-1.jpg\",\"contentUrl\":\"https:\/\/eldromedariorecords.com\/web\/wp-content\/uploads\/2017\/01\/acoruna-inconscientes-1.jpg\",\"width\":1000,\"height\":620},{\"@type\":\"WebPage\",\"@id\":\"https:\/\/eldromedariorecords.com\/web\/inconscientes-comienza-gira-llenazo-coruna\/#webpage\",\"url\":\"https:\/\/eldromedariorecords.com\/web\/inconscientes-comienza-gira-llenazo-coruna\/\",\"name\":\"Inconscientes comienza su gira con un llenazo en A Coru\\u00f1a - El Dromedario Records\",\"isPartOf\":{\"@id\":\"https:\/\/eldromedariorecords.com\/web\/#website\"},\"primaryImageOfPage\":{\"@id\":\"https:\/\/eldromedariorecords.com\/web\/inconscientes-comienza-gira-llenazo-coruna\/#primaryimage\"},\"datePublished\":\"2017-01-30T16:28:31+00:00\",\"dateModified\":\"2017-01-30T17:16:08+00:00\",\"breadcrumb\":{\"@id\":\"https:\/\/eldromedariorecords.com\/web\/inconscientes-comienza-gira-llenazo-coruna\/#breadcrumb\"},\"inLanguage\":\"es\",\"potentialAction\":[{\"@type\":\"ReadAction\",\"target\":[\"https:\/\/eldromedariorecords.com\/web\/inconscientes-comienza-gira-llenazo-coruna\/\"]}]},{\"@type\":\"BreadcrumbList\",\"@id\":\"https:\/\/eldromedariorecords.com\/web\/inconscientes-comienza-gira-llenazo-coruna\/#breadcrumb\",\"itemListElement\":[{\"@type\":\"ListItem\",\"position\":1,\"name\":\"Portada\",\"item\":\"https:\/\/eldromedariorecords.com\/web\/inicio\/\"},{\"@type\":\"ListItem\",\"position\":2,\"name\":\"Inconscientes comienza su gira con un llenazo en A Coru\\u00f1a\"}]},{\"@type\":\"Article\",\"@id\":\"https:\/\/eldromedariorecords.com\/web\/inconscientes-comienza-gira-llenazo-coruna\/#article\",\"isPartOf\":{\"@id\":\"https:\/\/eldromedariorecords.com\/web\/inconscientes-comienza-gira-llenazo-coruna\/#webpage\"},\"author\":{\"@id\":\"https:\/\/eldromedariorecords.com\/web\/#\/schema\/person\/71690da9dcd1ce3d7409664303024b87\"},\"headline\":\"Inconscientes comienza su gira con un llenazo en A Coru\\u00f1a\",\"datePublished\":\"2017-01-30T16:28:31+00:00\",\"dateModified\":\"2017-01-30T17:16:08+00:00\",\"mainEntityOfPage\":{\"@id\":\"https:\/\/eldromedariorecords.com\/web\/inconscientes-comienza-gira-llenazo-coruna\/#webpage\"},\"wordCount\":152,\"publisher\":{\"@id\":\"https:\/\/eldromedariorecords.com\/web\/#organization\"},\"image\":{\"@id\":\"https:\/\/eldromedariorecords.com\/web\/inconscientes-comienza-gira-llenazo-coruna\/#primaryimage\"},\"thumbnailUrl\":\"https:\/\/eldromedariorecords.com\/web\/wp-content\/uploads\/2017\/01\/acoruna-inconscientes-1.jpg\",\"keywords\":[\"A Coru\\u00f1a\",\"Concierto\",\"Gira 2017\",\"Inconscientes\"],\"articleSection\":[\"Inconscientes\"],\"inLanguage\":\"es\"},{\"@type\":\"Person\",\"@id\":\"https:\/\/eldromedariorecords.com\/web\/#\/schema\/person\/71690da9dcd1ce3d7409664303024b87\",\"name\":\"Iosu\",\"image\":{\"@type\":\"ImageObject\",\"@id\":\"https:\/\/eldromedariorecords.com\/web\/#personlogo\",\"inLanguage\":\"es\",\"url\":\"https:\/\/secure.gravatar.com\/avatar\/4225fb5a2e5d3e2effd3ee240c8f8d9d?s=96&d=mm&r=g\",\"contentUrl\":\"https:\/\/secure.gravatar.com\/avatar\/4225fb5a2e5d3e2effd3ee240c8f8d9d?s=96&d=mm&r=g\",\"caption\":\"Iosu\"}}]}<\/script>\n<!-- \/ Yoast SEO plugin. -->","_links":{"self":[{"href":"https:\/\/eldromedariorecords.com\/web\/wp-json\/wp\/v2\/posts\/3022"}],"collection":[{"href":"https:\/\/eldromedariorecords.com\/web\/wp-json\/wp\/v2\/posts"}],"about":[{"href":"https:\/\/eldromedariorecords.com\/web\/wp-json\/wp\/v2\/types\/post"}],"author":[{"embeddable":true,"href":"https:\/\/eldromedariorecords.com\/web\/wp-json\/wp\/v2\/users\/3"}],"replies":[{"embeddable":true,"href":"https:\/\/eldromedariorecords.com\/web\/wp-json\/wp\/v2\/comments?post=3022"}],"version-history":[{"count":0,"href":"https:\/\/eldromedariorecords.com\/web\/wp-json\/wp\/v2\/posts\/3022\/revisions"}],"wp:featuredmedia":[{"embeddable":true,"href":"https:\/\/eldromedariorecords.com\/web\/wp-json\/wp\/v2\/media\/3025"}],"wp:attachment":[{"href":"https:\/\/eldromedariorecords.com\/web\/wp-json\/wp\/v2\/media?parent=3022"}],"wp:term":[{"taxonomy":"category","embeddable":true,"href":"https:\/\/eldromedariorecords.com\/web\/wp-json\/wp\/v2\/categories?post=3022"},{"taxonomy":"post_tag","embeddable":true,"href":"https:\/\/eldromedariorecords.com\/web\/wp-json\/wp\/v2\/tags?post=3022"}],"curies":[{"name":"wp","href":"https:\/\/api.w.org\/{rel}","templated":true}]}}