{"id":2654,"date":"2016-09-06T09:51:40","date_gmt":"2016-09-06T09:51:40","guid":{"rendered":"https:\/\/eldromedariorecords.com\/web\/?p=2654"},"modified":"2016-09-06T09:51:40","modified_gmt":"2016-09-06T09:51:40","slug":"extremoduro-apoya-la-primera-edicion-dia-del-rio-proximo-11-septiembre","status":"publish","type":"post","link":"https:\/\/eldromedariorecords.com\/web\/extremoduro-apoya-la-primera-edicion-dia-del-rio-proximo-11-septiembre\/","title":{"rendered":"Extremoduro apoya la primera edici\u00f3n de \u00abEl d\u00eda del R\u00edo\u00bb el pr\u00f3ximo 11 de septiembre"},"content":{"rendered":"<p style=\"text-align: left\">Gracias a una iniciativa espont\u00e1nea, respaldada por asociaciones y grupos ecologistas extreme\u00f1os, el 11 de septiembre se celebrar\u00e1 en Extremadura el primer \u00abD\u00eda del R\u00edo\u00bb.<\/p>\n<p style=\"text-align: left\">La fiesta, que en lugares como Euskadi se viene desarrollando desde a\u00f1os atr\u00e1s (\u00abErreka Eguna\u00bb), consiste en elegir un r\u00edo o un arroyo y limpiar sus orillas de basuras y desechos.<\/p>\n<p style=\"text-align: left\">Desde aqu\u00ed invitamos a todo el mundo a participar activamente en el \u00abD\u00eda del R\u00edo\u00bb y a gozar de la naturaleza sin complejos, en Extremadura o donde viva cada uno. Adem\u00e1s, queremos aprovechar estas l\u00edneas para invitar a cuantos secunden este llamamiento a enviarnos fotograf\u00edas del tramo de r\u00edo que se limpie. Las mismas pueden ser enviadas a <a href=\"mailto:contacto@extremoduro.com\" target=\"_blank\">contacto@extremoduro.com<\/a>, las publicaremos en nuestro perfil de Facebook.<\/p>\n<p style=\"text-align: left\">\u00a1Un brindis por una naturaleza limpia!<\/p>\n","protected":false},"excerpt":{"rendered":"<p>Gracias a una iniciativa espont\u00e1nea, respaldada por asociaciones y grupos ecologistas extreme\u00f1os, el 11 de septiembre se celebrar\u00e1 en Extremadura el primer \u00abD\u00eda del R\u00edo\u00bb. La fiesta, que en lugares como Euskadi se viene desarrollando desde a\u00f1os atr\u00e1s (\u00abErreka Eguna\u00bb), consiste en elegir un r\u00edo o un arroyo y limpiar sus orillas de basuras y [&hellip;]<\/p>\n","protected":false},"author":3,"featured_media":2655,"comment_status":"closed","ping_status":"open","sticky":false,"template":"","format":"standard","meta":[],"categories":[34],"tags":[370,85,25,369],"yoast_head":"<!-- This site is optimized with the Yoast SEO plugin v16.5 - https:\/\/yoast.com\/wordpress\/plugins\/seo\/ -->\n<title>Extremoduro apoya la primera edici\u00f3n de &quot;El d\u00eda del R\u00edo&quot; el pr\u00f3ximo 11 de septiembre - El Dromedario Records<\/title>\n<meta name=\"robots\" content=\"index, follow, max-snippet:-1, max-image-preview:large, max-video-preview:-1\" \/>\n<link rel=\"canonical\" href=\"https:\/\/eldromedariorecords.com\/web\/extremoduro-apoya-la-primera-edicion-dia-del-rio-proximo-11-septiembre\/\" \/>\n<meta property=\"og:locale\" content=\"es_ES\" \/>\n<meta property=\"og:type\" content=\"article\" \/>\n<meta property=\"og:title\" content=\"Extremoduro apoya la primera edici\u00f3n de &quot;El d\u00eda del R\u00edo&quot; el pr\u00f3ximo 11 de septiembre - El Dromedario Records\" \/>\n<meta property=\"og:description\" content=\"Gracias a una iniciativa espont\u00e1nea, respaldada por asociaciones y grupos ecologistas extreme\u00f1os, el 11 de septiembre se celebrar\u00e1 en Extremadura el primer \u00abD\u00eda del R\u00edo\u00bb. La fiesta, que en lugares como Euskadi se viene desarrollando desde a\u00f1os atr\u00e1s (\u00abErreka Eguna\u00bb), consiste en elegir un r\u00edo o un arroyo y limpiar sus orillas de basuras y [&hellip;]\" \/>\n<meta property=\"og:url\" content=\"https:\/\/eldromedariorecords.com\/web\/extremoduro-apoya-la-primera-edicion-dia-del-rio-proximo-11-septiembre\/\" \/>\n<meta property=\"og:site_name\" content=\"El Dromedario Records\" \/>\n<meta property=\"article:published_time\" content=\"2016-09-06T09:51:40+00:00\" \/>\n<meta property=\"og:image\" content=\"https:\/\/eldromedariorecords.melboss.com\/web\/wp-content\/uploads\/2016\/09\/dia-del-rio.jpg\" \/>\n\t<meta property=\"og:image:width\" content=\"672\" \/>\n\t<meta property=\"og:image:height\" content=\"372\" \/>\n<meta name=\"twitter:card\" content=\"summary\" \/>\n<meta name=\"twitter:label1\" content=\"Tiempo de lectura\" \/>\n\t<meta name=\"twitter:data1\" content=\"1 minuto\" \/>\n<script type=\"application\/ld+json\" class=\"yoast-schema-graph\">{\"@context\":\"https:\/\/schema.org\",\"@graph\":[{\"@type\":\"Organization\",\"@id\":\"https:\/\/eldromedariorecords.com\/web\/#organization\",\"name\":\"El Dromedario Records\",\"url\":\"https:\/\/eldromedariorecords.com\/web\/\",\"sameAs\":[],\"logo\":{\"@type\":\"ImageObject\",\"@id\":\"https:\/\/eldromedariorecords.com\/web\/#logo\",\"inLanguage\":\"es\",\"url\":\"https:\/\/eldromedariorecords.melboss.com\/web\/wp-content\/uploads\/2021\/06\/logo-dromedario-negro.png\",\"contentUrl\":\"https:\/\/eldromedariorecords.melboss.com\/web\/wp-content\/uploads\/2021\/06\/logo-dromedario-negro.png\",\"width\":800,\"height\":624,\"caption\":\"El Dromedario Records\"},\"image\":{\"@id\":\"https:\/\/eldromedariorecords.com\/web\/#logo\"}},{\"@type\":\"WebSite\",\"@id\":\"https:\/\/eldromedariorecords.com\/web\/#website\",\"url\":\"https:\/\/eldromedariorecords.com\/web\/\",\"name\":\"El Dromedario Records\",\"description\":\"Discogr\\u00e1fica El Dromedario Records\",\"publisher\":{\"@id\":\"https:\/\/eldromedariorecords.com\/web\/#organization\"},\"potentialAction\":[{\"@type\":\"SearchAction\",\"target\":\"https:\/\/eldromedariorecords.com\/web\/?s={search_term_string}\",\"query-input\":\"required name=search_term_string\"}],\"inLanguage\":\"es\"},{\"@type\":\"ImageObject\",\"@id\":\"https:\/\/eldromedariorecords.com\/web\/extremoduro-apoya-la-primera-edicion-dia-del-rio-proximo-11-septiembre\/#primaryimage\",\"inLanguage\":\"es\",\"url\":\"https:\/\/eldromedariorecords.com\/web\/wp-content\/uploads\/2016\/09\/dia-del-rio.jpg\",\"contentUrl\":\"https:\/\/eldromedariorecords.com\/web\/wp-content\/uploads\/2016\/09\/dia-del-rio.jpg\",\"width\":672,\"height\":372,\"caption\":\"D\\u00eda del R\\u00edo en Extremadura\"},{\"@type\":\"WebPage\",\"@id\":\"https:\/\/eldromedariorecords.com\/web\/extremoduro-apoya-la-primera-edicion-dia-del-rio-proximo-11-septiembre\/#webpage\",\"url\":\"https:\/\/eldromedariorecords.com\/web\/extremoduro-apoya-la-primera-edicion-dia-del-rio-proximo-11-septiembre\/\",\"name\":\"Extremoduro apoya la primera edici\\u00f3n de \\\"El d\\u00eda del R\\u00edo\\\" el pr\\u00f3ximo 11 de septiembre - El Dromedario Records\",\"isPartOf\":{\"@id\":\"https:\/\/eldromedariorecords.com\/web\/#website\"},\"primaryImageOfPage\":{\"@id\":\"https:\/\/eldromedariorecords.com\/web\/extremoduro-apoya-la-primera-edicion-dia-del-rio-proximo-11-septiembre\/#primaryimage\"},\"datePublished\":\"2016-09-06T09:51:40+00:00\",\"dateModified\":\"2016-09-06T09:51:40+00:00\",\"breadcrumb\":{\"@id\":\"https:\/\/eldromedariorecords.com\/web\/extremoduro-apoya-la-primera-edicion-dia-del-rio-proximo-11-septiembre\/#breadcrumb\"},\"inLanguage\":\"es\",\"potentialAction\":[{\"@type\":\"ReadAction\",\"target\":[\"https:\/\/eldromedariorecords.com\/web\/extremoduro-apoya-la-primera-edicion-dia-del-rio-proximo-11-septiembre\/\"]}]},{\"@type\":\"BreadcrumbList\",\"@id\":\"https:\/\/eldromedariorecords.com\/web\/extremoduro-apoya-la-primera-edicion-dia-del-rio-proximo-11-septiembre\/#breadcrumb\",\"itemListElement\":[{\"@type\":\"ListItem\",\"position\":1,\"name\":\"Portada\",\"item\":\"https:\/\/eldromedariorecords.com\/web\/inicio\/\"},{\"@type\":\"ListItem\",\"position\":2,\"name\":\"Extremoduro apoya la primera edici\\u00f3n de \\u00abEl d\\u00eda del R\\u00edo\\u00bb el pr\\u00f3ximo 11 de septiembre\"}]},{\"@type\":\"Article\",\"@id\":\"https:\/\/eldromedariorecords.com\/web\/extremoduro-apoya-la-primera-edicion-dia-del-rio-proximo-11-septiembre\/#article\",\"isPartOf\":{\"@id\":\"https:\/\/eldromedariorecords.com\/web\/extremoduro-apoya-la-primera-edicion-dia-del-rio-proximo-11-septiembre\/#webpage\"},\"author\":{\"@id\":\"https:\/\/eldromedariorecords.com\/web\/#\/schema\/person\/71690da9dcd1ce3d7409664303024b87\"},\"headline\":\"Extremoduro apoya la primera edici\\u00f3n de \\u00abEl d\\u00eda del R\\u00edo\\u00bb el pr\\u00f3ximo 11 de septiembre\",\"datePublished\":\"2016-09-06T09:51:40+00:00\",\"dateModified\":\"2016-09-06T09:51:40+00:00\",\"mainEntityOfPage\":{\"@id\":\"https:\/\/eldromedariorecords.com\/web\/extremoduro-apoya-la-primera-edicion-dia-del-rio-proximo-11-septiembre\/#webpage\"},\"wordCount\":160,\"publisher\":{\"@id\":\"https:\/\/eldromedariorecords.com\/web\/#organization\"},\"image\":{\"@id\":\"https:\/\/eldromedariorecords.com\/web\/extremoduro-apoya-la-primera-edicion-dia-del-rio-proximo-11-septiembre\/#primaryimage\"},\"thumbnailUrl\":\"https:\/\/eldromedariorecords.com\/web\/wp-content\/uploads\/2016\/09\/dia-del-rio.jpg\",\"keywords\":[\"d\\u00eda del r\\u00edo\",\"Extremadura\",\"Extremoduro\",\"iniciativa\"],\"articleSection\":[\"Extremoduro\"],\"inLanguage\":\"es\"},{\"@type\":\"Person\",\"@id\":\"https:\/\/eldromedariorecords.com\/web\/#\/schema\/person\/71690da9dcd1ce3d7409664303024b87\",\"name\":\"Iosu\",\"image\":{\"@type\":\"ImageObject\",\"@id\":\"https:\/\/eldromedariorecords.com\/web\/#personlogo\",\"inLanguage\":\"es\",\"url\":\"https:\/\/secure.gravatar.com\/avatar\/4225fb5a2e5d3e2effd3ee240c8f8d9d?s=96&d=mm&r=g\",\"contentUrl\":\"https:\/\/secure.gravatar.com\/avatar\/4225fb5a2e5d3e2effd3ee240c8f8d9d?s=96&d=mm&r=g\",\"caption\":\"Iosu\"}}]}<\/script>\n<!-- \/ Yoast SEO plugin. -->","_links":{"self":[{"href":"https:\/\/eldromedariorecords.com\/web\/wp-json\/wp\/v2\/posts\/2654"}],"collection":[{"href":"https:\/\/eldromedariorecords.com\/web\/wp-json\/wp\/v2\/posts"}],"about":[{"href":"https:\/\/eldromedariorecords.com\/web\/wp-json\/wp\/v2\/types\/post"}],"author":[{"embeddable":true,"href":"https:\/\/eldromedariorecords.com\/web\/wp-json\/wp\/v2\/users\/3"}],"replies":[{"embeddable":true,"href":"https:\/\/eldromedariorecords.com\/web\/wp-json\/wp\/v2\/comments?post=2654"}],"version-history":[{"count":0,"href":"https:\/\/eldromedariorecords.com\/web\/wp-json\/wp\/v2\/posts\/2654\/revisions"}],"wp:featuredmedia":[{"embeddable":true,"href":"https:\/\/eldromedariorecords.com\/web\/wp-json\/wp\/v2\/media\/2655"}],"wp:attachment":[{"href":"https:\/\/eldromedariorecords.com\/web\/wp-json\/wp\/v2\/media?parent=2654"}],"wp:term":[{"taxonomy":"category","embeddable":true,"href":"https:\/\/eldromedariorecords.com\/web\/wp-json\/wp\/v2\/categories?post=2654"},{"taxonomy":"post_tag","embeddable":true,"href":"https:\/\/eldromedariorecords.com\/web\/wp-json\/wp\/v2\/tags?post=2654"}],"curies":[{"name":"wp","href":"https:\/\/api.w.org\/{rel}","templated":true}]}}