{"id":2544,"date":"2016-06-09T08:17:20","date_gmt":"2016-06-09T08:17:20","guid":{"rendered":"https:\/\/eldromedariorecords.com\/web\/?p=2544"},"modified":"2016-06-09T08:56:24","modified_gmt":"2016-06-09T08:56:24","slug":"ciclonautas-anuncian-nuevas-fechas-festivales-verano-presentan-nuevo-videoclip-directo-los-fantasmas-del-ocaso","status":"publish","type":"post","link":"https:\/\/eldromedariorecords.com\/web\/ciclonautas-anuncian-nuevas-fechas-festivales-verano-presentan-nuevo-videoclip-directo-los-fantasmas-del-ocaso\/","title":{"rendered":"CICLONAUTAS anuncian nuevas fechas en festivales de verano y presentan su nuevo videoclip en directo, &#8216;Los fantasmas del ocaso&#8217;"},"content":{"rendered":"<div class='avia-iframe-wrap'><iframe loading=\"lazy\" width=\"1500\" height=\"844\" src=\"https:\/\/www.youtube.com\/embed\/OHExA6JDVE8?feature=oembed\" frameborder=\"0\" allowfullscreen><\/iframe><\/div>\n<p>&nbsp;<\/p>\n<p style=\"text-align: left\">Tras dar carpetazo el pasado viernes en Salamanca a la gira de invierno que les ha llevado a recorrer las principales salas de rock del pa\u00eds, Ciclonautas nos anuncian de golpe un buen n\u00famero de festivales en el que ya est\u00e1 confirmada su presencia. Como muestra de lo que ofrecer\u00e1n en dichos festivales, nos presentan el videoclip &#8216;Los fantasmas del ocaso&#8217;, grabado en directo en el Vi\u00f1a Rock de este mismo a\u00f1o. Pod\u00e9is ver el videoclip en <a href=\"https:\/\/www.youtube.com\/watch?v=OHExA6JDVE8\">Youtube<\/a> y <a href=\"http:\/\/www.vevo.com\/watch\/ciclonautas\/Los-Fantasmas-del-Ocaso\/ES71J1600249\">VEVO<\/a>.<\/p>\n<p style=\"text-align: left\">Estas son las primeras fechas confirmadas; en breve os iremos anunciando m\u00e1s:<\/p>\n<ul>\n<li style=\"text-align: left\"><b>10\/6\/2016<\/b> Tres Sesenta Festival (Pamplona)<\/li>\n<li style=\"text-align: left\"><b>15\/6\/2016<\/b> concierto con Zakk Wylde (Bilbao, sala Santana 27)<\/li>\n<li style=\"text-align: left\"><b>1\/7\/2016<\/b> Festival Cabo de Plata (Barbate, Cadiz)<\/li>\n<li style=\"text-align: left\"><b>7\/7\/2016<\/b> Weekend Festival, (Torre del Mar, M\u00e1laga)<\/li>\n<li style=\"text-align: left\"><b>17\/7\/2016<\/b> Rock Fest (Barcelona)<\/li>\n<li style=\"text-align: left\"><b>4\/8\/2016<\/b> Juergas Rock, (Adra, Almer\u00eda)<\/li>\n<li style=\"text-align: left\"><b>6\/8\/2018<\/b> Shikillo Festival (Candeleda, \u00c1vila)<\/li>\n<li style=\"text-align: left\"><b>12\/8\/2016<\/b> Why Not Here Fest (Foz, Lugo)<\/li>\n<\/ul>\n<p style=\"text-align: left\">Tercer single extra\u00eddo de &#8216;Bienvenidos los Muertos&#8217;, el presente videoclip presenta al tr\u00edo hispano argentino desplegando su incontestable buen hacer en su h\u00e1bitat natural, los escenarios. Y qu\u00e9 mejor marco para ello que el del escenario The Cavern del Vi\u00f1a Rock, festival que Mai, Al\u00e9n y Txo visitaron en abril por segunda vez, pese a la corta historia del grupo.<\/p>\n<p style=\"text-align: left\">Ciclonautas en <a href=\"https:\/\/www.facebook.com\/CICLONAUTASROCK\/\">Facebook,<\/a> y <a href=\"https:\/\/twitter.com\/CICLONAUTASROCK\">Twitter.<\/a><br \/>\n<a href=\"https:\/\/www.ciclonautas.net\">ciclonautas.net<\/a><\/p>\n","protected":false},"excerpt":{"rendered":"<p>&nbsp; Tras dar carpetazo el pasado viernes en Salamanca a la gira de invierno que les ha llevado a recorrer las principales salas de rock del pa\u00eds, Ciclonautas nos anuncian de golpe un buen n\u00famero de festivales en el que ya est\u00e1 confirmada su presencia. Como muestra de lo que ofrecer\u00e1n en dichos festivales, nos [&hellip;]<\/p>\n","protected":false},"author":3,"featured_media":2553,"comment_status":"closed","ping_status":"open","sticky":false,"template":"","format":"video","meta":[],"categories":[35,45],"tags":[27,318,43,337,30],"yoast_head":"<!-- This site is optimized with the Yoast SEO plugin v16.5 - https:\/\/yoast.com\/wordpress\/plugins\/seo\/ -->\n<title>CICLONAUTAS anuncian nuevas fechas en festivales de verano y presentan su nuevo videoclip en directo, &#039;Los fantasmas del ocaso&#039; - El Dromedario Records<\/title>\n<meta name=\"description\" content=\"Ciclonautas anuncia nuevas fechas de festivales y lo hacen con nuevo videoclip &#039;Los fantasmas del ocaso&#039;, grabado en directo.\" \/>\n<meta name=\"robots\" content=\"index, follow, max-snippet:-1, max-image-preview:large, max-video-preview:-1\" \/>\n<link rel=\"canonical\" href=\"https:\/\/eldromedariorecords.com\/web\/ciclonautas-anuncian-nuevas-fechas-festivales-verano-presentan-nuevo-videoclip-directo-los-fantasmas-del-ocaso\/\" \/>\n<meta property=\"og:locale\" content=\"es_ES\" \/>\n<meta property=\"og:type\" content=\"article\" \/>\n<meta property=\"og:title\" content=\"CICLONAUTAS anuncian nuevas fechas en festivales de verano y presentan su nuevo videoclip en directo, &#039;Los fantasmas del ocaso&#039; - El Dromedario Records\" \/>\n<meta property=\"og:description\" content=\"Ciclonautas anuncia nuevas fechas de festivales y lo hacen con nuevo videoclip &#039;Los fantasmas del ocaso&#039;, grabado en directo.\" \/>\n<meta property=\"og:url\" content=\"https:\/\/eldromedariorecords.com\/web\/ciclonautas-anuncian-nuevas-fechas-festivales-verano-presentan-nuevo-videoclip-directo-los-fantasmas-del-ocaso\/\" \/>\n<meta property=\"og:site_name\" content=\"El Dromedario Records\" \/>\n<meta property=\"article:published_time\" content=\"2016-06-09T08:17:20+00:00\" \/>\n<meta property=\"article:modified_time\" content=\"2016-06-09T08:56:24+00:00\" \/>\n<meta property=\"og:image\" content=\"https:\/\/eldromedariorecords.melboss.com\/web\/wp-content\/uploads\/2016\/06\/fantasmas.jpg\" \/>\n\t<meta property=\"og:image:width\" content=\"1280\" \/>\n\t<meta property=\"og:image:height\" content=\"720\" \/>\n<meta name=\"twitter:card\" content=\"summary\" \/>\n<meta name=\"twitter:label1\" content=\"Tiempo de lectura\" \/>\n\t<meta name=\"twitter:data1\" content=\"1 minuto\" \/>\n<script type=\"application\/ld+json\" class=\"yoast-schema-graph\">{\"@context\":\"https:\/\/schema.org\",\"@graph\":[{\"@type\":\"Organization\",\"@id\":\"https:\/\/eldromedariorecords.com\/web\/#organization\",\"name\":\"El Dromedario Records\",\"url\":\"https:\/\/eldromedariorecords.com\/web\/\",\"sameAs\":[],\"logo\":{\"@type\":\"ImageObject\",\"@id\":\"https:\/\/eldromedariorecords.com\/web\/#logo\",\"inLanguage\":\"es\",\"url\":\"https:\/\/eldromedariorecords.melboss.com\/web\/wp-content\/uploads\/2021\/06\/logo-dromedario-negro.png\",\"contentUrl\":\"https:\/\/eldromedariorecords.melboss.com\/web\/wp-content\/uploads\/2021\/06\/logo-dromedario-negro.png\",\"width\":800,\"height\":624,\"caption\":\"El Dromedario Records\"},\"image\":{\"@id\":\"https:\/\/eldromedariorecords.com\/web\/#logo\"}},{\"@type\":\"WebSite\",\"@id\":\"https:\/\/eldromedariorecords.com\/web\/#website\",\"url\":\"https:\/\/eldromedariorecords.com\/web\/\",\"name\":\"El Dromedario Records\",\"description\":\"Discogr\\u00e1fica El Dromedario Records\",\"publisher\":{\"@id\":\"https:\/\/eldromedariorecords.com\/web\/#organization\"},\"potentialAction\":[{\"@type\":\"SearchAction\",\"target\":\"https:\/\/eldromedariorecords.com\/web\/?s={search_term_string}\",\"query-input\":\"required name=search_term_string\"}],\"inLanguage\":\"es\"},{\"@type\":\"ImageObject\",\"@id\":\"https:\/\/eldromedariorecords.com\/web\/ciclonautas-anuncian-nuevas-fechas-festivales-verano-presentan-nuevo-videoclip-directo-los-fantasmas-del-ocaso\/#primaryimage\",\"inLanguage\":\"es\",\"url\":\"https:\/\/eldromedariorecords.com\/web\/wp-content\/uploads\/2016\/06\/fantasmas.jpg\",\"contentUrl\":\"https:\/\/eldromedariorecords.com\/web\/wp-content\/uploads\/2016\/06\/fantasmas.jpg\",\"width\":1280,\"height\":720},{\"@type\":\"WebPage\",\"@id\":\"https:\/\/eldromedariorecords.com\/web\/ciclonautas-anuncian-nuevas-fechas-festivales-verano-presentan-nuevo-videoclip-directo-los-fantasmas-del-ocaso\/#webpage\",\"url\":\"https:\/\/eldromedariorecords.com\/web\/ciclonautas-anuncian-nuevas-fechas-festivales-verano-presentan-nuevo-videoclip-directo-los-fantasmas-del-ocaso\/\",\"name\":\"CICLONAUTAS anuncian nuevas fechas en festivales de verano y presentan su nuevo videoclip en directo, 'Los fantasmas del ocaso' - El Dromedario Records\",\"isPartOf\":{\"@id\":\"https:\/\/eldromedariorecords.com\/web\/#website\"},\"primaryImageOfPage\":{\"@id\":\"https:\/\/eldromedariorecords.com\/web\/ciclonautas-anuncian-nuevas-fechas-festivales-verano-presentan-nuevo-videoclip-directo-los-fantasmas-del-ocaso\/#primaryimage\"},\"datePublished\":\"2016-06-09T08:17:20+00:00\",\"dateModified\":\"2016-06-09T08:56:24+00:00\",\"description\":\"Ciclonautas anuncia nuevas fechas de festivales y lo hacen con nuevo videoclip 'Los fantasmas del ocaso', grabado en directo.\",\"breadcrumb\":{\"@id\":\"https:\/\/eldromedariorecords.com\/web\/ciclonautas-anuncian-nuevas-fechas-festivales-verano-presentan-nuevo-videoclip-directo-los-fantasmas-del-ocaso\/#breadcrumb\"},\"inLanguage\":\"es\",\"potentialAction\":[{\"@type\":\"ReadAction\",\"target\":[\"https:\/\/eldromedariorecords.com\/web\/ciclonautas-anuncian-nuevas-fechas-festivales-verano-presentan-nuevo-videoclip-directo-los-fantasmas-del-ocaso\/\"]}]},{\"@type\":\"BreadcrumbList\",\"@id\":\"https:\/\/eldromedariorecords.com\/web\/ciclonautas-anuncian-nuevas-fechas-festivales-verano-presentan-nuevo-videoclip-directo-los-fantasmas-del-ocaso\/#breadcrumb\",\"itemListElement\":[{\"@type\":\"ListItem\",\"position\":1,\"name\":\"Portada\",\"item\":\"https:\/\/eldromedariorecords.com\/web\/inicio\/\"},{\"@type\":\"ListItem\",\"position\":2,\"name\":\"CICLONAUTAS anuncian nuevas fechas en festivales de verano y presentan su nuevo videoclip en directo, &#8216;Los fantasmas del ocaso&#8217;\"}]},{\"@type\":\"Article\",\"@id\":\"https:\/\/eldromedariorecords.com\/web\/ciclonautas-anuncian-nuevas-fechas-festivales-verano-presentan-nuevo-videoclip-directo-los-fantasmas-del-ocaso\/#article\",\"isPartOf\":{\"@id\":\"https:\/\/eldromedariorecords.com\/web\/ciclonautas-anuncian-nuevas-fechas-festivales-verano-presentan-nuevo-videoclip-directo-los-fantasmas-del-ocaso\/#webpage\"},\"author\":{\"@id\":\"https:\/\/eldromedariorecords.com\/web\/#\/schema\/person\/71690da9dcd1ce3d7409664303024b87\"},\"headline\":\"CICLONAUTAS anuncian nuevas fechas en festivales de verano y presentan su nuevo videoclip en directo, &#8216;Los fantasmas del ocaso&#8217;\",\"datePublished\":\"2016-06-09T08:17:20+00:00\",\"dateModified\":\"2016-06-09T08:56:24+00:00\",\"mainEntityOfPage\":{\"@id\":\"https:\/\/eldromedariorecords.com\/web\/ciclonautas-anuncian-nuevas-fechas-festivales-verano-presentan-nuevo-videoclip-directo-los-fantasmas-del-ocaso\/#webpage\"},\"wordCount\":243,\"publisher\":{\"@id\":\"https:\/\/eldromedariorecords.com\/web\/#organization\"},\"image\":{\"@id\":\"https:\/\/eldromedariorecords.com\/web\/ciclonautas-anuncian-nuevas-fechas-festivales-verano-presentan-nuevo-videoclip-directo-los-fantasmas-del-ocaso\/#primaryimage\"},\"thumbnailUrl\":\"https:\/\/eldromedariorecords.com\/web\/wp-content\/uploads\/2016\/06\/fantasmas.jpg\",\"keywords\":[\"Ciclonautas\",\"festivales\",\"Gira\",\"Los fantasmas del ocaso\",\"Videoclip\"],\"articleSection\":[\"Ciclonautas\",\"Videoclip\"],\"inLanguage\":\"es\"},{\"@type\":\"Person\",\"@id\":\"https:\/\/eldromedariorecords.com\/web\/#\/schema\/person\/71690da9dcd1ce3d7409664303024b87\",\"name\":\"Iosu\",\"image\":{\"@type\":\"ImageObject\",\"@id\":\"https:\/\/eldromedariorecords.com\/web\/#personlogo\",\"inLanguage\":\"es\",\"url\":\"https:\/\/secure.gravatar.com\/avatar\/4225fb5a2e5d3e2effd3ee240c8f8d9d?s=96&d=mm&r=g\",\"contentUrl\":\"https:\/\/secure.gravatar.com\/avatar\/4225fb5a2e5d3e2effd3ee240c8f8d9d?s=96&d=mm&r=g\",\"caption\":\"Iosu\"}}]}<\/script>\n<!-- \/ Yoast SEO plugin. -->","_links":{"self":[{"href":"https:\/\/eldromedariorecords.com\/web\/wp-json\/wp\/v2\/posts\/2544"}],"collection":[{"href":"https:\/\/eldromedariorecords.com\/web\/wp-json\/wp\/v2\/posts"}],"about":[{"href":"https:\/\/eldromedariorecords.com\/web\/wp-json\/wp\/v2\/types\/post"}],"author":[{"embeddable":true,"href":"https:\/\/eldromedariorecords.com\/web\/wp-json\/wp\/v2\/users\/3"}],"replies":[{"embeddable":true,"href":"https:\/\/eldromedariorecords.com\/web\/wp-json\/wp\/v2\/comments?post=2544"}],"version-history":[{"count":0,"href":"https:\/\/eldromedariorecords.com\/web\/wp-json\/wp\/v2\/posts\/2544\/revisions"}],"wp:featuredmedia":[{"embeddable":true,"href":"https:\/\/eldromedariorecords.com\/web\/wp-json\/wp\/v2\/media\/2553"}],"wp:attachment":[{"href":"https:\/\/eldromedariorecords.com\/web\/wp-json\/wp\/v2\/media?parent=2544"}],"wp:term":[{"taxonomy":"category","embeddable":true,"href":"https:\/\/eldromedariorecords.com\/web\/wp-json\/wp\/v2\/categories?post=2544"},{"taxonomy":"post_tag","embeddable":true,"href":"https:\/\/eldromedariorecords.com\/web\/wp-json\/wp\/v2\/tags?post=2544"}],"curies":[{"name":"wp","href":"https:\/\/api.w.org\/{rel}","templated":true}]}}