{"id":18962,"date":"2023-03-28T12:10:56","date_gmt":"2023-03-28T10:10:56","guid":{"rendered":"https:\/\/eldromedariorecords.com\/web\/?p=18962"},"modified":"2023-03-29T12:52:24","modified_gmt":"2023-03-29T10:52:24","slug":"presentamos-que-empiece-el-baile-gira-2023-primeras-fechas-de-cobardes","status":"publish","type":"post","link":"https:\/\/eldromedariorecords.com\/web\/presentamos-que-empiece-el-baile-gira-2023-primeras-fechas-de-cobardes\/","title":{"rendered":"Presentamos &#8216;Que empiece el baile. Gira 2023&#8217;, primeras fechas de Cobardes"},"content":{"rendered":"\n<div class=\"wp-block-image\"><figure class=\"aligncenter size-large\"><img loading=\"lazy\" width=\"806\" height=\"1000\" src=\"https:\/\/eldromedariorecords.com\/web\/wp-content\/uploads\/2023\/03\/que-empiece-el-baile-2023.jpg\" alt=\"\" class=\"wp-image-18964\" srcset=\"https:\/\/eldromedariorecords.com\/web\/wp-content\/uploads\/2023\/03\/que-empiece-el-baile-2023.jpg 806w, https:\/\/eldromedariorecords.com\/web\/wp-content\/uploads\/2023\/03\/que-empiece-el-baile-2023-242x300.jpg 242w, https:\/\/eldromedariorecords.com\/web\/wp-content\/uploads\/2023\/03\/que-empiece-el-baile-2023-768x953.jpg 768w, https:\/\/eldromedariorecords.com\/web\/wp-content\/uploads\/2023\/03\/que-empiece-el-baile-2023-568x705.jpg 568w\" sizes=\"(max-width: 806px) 100vw, 806px\" \/><\/figure><\/div>\n\n\n\n<p>Ya tenemos primeras fechas para la presentaci\u00f3n de <em>Que empiece el baile<\/em>, pr\u00f3ximo disco de Cobardes. El trabajo ser\u00e1 publicado el 21 de abril por El Dromedario Records y <a href=\"https:\/\/tienda.eldromedariorecords.com\/pages\/cobardes\">su preventa ya est\u00e1 activa<\/a>. Que <em>empiece el baile. Gira 2023<\/em> se va a llevar al grupo a ciudades como Villarrobledo, Valencia, Bilbao, Madrid, Logro\u00f1o y Pamplona, estas dos \u00faltimas junto a Vuelo 505.<\/p>\n\n\n\n<p>Las entradas est\u00e1n desde hoy a la venta,con una oferta limitada de lanzamiento, en Bilbao, Madrid y Pamplona, de 8\u20ac. Esta oferta tan especial estar\u00e1 vigente hasta el domingo 2 de abril a las 23:59h. A partir de esa fecha el precio anticipada ser\u00e1 de 11\u20ac y de 14\u20ac en taquilla. Las entradas para Logro\u00f1o est\u00e1n a la venta en Musikaze a un precio anticipado de 12\u20ac y 16\u20ac en taquilla.<\/p>\n\n\n\n<p><\/p>\n\n\n\n<p><strong>QUE EMPIECE EL BAILE. GIRA 2023<\/strong><\/p>\n\n\n\n<p>1 de abril&nbsp;<a href=\"https:\/\/www.enterticket.es\/eventos\/iruna-fest-389668\">Iru\u00f1arock<\/a><\/p>\n\n\n\n<p>29 de abril&nbsp;<a href=\"https:\/\/www.vina-rock.com\/abonos\/\">Vi\u00f1a Rock<\/a><\/p>\n\n\n\n<p>6 de mayo\u00a0\u00a0Valencia\u00a0Sala Repvblicca (Entradas pr\u00f3ximamente)<\/p>\n\n\n\n<p>13 de mayo&nbsp;&nbsp;<a href=\"https:\/\/www.enterticket.es\/eventos\/cobardes-en-bilbao-499626\">Bilbao&nbsp;<\/a>&nbsp;Azkena<\/p>\n\n\n\n<p>20 de mayo&nbsp;&nbsp;<a href=\"https:\/\/www.enterticket.es\/eventos\/cobardes-en-madrid-449330\">Madrid&nbsp;<\/a>&nbsp;Sala La Caverna<\/p>\n\n\n\n<p>26 de mayo&nbsp;&nbsp;<a href=\"http:\/\/www.musikaze.net\/web\/?menu=138&amp;pagina=entradas&amp;item=43891&amp;siteID=vuelo505\">Logro\u00f1o&nbsp;<\/a>&nbsp;The Hangar (+ Vuelo 505)<\/p>\n\n\n\n<p>3 de junio&nbsp;&nbsp;<a href=\"https:\/\/www.enterticket.es\/eventos\/cobardes-en-pamplona-497495\">Pamplona&nbsp;<\/a>&nbsp;Sala T\u00f3tem<\/p>\n\n\n\n<p>Formados en 2016 como proyecto personal de Javier Janices \u2018Cordob\u00e9s\u2019; abanderados de una forma de hacer rock and roll ya referencial sostenida sobre su personal\u00edsima voz, podemos afirmar que Cobardes son la \u00faltima gran banda de rock urbano surgida en el estado, y una de las de mayor proyecci\u00f3n.<\/p>\n","protected":false},"excerpt":{"rendered":"<p>Ya tenemos primeras fechas para la presentaci\u00f3n de Que empiece el baile, pr\u00f3ximo disco de Cobardes. El trabajo ser\u00e1 publicado el 21 de abril por El Dromedario Records y su preventa ya est\u00e1 activa. Que empiece el baile. Gira 2023 se va a llevar al grupo a ciudades como Villarrobledo, Valencia, Bilbao, Madrid, Logro\u00f1o y [&hellip;]<\/p>\n","protected":false},"author":10,"featured_media":18964,"comment_status":"closed","ping_status":"open","sticky":false,"template":"","format":"standard","meta":[],"categories":[1095],"tags":[838,1504,1503],"yoast_head":"<!-- This site is optimized with the Yoast SEO plugin v16.5 - https:\/\/yoast.com\/wordpress\/plugins\/seo\/ -->\n<title>Presentamos &#039;Que empiece el baile. Gira 2023&#039;, primeras fechas de Cobardes - El Dromedario Records<\/title>\n<meta name=\"robots\" content=\"index, follow, max-snippet:-1, max-image-preview:large, max-video-preview:-1\" \/>\n<link rel=\"canonical\" href=\"https:\/\/eldromedariorecords.com\/web\/presentamos-que-empiece-el-baile-gira-2023-primeras-fechas-de-cobardes\/\" \/>\n<meta property=\"og:locale\" content=\"es_ES\" \/>\n<meta property=\"og:type\" content=\"article\" \/>\n<meta property=\"og:title\" content=\"Presentamos &#039;Que empiece el baile. Gira 2023&#039;, primeras fechas de Cobardes - El Dromedario Records\" \/>\n<meta property=\"og:description\" content=\"Ya tenemos primeras fechas para la presentaci\u00f3n de Que empiece el baile, pr\u00f3ximo disco de Cobardes. El trabajo ser\u00e1 publicado el 21 de abril por El Dromedario Records y su preventa ya est\u00e1 activa. Que empiece el baile. Gira 2023 se va a llevar al grupo a ciudades como Villarrobledo, Valencia, Bilbao, Madrid, Logro\u00f1o y [&hellip;]\" \/>\n<meta property=\"og:url\" content=\"https:\/\/eldromedariorecords.com\/web\/presentamos-que-empiece-el-baile-gira-2023-primeras-fechas-de-cobardes\/\" \/>\n<meta property=\"og:site_name\" content=\"El Dromedario Records\" \/>\n<meta property=\"article:published_time\" content=\"2023-03-28T10:10:56+00:00\" \/>\n<meta property=\"article:modified_time\" content=\"2023-03-29T10:52:24+00:00\" \/>\n<meta property=\"og:image\" content=\"https:\/\/eldromedariorecords.com\/web\/wp-content\/uploads\/2023\/03\/que-empiece-el-baile-2023.jpg\" \/>\n\t<meta property=\"og:image:width\" content=\"806\" \/>\n\t<meta property=\"og:image:height\" content=\"1000\" \/>\n<meta name=\"twitter:card\" content=\"summary\" \/>\n<meta name=\"twitter:label1\" content=\"Tiempo de lectura\" \/>\n\t<meta name=\"twitter:data1\" content=\"2 minutos\" \/>\n<script type=\"application\/ld+json\" class=\"yoast-schema-graph\">{\"@context\":\"https:\/\/schema.org\",\"@graph\":[{\"@type\":\"Organization\",\"@id\":\"https:\/\/eldromedariorecords.com\/web\/#organization\",\"name\":\"El Dromedario Records\",\"url\":\"https:\/\/eldromedariorecords.com\/web\/\",\"sameAs\":[],\"logo\":{\"@type\":\"ImageObject\",\"@id\":\"https:\/\/eldromedariorecords.com\/web\/#logo\",\"inLanguage\":\"es\",\"url\":\"https:\/\/eldromedariorecords.melboss.com\/web\/wp-content\/uploads\/2021\/06\/logo-dromedario-negro.png\",\"contentUrl\":\"https:\/\/eldromedariorecords.melboss.com\/web\/wp-content\/uploads\/2021\/06\/logo-dromedario-negro.png\",\"width\":800,\"height\":624,\"caption\":\"El Dromedario Records\"},\"image\":{\"@id\":\"https:\/\/eldromedariorecords.com\/web\/#logo\"}},{\"@type\":\"WebSite\",\"@id\":\"https:\/\/eldromedariorecords.com\/web\/#website\",\"url\":\"https:\/\/eldromedariorecords.com\/web\/\",\"name\":\"El Dromedario Records\",\"description\":\"Discogr\\u00e1fica El Dromedario Records\",\"publisher\":{\"@id\":\"https:\/\/eldromedariorecords.com\/web\/#organization\"},\"potentialAction\":[{\"@type\":\"SearchAction\",\"target\":\"https:\/\/eldromedariorecords.com\/web\/?s={search_term_string}\",\"query-input\":\"required name=search_term_string\"}],\"inLanguage\":\"es\"},{\"@type\":\"ImageObject\",\"@id\":\"https:\/\/eldromedariorecords.com\/web\/presentamos-que-empiece-el-baile-gira-2023-primeras-fechas-de-cobardes\/#primaryimage\",\"inLanguage\":\"es\",\"url\":\"https:\/\/eldromedariorecords.com\/web\/wp-content\/uploads\/2023\/03\/que-empiece-el-baile-2023.jpg\",\"contentUrl\":\"https:\/\/eldromedariorecords.com\/web\/wp-content\/uploads\/2023\/03\/que-empiece-el-baile-2023.jpg\",\"width\":806,\"height\":1000},{\"@type\":\"WebPage\",\"@id\":\"https:\/\/eldromedariorecords.com\/web\/presentamos-que-empiece-el-baile-gira-2023-primeras-fechas-de-cobardes\/#webpage\",\"url\":\"https:\/\/eldromedariorecords.com\/web\/presentamos-que-empiece-el-baile-gira-2023-primeras-fechas-de-cobardes\/\",\"name\":\"Presentamos 'Que empiece el baile. Gira 2023', primeras fechas de Cobardes - El Dromedario Records\",\"isPartOf\":{\"@id\":\"https:\/\/eldromedariorecords.com\/web\/#website\"},\"primaryImageOfPage\":{\"@id\":\"https:\/\/eldromedariorecords.com\/web\/presentamos-que-empiece-el-baile-gira-2023-primeras-fechas-de-cobardes\/#primaryimage\"},\"datePublished\":\"2023-03-28T10:10:56+00:00\",\"dateModified\":\"2023-03-29T10:52:24+00:00\",\"breadcrumb\":{\"@id\":\"https:\/\/eldromedariorecords.com\/web\/presentamos-que-empiece-el-baile-gira-2023-primeras-fechas-de-cobardes\/#breadcrumb\"},\"inLanguage\":\"es\",\"potentialAction\":[{\"@type\":\"ReadAction\",\"target\":[\"https:\/\/eldromedariorecords.com\/web\/presentamos-que-empiece-el-baile-gira-2023-primeras-fechas-de-cobardes\/\"]}]},{\"@type\":\"BreadcrumbList\",\"@id\":\"https:\/\/eldromedariorecords.com\/web\/presentamos-que-empiece-el-baile-gira-2023-primeras-fechas-de-cobardes\/#breadcrumb\",\"itemListElement\":[{\"@type\":\"ListItem\",\"position\":1,\"name\":\"Portada\",\"item\":\"https:\/\/eldromedariorecords.com\/web\/inicio\/\"},{\"@type\":\"ListItem\",\"position\":2,\"name\":\"Presentamos &#8216;Que empiece el baile. Gira 2023&#8217;, primeras fechas de Cobardes\"}]},{\"@type\":\"Article\",\"@id\":\"https:\/\/eldromedariorecords.com\/web\/presentamos-que-empiece-el-baile-gira-2023-primeras-fechas-de-cobardes\/#article\",\"isPartOf\":{\"@id\":\"https:\/\/eldromedariorecords.com\/web\/presentamos-que-empiece-el-baile-gira-2023-primeras-fechas-de-cobardes\/#webpage\"},\"author\":{\"@id\":\"https:\/\/eldromedariorecords.com\/web\/#\/schema\/person\/1804798da9a291c9fcd1e97b1adf7446\"},\"headline\":\"Presentamos &#8216;Que empiece el baile. Gira 2023&#8217;, primeras fechas de Cobardes\",\"datePublished\":\"2023-03-28T10:10:56+00:00\",\"dateModified\":\"2023-03-29T10:52:24+00:00\",\"mainEntityOfPage\":{\"@id\":\"https:\/\/eldromedariorecords.com\/web\/presentamos-que-empiece-el-baile-gira-2023-primeras-fechas-de-cobardes\/#webpage\"},\"wordCount\":257,\"publisher\":{\"@id\":\"https:\/\/eldromedariorecords.com\/web\/#organization\"},\"image\":{\"@id\":\"https:\/\/eldromedariorecords.com\/web\/presentamos-que-empiece-el-baile-gira-2023-primeras-fechas-de-cobardes\/#primaryimage\"},\"thumbnailUrl\":\"https:\/\/eldromedariorecords.com\/web\/wp-content\/uploads\/2023\/03\/que-empiece-el-baile-2023.jpg\",\"keywords\":[\"Cobardes\",\"gira 2023\",\"que empiece el baile\"],\"articleSection\":[\"Cobardes\"],\"inLanguage\":\"es\"},{\"@type\":\"Person\",\"@id\":\"https:\/\/eldromedariorecords.com\/web\/#\/schema\/person\/1804798da9a291c9fcd1e97b1adf7446\",\"name\":\"Gabri\",\"image\":{\"@type\":\"ImageObject\",\"@id\":\"https:\/\/eldromedariorecords.com\/web\/#personlogo\",\"inLanguage\":\"es\",\"url\":\"https:\/\/secure.gravatar.com\/avatar\/837409c97683bedfc8e1dd6d829bb3c1?s=96&d=mm&r=g\",\"contentUrl\":\"https:\/\/secure.gravatar.com\/avatar\/837409c97683bedfc8e1dd6d829bb3c1?s=96&d=mm&r=g\",\"caption\":\"Gabri\"}}]}<\/script>\n<!-- \/ Yoast SEO plugin. -->","_links":{"self":[{"href":"https:\/\/eldromedariorecords.com\/web\/wp-json\/wp\/v2\/posts\/18962"}],"collection":[{"href":"https:\/\/eldromedariorecords.com\/web\/wp-json\/wp\/v2\/posts"}],"about":[{"href":"https:\/\/eldromedariorecords.com\/web\/wp-json\/wp\/v2\/types\/post"}],"author":[{"embeddable":true,"href":"https:\/\/eldromedariorecords.com\/web\/wp-json\/wp\/v2\/users\/10"}],"replies":[{"embeddable":true,"href":"https:\/\/eldromedariorecords.com\/web\/wp-json\/wp\/v2\/comments?post=18962"}],"version-history":[{"count":16,"href":"https:\/\/eldromedariorecords.com\/web\/wp-json\/wp\/v2\/posts\/18962\/revisions"}],"predecessor-version":[{"id":19000,"href":"https:\/\/eldromedariorecords.com\/web\/wp-json\/wp\/v2\/posts\/18962\/revisions\/19000"}],"wp:featuredmedia":[{"embeddable":true,"href":"https:\/\/eldromedariorecords.com\/web\/wp-json\/wp\/v2\/media\/18964"}],"wp:attachment":[{"href":"https:\/\/eldromedariorecords.com\/web\/wp-json\/wp\/v2\/media?parent=18962"}],"wp:term":[{"taxonomy":"category","embeddable":true,"href":"https:\/\/eldromedariorecords.com\/web\/wp-json\/wp\/v2\/categories?post=18962"},{"taxonomy":"post_tag","embeddable":true,"href":"https:\/\/eldromedariorecords.com\/web\/wp-json\/wp\/v2\/tags?post=18962"}],"curies":[{"name":"wp","href":"https:\/\/api.w.org\/{rel}","templated":true}]}}