{"id":1854,"date":"2015-10-30T08:06:17","date_gmt":"2015-10-30T08:06:17","guid":{"rendered":"https:\/\/eldromedariorecords.com\/web\/?p=1854"},"modified":"2015-10-30T08:06:48","modified_gmt":"2015-10-30T08:06:48","slug":"y-rozar-contigo-nominado-a-los-premios-vevo","status":"publish","type":"post","link":"https:\/\/eldromedariorecords.com\/web\/y-rozar-contigo-nominado-a-los-premios-vevo\/","title":{"rendered":"&#8230;Y rozar contigo, nominado a los premios &#8216;VEVO&#8217;"},"content":{"rendered":"<p style=\"text-align: left;\"><em>\u2026Y rozar contigo,<\/em> videoclip extra\u00eddo de <em>Lo que aletea en nuestras cabezas,<\/em> nuevo\u00a0proyecto musical de Roberto Iniesta, ha sido <strong>nominado a los premios VEVO en la\u00a0categor\u00eda \u2018V\u00eddeo Emocional del A\u00f1o\u2019.<\/strong> El trabajo, dirigido por Alberto Evangelio,\u00a0contin\u00faa deparando alegr\u00edas. Para votar deber\u00e9is entrar <a href=\"http:\/\/www.vevo.com\/c\/ES\/ES\/yearinvevo\" target=\"_blank\">en este enlace;<\/a>\u00a0una vez dentro, pinchar en <em>\u201cTodas las\u00a0categor\u00edas\u201d,<\/em> y acto seguido, en la pesta\u00f1a <em>\u201cThe year in Vevo: m\u00e1s emocional\u201d.<\/em><\/p>\n","protected":false},"excerpt":{"rendered":"<p>\u2026Y rozar contigo, videoclip extra\u00eddo de Lo que aletea en nuestras cabezas, nuevo\u00a0proyecto musical de Roberto Iniesta, ha sido nominado a los premios VEVO en la\u00a0categor\u00eda \u2018V\u00eddeo Emocional del A\u00f1o\u2019. El trabajo, dirigido por Alberto Evangelio,\u00a0contin\u00faa deparando alegr\u00edas. Para votar deber\u00e9is entrar en este enlace;\u00a0una vez dentro, pinchar en \u201cTodas las\u00a0categor\u00edas\u201d, y acto seguido, en [&hellip;]<\/p>\n","protected":false},"author":3,"featured_media":1855,"comment_status":"closed","ping_status":"open","sticky":false,"template":"","format":"standard","meta":[],"categories":[14,45],"tags":[97,145,25,42,146,81,144,26,65,92,143],"yoast_head":"<!-- This site is optimized with the Yoast SEO plugin v16.5 - https:\/\/yoast.com\/wordpress\/plugins\/seo\/ -->\n<title>...Y rozar contigo, nominado a los premios &#039;VEVO&#039; - El Dromedario Records<\/title>\n<meta name=\"description\" content=\"\u2026Y rozar contigo, videoclip extra\u00eddo de Lo que aletea en nuestras cabezas, nuevo proyecto musical de Roberto Iniesta, ha sido nominado a los premios VEVO.\" \/>\n<meta name=\"robots\" content=\"index, follow, max-snippet:-1, max-image-preview:large, max-video-preview:-1\" \/>\n<link rel=\"canonical\" href=\"https:\/\/eldromedariorecords.com\/web\/y-rozar-contigo-nominado-a-los-premios-vevo\/\" \/>\n<meta property=\"og:locale\" content=\"es_ES\" \/>\n<meta property=\"og:type\" content=\"article\" \/>\n<meta property=\"og:title\" content=\"...Y rozar contigo, nominado a los premios &#039;VEVO&#039; - El Dromedario Records\" \/>\n<meta property=\"og:description\" content=\"\u2026Y rozar contigo, videoclip extra\u00eddo de Lo que aletea en nuestras cabezas, nuevo proyecto musical de Roberto Iniesta, ha sido nominado a los premios VEVO.\" \/>\n<meta property=\"og:url\" content=\"https:\/\/eldromedariorecords.com\/web\/y-rozar-contigo-nominado-a-los-premios-vevo\/\" \/>\n<meta property=\"og:site_name\" content=\"El Dromedario Records\" \/>\n<meta property=\"article:published_time\" content=\"2015-10-30T08:06:17+00:00\" \/>\n<meta property=\"article:modified_time\" content=\"2015-10-30T08:06:48+00:00\" \/>\n<meta property=\"og:image\" content=\"https:\/\/eldromedariorecords.melboss.com\/web\/wp-content\/uploads\/2015\/10\/year-vevo.jpg\" \/>\n\t<meta property=\"og:image:width\" content=\"1030\" \/>\n\t<meta property=\"og:image:height\" content=\"539\" \/>\n<meta name=\"twitter:card\" content=\"summary\" \/>\n<meta name=\"twitter:image\" content=\"https:\/\/eldromedariorecords.melboss.com\/web\/wp-content\/uploads\/2015\/10\/year-vevo.jpg\" \/>\n<script type=\"application\/ld+json\" class=\"yoast-schema-graph\">{\"@context\":\"https:\/\/schema.org\",\"@graph\":[{\"@type\":\"Organization\",\"@id\":\"https:\/\/eldromedariorecords.com\/web\/#organization\",\"name\":\"El Dromedario Records\",\"url\":\"https:\/\/eldromedariorecords.com\/web\/\",\"sameAs\":[],\"logo\":{\"@type\":\"ImageObject\",\"@id\":\"https:\/\/eldromedariorecords.com\/web\/#logo\",\"inLanguage\":\"es\",\"url\":\"https:\/\/eldromedariorecords.melboss.com\/web\/wp-content\/uploads\/2021\/06\/logo-dromedario-negro.png\",\"contentUrl\":\"https:\/\/eldromedariorecords.melboss.com\/web\/wp-content\/uploads\/2021\/06\/logo-dromedario-negro.png\",\"width\":800,\"height\":624,\"caption\":\"El Dromedario Records\"},\"image\":{\"@id\":\"https:\/\/eldromedariorecords.com\/web\/#logo\"}},{\"@type\":\"WebSite\",\"@id\":\"https:\/\/eldromedariorecords.com\/web\/#website\",\"url\":\"https:\/\/eldromedariorecords.com\/web\/\",\"name\":\"El Dromedario Records\",\"description\":\"Discogr\\u00e1fica El Dromedario Records\",\"publisher\":{\"@id\":\"https:\/\/eldromedariorecords.com\/web\/#organization\"},\"potentialAction\":[{\"@type\":\"SearchAction\",\"target\":\"https:\/\/eldromedariorecords.com\/web\/?s={search_term_string}\",\"query-input\":\"required name=search_term_string\"}],\"inLanguage\":\"es\"},{\"@type\":\"ImageObject\",\"@id\":\"https:\/\/eldromedariorecords.com\/web\/y-rozar-contigo-nominado-a-los-premios-vevo\/#primaryimage\",\"inLanguage\":\"es\",\"url\":\"https:\/\/eldromedariorecords.com\/web\/wp-content\/uploads\/2015\/10\/year-vevo.jpg\",\"contentUrl\":\"https:\/\/eldromedariorecords.com\/web\/wp-content\/uploads\/2015\/10\/year-vevo.jpg\",\"width\":1030,\"height\":539,\"caption\":\"Year in Vevo\"},{\"@type\":\"WebPage\",\"@id\":\"https:\/\/eldromedariorecords.com\/web\/y-rozar-contigo-nominado-a-los-premios-vevo\/#webpage\",\"url\":\"https:\/\/eldromedariorecords.com\/web\/y-rozar-contigo-nominado-a-los-premios-vevo\/\",\"name\":\"...Y rozar contigo, nominado a los premios 'VEVO' - El Dromedario Records\",\"isPartOf\":{\"@id\":\"https:\/\/eldromedariorecords.com\/web\/#website\"},\"primaryImageOfPage\":{\"@id\":\"https:\/\/eldromedariorecords.com\/web\/y-rozar-contigo-nominado-a-los-premios-vevo\/#primaryimage\"},\"datePublished\":\"2015-10-30T08:06:17+00:00\",\"dateModified\":\"2015-10-30T08:06:48+00:00\",\"description\":\"\\u2026Y rozar contigo, videoclip extra\\u00eddo de Lo que aletea en nuestras cabezas, nuevo proyecto musical de Roberto Iniesta, ha sido nominado a los premios VEVO.\",\"breadcrumb\":{\"@id\":\"https:\/\/eldromedariorecords.com\/web\/y-rozar-contigo-nominado-a-los-premios-vevo\/#breadcrumb\"},\"inLanguage\":\"es\",\"potentialAction\":[{\"@type\":\"ReadAction\",\"target\":[\"https:\/\/eldromedariorecords.com\/web\/y-rozar-contigo-nominado-a-los-premios-vevo\/\"]}]},{\"@type\":\"BreadcrumbList\",\"@id\":\"https:\/\/eldromedariorecords.com\/web\/y-rozar-contigo-nominado-a-los-premios-vevo\/#breadcrumb\",\"itemListElement\":[{\"@type\":\"ListItem\",\"position\":1,\"name\":\"Portada\",\"item\":\"https:\/\/eldromedariorecords.com\/web\/inicio\/\"},{\"@type\":\"ListItem\",\"position\":2,\"name\":\"&#8230;Y rozar contigo, nominado a los premios &#8216;VEVO&#8217;\"}]},{\"@type\":\"Article\",\"@id\":\"https:\/\/eldromedariorecords.com\/web\/y-rozar-contigo-nominado-a-los-premios-vevo\/#article\",\"isPartOf\":{\"@id\":\"https:\/\/eldromedariorecords.com\/web\/y-rozar-contigo-nominado-a-los-premios-vevo\/#webpage\"},\"author\":{\"@id\":\"https:\/\/eldromedariorecords.com\/web\/#\/schema\/person\/71690da9dcd1ce3d7409664303024b87\"},\"headline\":\"&#8230;Y rozar contigo, nominado a los premios &#8216;VEVO&#8217;\",\"datePublished\":\"2015-10-30T08:06:17+00:00\",\"dateModified\":\"2015-10-30T08:06:48+00:00\",\"mainEntityOfPage\":{\"@id\":\"https:\/\/eldromedariorecords.com\/web\/y-rozar-contigo-nominado-a-los-premios-vevo\/#webpage\"},\"wordCount\":86,\"publisher\":{\"@id\":\"https:\/\/eldromedariorecords.com\/web\/#organization\"},\"image\":{\"@id\":\"https:\/\/eldromedariorecords.com\/web\/y-rozar-contigo-nominado-a-los-premios-vevo\/#primaryimage\"},\"thumbnailUrl\":\"https:\/\/eldromedariorecords.com\/web\/wp-content\/uploads\/2015\/10\/year-vevo.jpg\",\"keywords\":[\"...Y rozar contigo\",\"Categor\\u00eda emocional\",\"Extremoduro\",\"Lo que aletea en nuestras cabezas\",\"mejor v\\u00eddeo\",\"Premios\",\"premios VEVO\",\"Robe\",\"Roberto Iniesta\",\"Rock en espa\\u00f1ol\",\"VEVO\"],\"articleSection\":[\"Robe\",\"Videoclip\"],\"inLanguage\":\"es\"},{\"@type\":\"Person\",\"@id\":\"https:\/\/eldromedariorecords.com\/web\/#\/schema\/person\/71690da9dcd1ce3d7409664303024b87\",\"name\":\"Iosu\",\"image\":{\"@type\":\"ImageObject\",\"@id\":\"https:\/\/eldromedariorecords.com\/web\/#personlogo\",\"inLanguage\":\"es\",\"url\":\"https:\/\/secure.gravatar.com\/avatar\/4225fb5a2e5d3e2effd3ee240c8f8d9d?s=96&d=mm&r=g\",\"contentUrl\":\"https:\/\/secure.gravatar.com\/avatar\/4225fb5a2e5d3e2effd3ee240c8f8d9d?s=96&d=mm&r=g\",\"caption\":\"Iosu\"}}]}<\/script>\n<!-- \/ Yoast SEO plugin. -->","_links":{"self":[{"href":"https:\/\/eldromedariorecords.com\/web\/wp-json\/wp\/v2\/posts\/1854"}],"collection":[{"href":"https:\/\/eldromedariorecords.com\/web\/wp-json\/wp\/v2\/posts"}],"about":[{"href":"https:\/\/eldromedariorecords.com\/web\/wp-json\/wp\/v2\/types\/post"}],"author":[{"embeddable":true,"href":"https:\/\/eldromedariorecords.com\/web\/wp-json\/wp\/v2\/users\/3"}],"replies":[{"embeddable":true,"href":"https:\/\/eldromedariorecords.com\/web\/wp-json\/wp\/v2\/comments?post=1854"}],"version-history":[{"count":0,"href":"https:\/\/eldromedariorecords.com\/web\/wp-json\/wp\/v2\/posts\/1854\/revisions"}],"wp:featuredmedia":[{"embeddable":true,"href":"https:\/\/eldromedariorecords.com\/web\/wp-json\/wp\/v2\/media\/1855"}],"wp:attachment":[{"href":"https:\/\/eldromedariorecords.com\/web\/wp-json\/wp\/v2\/media?parent=1854"}],"wp:term":[{"taxonomy":"category","embeddable":true,"href":"https:\/\/eldromedariorecords.com\/web\/wp-json\/wp\/v2\/categories?post=1854"},{"taxonomy":"post_tag","embeddable":true,"href":"https:\/\/eldromedariorecords.com\/web\/wp-json\/wp\/v2\/tags?post=1854"}],"curies":[{"name":"wp","href":"https:\/\/api.w.org\/{rel}","templated":true}]}}