{"id":1765,"date":"2015-10-01T16:17:42","date_gmt":"2015-10-01T16:17:42","guid":{"rendered":"https:\/\/eldromedariorecords.com\/web\/?p=1765"},"modified":"2015-10-01T16:17:42","modified_gmt":"2015-10-01T16:17:42","slug":"ciclonautas-en-el-estudio-grabacion-de-su-2o-disco","status":"publish","type":"post","link":"https:\/\/eldromedariorecords.com\/web\/ciclonautas-en-el-estudio-grabacion-de-su-2o-disco\/","title":{"rendered":"Ciclonautas en el estudio. Grabaci\u00f3n de su 2\u00ba disco"},"content":{"rendered":"<p style=\"text-align: left;\">Ayer mi\u00e9rcoles 30 de septiembre Rafael Escalada, en el programa <em>Oldie Motel<\/em> de <em>Rock FM<\/em>, hizo p\u00fablico que <strong>Ciclonautas<\/strong>\u00a0se encuentran en los estudios Aberin de Navarra grabando su 2\u00ba disco. El acontecimiento tiene lugar apenas a\u00f1o y medio despu\u00e9s de la publicaci\u00f3n de <em>Qu\u00e9 tal?,<\/em> su laureado primer \u00e1lbum.<\/p>\n<p style=\"text-align: left;\">I\u00f1aki Llarena ha sido nuevamente el elegido para afrontar las labores de grabaci\u00f3n, producci\u00f3n y mezclas del nuevo trabajo de <strong>Ciclonautas<\/strong>, banda revelaci\u00f3n de 2014 para la prensa especializada. La publicaci\u00f3n del mismo est\u00e1 prevista para finales de noviembre. Os mantendremos puntualmente informados de todo lo relativo a la grabaci\u00f3n y lanzamiento del disco: fuera de toda duda, uno de los m\u00e1s esperados de 2015.<\/p>\n","protected":false},"excerpt":{"rendered":"<p>Ayer mi\u00e9rcoles 30 de septiembre Rafael Escalada, en el programa Oldie Motel de Rock FM, hizo p\u00fablico que Ciclonautas\u00a0se encuentran en los estudios Aberin de Navarra grabando su 2\u00ba disco. El acontecimiento tiene lugar apenas a\u00f1o y medio despu\u00e9s de la publicaci\u00f3n de Qu\u00e9 tal?, su laureado primer \u00e1lbum. I\u00f1aki Llarena ha sido nuevamente el [&hellip;]<\/p>\n","protected":false},"author":3,"featured_media":1520,"comment_status":"closed","ping_status":"open","sticky":false,"template":"","format":"standard","meta":[],"categories":[35],"tags":[89,27,31,56,53,88,76,86,87],"yoast_head":"<!-- This site is optimized with the Yoast SEO plugin v16.5 - https:\/\/yoast.com\/wordpress\/plugins\/seo\/ -->\n<title>Ciclonautas en el estudio. Grabaci\u00f3n de su 2\u00ba disco - El Dromedario Records<\/title>\n<meta name=\"description\" content=\"Ciclonautas se encuentran en los estudios Aberin de Navarra grabando su 2\u00ba disco. Uno de los m\u00e1s esperados de 2015.\" \/>\n<meta name=\"robots\" content=\"index, follow, max-snippet:-1, max-image-preview:large, max-video-preview:-1\" \/>\n<link rel=\"canonical\" href=\"https:\/\/eldromedariorecords.com\/web\/ciclonautas-en-el-estudio-grabacion-de-su-2o-disco\/\" \/>\n<meta property=\"og:locale\" content=\"es_ES\" \/>\n<meta property=\"og:type\" content=\"article\" \/>\n<meta property=\"og:title\" content=\"Ciclonautas en el estudio. Grabaci\u00f3n de su 2\u00ba disco - El Dromedario Records\" \/>\n<meta property=\"og:description\" content=\"Ciclonautas se encuentran en los estudios Aberin de Navarra grabando su 2\u00ba disco. Uno de los m\u00e1s esperados de 2015.\" \/>\n<meta property=\"og:url\" content=\"https:\/\/eldromedariorecords.com\/web\/ciclonautas-en-el-estudio-grabacion-de-su-2o-disco\/\" \/>\n<meta property=\"og:site_name\" content=\"El Dromedario Records\" \/>\n<meta property=\"article:published_time\" content=\"2015-10-01T16:17:42+00:00\" \/>\n<meta property=\"og:image\" content=\"https:\/\/eldromedariorecords.melboss.com\/web\/wp-content\/uploads\/2015\/05\/ciclonautas-estudio.jpg\" \/>\n\t<meta property=\"og:image:width\" content=\"1306\" \/>\n\t<meta property=\"og:image:height\" content=\"545\" \/>\n<meta name=\"twitter:card\" content=\"summary\" \/>\n<meta name=\"twitter:image\" content=\"https:\/\/eldromedariorecords.melboss.com\/web\/wp-content\/uploads\/2015\/05\/ciclonautas-estudio.jpg\" \/>\n<meta name=\"twitter:label1\" content=\"Tiempo de lectura\" \/>\n\t<meta name=\"twitter:data1\" content=\"1 minuto\" \/>\n<script type=\"application\/ld+json\" class=\"yoast-schema-graph\">{\"@context\":\"https:\/\/schema.org\",\"@graph\":[{\"@type\":\"Organization\",\"@id\":\"https:\/\/eldromedariorecords.com\/web\/#organization\",\"name\":\"El Dromedario Records\",\"url\":\"https:\/\/eldromedariorecords.com\/web\/\",\"sameAs\":[],\"logo\":{\"@type\":\"ImageObject\",\"@id\":\"https:\/\/eldromedariorecords.com\/web\/#logo\",\"inLanguage\":\"es\",\"url\":\"https:\/\/eldromedariorecords.melboss.com\/web\/wp-content\/uploads\/2021\/06\/logo-dromedario-negro.png\",\"contentUrl\":\"https:\/\/eldromedariorecords.melboss.com\/web\/wp-content\/uploads\/2021\/06\/logo-dromedario-negro.png\",\"width\":800,\"height\":624,\"caption\":\"El Dromedario Records\"},\"image\":{\"@id\":\"https:\/\/eldromedariorecords.com\/web\/#logo\"}},{\"@type\":\"WebSite\",\"@id\":\"https:\/\/eldromedariorecords.com\/web\/#website\",\"url\":\"https:\/\/eldromedariorecords.com\/web\/\",\"name\":\"El Dromedario Records\",\"description\":\"Discogr\\u00e1fica El Dromedario Records\",\"publisher\":{\"@id\":\"https:\/\/eldromedariorecords.com\/web\/#organization\"},\"potentialAction\":[{\"@type\":\"SearchAction\",\"target\":\"https:\/\/eldromedariorecords.com\/web\/?s={search_term_string}\",\"query-input\":\"required name=search_term_string\"}],\"inLanguage\":\"es\"},{\"@type\":\"ImageObject\",\"@id\":\"https:\/\/eldromedariorecords.com\/web\/ciclonautas-en-el-estudio-grabacion-de-su-2o-disco\/#primaryimage\",\"inLanguage\":\"es\",\"url\":\"https:\/\/eldromedariorecords.com\/web\/wp-content\/uploads\/2015\/05\/ciclonautas-estudio.jpg\",\"contentUrl\":\"https:\/\/eldromedariorecords.com\/web\/wp-content\/uploads\/2015\/05\/ciclonautas-estudio.jpg\",\"width\":1306,\"height\":545,\"caption\":\"Ciclonautas. Rock en espa\\u00f1ol\"},{\"@type\":\"WebPage\",\"@id\":\"https:\/\/eldromedariorecords.com\/web\/ciclonautas-en-el-estudio-grabacion-de-su-2o-disco\/#webpage\",\"url\":\"https:\/\/eldromedariorecords.com\/web\/ciclonautas-en-el-estudio-grabacion-de-su-2o-disco\/\",\"name\":\"Ciclonautas en el estudio. Grabaci\\u00f3n de su 2\\u00ba disco - El Dromedario Records\",\"isPartOf\":{\"@id\":\"https:\/\/eldromedariorecords.com\/web\/#website\"},\"primaryImageOfPage\":{\"@id\":\"https:\/\/eldromedariorecords.com\/web\/ciclonautas-en-el-estudio-grabacion-de-su-2o-disco\/#primaryimage\"},\"datePublished\":\"2015-10-01T16:17:42+00:00\",\"dateModified\":\"2015-10-01T16:17:42+00:00\",\"description\":\"Ciclonautas se encuentran en los estudios Aberin de Navarra grabando su 2\\u00ba disco. Uno de los m\\u00e1s esperados de 2015.\",\"breadcrumb\":{\"@id\":\"https:\/\/eldromedariorecords.com\/web\/ciclonautas-en-el-estudio-grabacion-de-su-2o-disco\/#breadcrumb\"},\"inLanguage\":\"es\",\"potentialAction\":[{\"@type\":\"ReadAction\",\"target\":[\"https:\/\/eldromedariorecords.com\/web\/ciclonautas-en-el-estudio-grabacion-de-su-2o-disco\/\"]}]},{\"@type\":\"BreadcrumbList\",\"@id\":\"https:\/\/eldromedariorecords.com\/web\/ciclonautas-en-el-estudio-grabacion-de-su-2o-disco\/#breadcrumb\",\"itemListElement\":[{\"@type\":\"ListItem\",\"position\":1,\"name\":\"Portada\",\"item\":\"https:\/\/eldromedariorecords.com\/web\/inicio\/\"},{\"@type\":\"ListItem\",\"position\":2,\"name\":\"Ciclonautas en el estudio. Grabaci\\u00f3n de su 2\\u00ba disco\"}]},{\"@type\":\"Article\",\"@id\":\"https:\/\/eldromedariorecords.com\/web\/ciclonautas-en-el-estudio-grabacion-de-su-2o-disco\/#article\",\"isPartOf\":{\"@id\":\"https:\/\/eldromedariorecords.com\/web\/ciclonautas-en-el-estudio-grabacion-de-su-2o-disco\/#webpage\"},\"author\":{\"@id\":\"https:\/\/eldromedariorecords.com\/web\/#\/schema\/person\/71690da9dcd1ce3d7409664303024b87\"},\"headline\":\"Ciclonautas en el estudio. Grabaci\\u00f3n de su 2\\u00ba disco\",\"datePublished\":\"2015-10-01T16:17:42+00:00\",\"dateModified\":\"2015-10-01T16:17:42+00:00\",\"mainEntityOfPage\":{\"@id\":\"https:\/\/eldromedariorecords.com\/web\/ciclonautas-en-el-estudio-grabacion-de-su-2o-disco\/#webpage\"},\"wordCount\":132,\"publisher\":{\"@id\":\"https:\/\/eldromedariorecords.com\/web\/#organization\"},\"image\":{\"@id\":\"https:\/\/eldromedariorecords.com\/web\/ciclonautas-en-el-estudio-grabacion-de-su-2o-disco\/#primaryimage\"},\"thumbnailUrl\":\"https:\/\/eldromedariorecords.com\/web\/wp-content\/uploads\/2015\/05\/ciclonautas-estudio.jpg\",\"keywords\":[\"banda\",\"Ciclonautas\",\"Disco\",\"El Dromedario Records\",\"Lanzamiento\",\"mejor\",\"Rock\",\"segundo\",\"stoner\"],\"articleSection\":[\"Ciclonautas\"],\"inLanguage\":\"es\"},{\"@type\":\"Person\",\"@id\":\"https:\/\/eldromedariorecords.com\/web\/#\/schema\/person\/71690da9dcd1ce3d7409664303024b87\",\"name\":\"Iosu\",\"image\":{\"@type\":\"ImageObject\",\"@id\":\"https:\/\/eldromedariorecords.com\/web\/#personlogo\",\"inLanguage\":\"es\",\"url\":\"https:\/\/secure.gravatar.com\/avatar\/4225fb5a2e5d3e2effd3ee240c8f8d9d?s=96&d=mm&r=g\",\"contentUrl\":\"https:\/\/secure.gravatar.com\/avatar\/4225fb5a2e5d3e2effd3ee240c8f8d9d?s=96&d=mm&r=g\",\"caption\":\"Iosu\"}}]}<\/script>\n<!-- \/ Yoast SEO plugin. -->","_links":{"self":[{"href":"https:\/\/eldromedariorecords.com\/web\/wp-json\/wp\/v2\/posts\/1765"}],"collection":[{"href":"https:\/\/eldromedariorecords.com\/web\/wp-json\/wp\/v2\/posts"}],"about":[{"href":"https:\/\/eldromedariorecords.com\/web\/wp-json\/wp\/v2\/types\/post"}],"author":[{"embeddable":true,"href":"https:\/\/eldromedariorecords.com\/web\/wp-json\/wp\/v2\/users\/3"}],"replies":[{"embeddable":true,"href":"https:\/\/eldromedariorecords.com\/web\/wp-json\/wp\/v2\/comments?post=1765"}],"version-history":[{"count":0,"href":"https:\/\/eldromedariorecords.com\/web\/wp-json\/wp\/v2\/posts\/1765\/revisions"}],"wp:featuredmedia":[{"embeddable":true,"href":"https:\/\/eldromedariorecords.com\/web\/wp-json\/wp\/v2\/media\/1520"}],"wp:attachment":[{"href":"https:\/\/eldromedariorecords.com\/web\/wp-json\/wp\/v2\/media?parent=1765"}],"wp:term":[{"taxonomy":"category","embeddable":true,"href":"https:\/\/eldromedariorecords.com\/web\/wp-json\/wp\/v2\/categories?post=1765"},{"taxonomy":"post_tag","embeddable":true,"href":"https:\/\/eldromedariorecords.com\/web\/wp-json\/wp\/v2\/tags?post=1765"}],"curies":[{"name":"wp","href":"https:\/\/api.w.org\/{rel}","templated":true}]}}