{"id":15965,"date":"2022-11-08T12:07:05","date_gmt":"2022-11-08T11:07:05","guid":{"rendered":"https:\/\/eldromedariorecords.com\/web\/?p=15965"},"modified":"2022-11-08T12:07:09","modified_gmt":"2022-11-08T11:07:09","slug":"ciclonautas-pondra-fin-a-su-extensa-gira-el-proximo-16-de-diciembre-en-pamplona","status":"publish","type":"post","link":"https:\/\/eldromedariorecords.com\/web\/ciclonautas-pondra-fin-a-su-extensa-gira-el-proximo-16-de-diciembre-en-pamplona\/","title":{"rendered":"CICLONAUTAS pondr\u00e1 fin a su extensa gira el pr\u00f3ximo 16 de diciembre en Pamplona"},"content":{"rendered":"\n<figure class=\"wp-block-image size-large\"><a href=\"https:\/\/www.enterticket.es\/eventos\/ciclonautas-en-villava-fin-de-gira-820799?test=5ea369f715220fde0ba9f815faeab839\"><img loading=\"lazy\" width=\"1000\" height=\"1250\" src=\"https:\/\/eldromedariorecords.com\/web\/wp-content\/uploads\/2022\/11\/ciclonautas-fin-de-gira.jpg\" alt=\"\" class=\"wp-image-15967\" srcset=\"https:\/\/eldromedariorecords.com\/web\/wp-content\/uploads\/2022\/11\/ciclonautas-fin-de-gira.jpg 1000w, https:\/\/eldromedariorecords.com\/web\/wp-content\/uploads\/2022\/11\/ciclonautas-fin-de-gira-240x300.jpg 240w, https:\/\/eldromedariorecords.com\/web\/wp-content\/uploads\/2022\/11\/ciclonautas-fin-de-gira-768x960.jpg 768w, https:\/\/eldromedariorecords.com\/web\/wp-content\/uploads\/2022\/11\/ciclonautas-fin-de-gira-564x705.jpg 564w\" sizes=\"(max-width: 1000px) 100vw, 1000px\" \/><\/a><\/figure>\n\n\n\n<p>\u00abGirando el Hast\u00edo\u201d llega a su fin tras m\u00e1s de un a\u00f1o y medio ininterrumpido en la ruta, tiempo que ha llevado al tr\u00edo de rock por m\u00e1s de 60 escenarios de ambos lados del oc\u00e9ano. El lugar elegido para este \u00faltimo concierto ser\u00e1 la sala Totem de Villava (Navarra) el pr\u00f3ximo 16 de diciembre<a>.<\/a><\/p>\n\n\n\n<p>La banda quiere cerrar este ciclo de una manera especial y emotiva antes de hacer un par\u00f3n indefinido, siendo esto por lo que invita a todos que quieran hacerse presentes en la celebraci\u00f3n: no en vano muchas han sido las alegr\u00edas donde han presentado su \u00e1lbum \u201cCamping del hast\u00edo\u201d, disco que dio nombre a la gira.<\/p>\n\n\n\n<p>Para esta despedida habr\u00e1 sorpresas e invitados como la banda que abrir\u00e1 el show, Cobardes.<\/p>\n\n\n\n<p>Las entradas estar\u00e1n disponibles el martes 8 de noviembre a las 12:00 am en <a href=\"https:\/\/www.enterticket.es\/eventos\/ciclonautas-en-villava-fin-de-gira-820799?test=5ea369f715220fde0ba9f815faeab839\">este enlace.<\/a><\/p>\n\n\n\n<p>\u2018Girando el hast\u00edo\u2019 empez\u00f3 en primavera de 2021 en medio de las circunstancias socio-sanitarias por todos recordadas. Los aforos registrados en salas tan emblem\u00e1ticas como La Riviera de Madrid, Apolo de Barcelona, Santana 27 en Bilbao o Totem en Pamplona dieron fe de la valent\u00eda de los presentes.<\/p>\n\n\n\n<p>Tras semejante comienzo el tr\u00edo hispano-argentino se bati\u00f3 en verano en festivales como el Marble Music de Almer\u00eda, Las noches del Buesa (Vitoria\/Gasteiz), Las noches del Malec\u00f3n (Murcia), San Nicasio Rock de Legan\u00e9s o Cosqu\u00edn Rock Espa\u00f1a, celebrado en Fuengirola y que a la postre fue pasaporte directo al gran Cosqu\u00edn Rock Argentino.&nbsp;<\/p>\n\n\n\n<p>Despu\u00e9s de volver en oto\u00f1o de dicho 2021 a girar por salas, el tr\u00edo viaj\u00f3 a Argentina (donde se fragu\u00f3 \u2018Camping del hast\u00edo\u2019 antes de la pandemia), para meterse entre pecho y espalda nueve fechas entre el 1 y el 17 de diciembre. En febrero de 2022 se ver\u00edan requeridos de nuevo a cruzar el oc\u00e9ano para participar en festivales tan multitudinarios como Cosqu\u00edn Rock o Baradero Rock.<\/p>\n\n\n\n<p>Una vez de vuelta de allende los mares, la banda continu\u00f3 haciendo gala de sus galones sonoros explotando en dos frentes principalmente: en festivales como Vi\u00f1a-Rock, Alcal\u00e1 Suena, Hurac\u00e1n Fest, Rock Fest, Resurrection Fest, Cabo de Plata, Pirineos Sur, Sonorama, Caudal Fest, Extrem\u00fasika o Festardor (por citar las citas m\u00e1s importantes) o abriendo para Robe en ciudades como Illescas, Gand\u00eda, Teruel, Valladolid, Granada, Mairena del Aljarafe, Bilbao, Murcia y M\u00e1laga.&nbsp;<\/p>\n\n\n\n<p>\u00a1\u00a1El pr\u00f3ximo 16 de diciembre los esperamos para despedir la gira de Ciclonautas!!<\/p>\n","protected":false},"excerpt":{"rendered":"<p>\u00abGirando el Hast\u00edo\u201d llega a su fin tras m\u00e1s de un a\u00f1o y medio ininterrumpido en la ruta, tiempo que ha llevado al tr\u00edo de rock por m\u00e1s de 60 escenarios de ambos lados del oc\u00e9ano. El lugar elegido para este \u00faltimo concierto ser\u00e1 la sala Totem de Villava (Navarra) el pr\u00f3ximo 16 de diciembre. [&hellip;]<\/p>\n","protected":false},"author":10,"featured_media":15967,"comment_status":"closed","ping_status":"open","sticky":false,"template":"","format":"standard","meta":[],"categories":[35],"tags":[27],"yoast_head":"<!-- This site is optimized with the Yoast SEO plugin v16.5 - https:\/\/yoast.com\/wordpress\/plugins\/seo\/ -->\n<title>CICLONAUTAS pondr\u00e1 fin a su extensa gira el pr\u00f3ximo 16 de diciembre en Pamplona - El Dromedario Records<\/title>\n<meta name=\"robots\" content=\"index, follow, max-snippet:-1, max-image-preview:large, max-video-preview:-1\" \/>\n<link rel=\"canonical\" href=\"https:\/\/eldromedariorecords.com\/web\/ciclonautas-pondra-fin-a-su-extensa-gira-el-proximo-16-de-diciembre-en-pamplona\/\" \/>\n<meta property=\"og:locale\" content=\"es_ES\" \/>\n<meta property=\"og:type\" content=\"article\" \/>\n<meta property=\"og:title\" content=\"CICLONAUTAS pondr\u00e1 fin a su extensa gira el pr\u00f3ximo 16 de diciembre en Pamplona - El Dromedario Records\" \/>\n<meta property=\"og:description\" content=\"\u00abGirando el Hast\u00edo\u201d llega a su fin tras m\u00e1s de un a\u00f1o y medio ininterrumpido en la ruta, tiempo que ha llevado al tr\u00edo de rock por m\u00e1s de 60 escenarios de ambos lados del oc\u00e9ano. El lugar elegido para este \u00faltimo concierto ser\u00e1 la sala Totem de Villava (Navarra) el pr\u00f3ximo 16 de diciembre. [&hellip;]\" \/>\n<meta property=\"og:url\" content=\"https:\/\/eldromedariorecords.com\/web\/ciclonautas-pondra-fin-a-su-extensa-gira-el-proximo-16-de-diciembre-en-pamplona\/\" \/>\n<meta property=\"og:site_name\" content=\"El Dromedario Records\" \/>\n<meta property=\"article:published_time\" content=\"2022-11-08T11:07:05+00:00\" \/>\n<meta property=\"article:modified_time\" content=\"2022-11-08T11:07:09+00:00\" \/>\n<meta property=\"og:image\" content=\"https:\/\/eldromedariorecords.com\/web\/wp-content\/uploads\/2022\/11\/ciclonautas-fin-de-gira.jpg\" \/>\n\t<meta property=\"og:image:width\" content=\"1000\" \/>\n\t<meta property=\"og:image:height\" content=\"1250\" \/>\n<meta name=\"twitter:card\" content=\"summary\" \/>\n<meta name=\"twitter:label1\" content=\"Tiempo de lectura\" \/>\n\t<meta name=\"twitter:data1\" content=\"2 minutos\" \/>\n<script type=\"application\/ld+json\" class=\"yoast-schema-graph\">{\"@context\":\"https:\/\/schema.org\",\"@graph\":[{\"@type\":\"Organization\",\"@id\":\"https:\/\/eldromedariorecords.com\/web\/#organization\",\"name\":\"El Dromedario Records\",\"url\":\"https:\/\/eldromedariorecords.com\/web\/\",\"sameAs\":[],\"logo\":{\"@type\":\"ImageObject\",\"@id\":\"https:\/\/eldromedariorecords.com\/web\/#logo\",\"inLanguage\":\"es\",\"url\":\"https:\/\/eldromedariorecords.melboss.com\/web\/wp-content\/uploads\/2021\/06\/logo-dromedario-negro.png\",\"contentUrl\":\"https:\/\/eldromedariorecords.melboss.com\/web\/wp-content\/uploads\/2021\/06\/logo-dromedario-negro.png\",\"width\":800,\"height\":624,\"caption\":\"El Dromedario Records\"},\"image\":{\"@id\":\"https:\/\/eldromedariorecords.com\/web\/#logo\"}},{\"@type\":\"WebSite\",\"@id\":\"https:\/\/eldromedariorecords.com\/web\/#website\",\"url\":\"https:\/\/eldromedariorecords.com\/web\/\",\"name\":\"El Dromedario Records\",\"description\":\"Discogr\\u00e1fica El Dromedario Records\",\"publisher\":{\"@id\":\"https:\/\/eldromedariorecords.com\/web\/#organization\"},\"potentialAction\":[{\"@type\":\"SearchAction\",\"target\":\"https:\/\/eldromedariorecords.com\/web\/?s={search_term_string}\",\"query-input\":\"required name=search_term_string\"}],\"inLanguage\":\"es\"},{\"@type\":\"ImageObject\",\"@id\":\"https:\/\/eldromedariorecords.com\/web\/ciclonautas-pondra-fin-a-su-extensa-gira-el-proximo-16-de-diciembre-en-pamplona\/#primaryimage\",\"inLanguage\":\"es\",\"url\":\"https:\/\/eldromedariorecords.com\/web\/wp-content\/uploads\/2022\/11\/ciclonautas-fin-de-gira.jpg\",\"contentUrl\":\"https:\/\/eldromedariorecords.com\/web\/wp-content\/uploads\/2022\/11\/ciclonautas-fin-de-gira.jpg\",\"width\":1000,\"height\":1250},{\"@type\":\"WebPage\",\"@id\":\"https:\/\/eldromedariorecords.com\/web\/ciclonautas-pondra-fin-a-su-extensa-gira-el-proximo-16-de-diciembre-en-pamplona\/#webpage\",\"url\":\"https:\/\/eldromedariorecords.com\/web\/ciclonautas-pondra-fin-a-su-extensa-gira-el-proximo-16-de-diciembre-en-pamplona\/\",\"name\":\"CICLONAUTAS pondr\\u00e1 fin a su extensa gira el pr\\u00f3ximo 16 de diciembre en Pamplona - El Dromedario Records\",\"isPartOf\":{\"@id\":\"https:\/\/eldromedariorecords.com\/web\/#website\"},\"primaryImageOfPage\":{\"@id\":\"https:\/\/eldromedariorecords.com\/web\/ciclonautas-pondra-fin-a-su-extensa-gira-el-proximo-16-de-diciembre-en-pamplona\/#primaryimage\"},\"datePublished\":\"2022-11-08T11:07:05+00:00\",\"dateModified\":\"2022-11-08T11:07:09+00:00\",\"breadcrumb\":{\"@id\":\"https:\/\/eldromedariorecords.com\/web\/ciclonautas-pondra-fin-a-su-extensa-gira-el-proximo-16-de-diciembre-en-pamplona\/#breadcrumb\"},\"inLanguage\":\"es\",\"potentialAction\":[{\"@type\":\"ReadAction\",\"target\":[\"https:\/\/eldromedariorecords.com\/web\/ciclonautas-pondra-fin-a-su-extensa-gira-el-proximo-16-de-diciembre-en-pamplona\/\"]}]},{\"@type\":\"BreadcrumbList\",\"@id\":\"https:\/\/eldromedariorecords.com\/web\/ciclonautas-pondra-fin-a-su-extensa-gira-el-proximo-16-de-diciembre-en-pamplona\/#breadcrumb\",\"itemListElement\":[{\"@type\":\"ListItem\",\"position\":1,\"name\":\"Portada\",\"item\":\"https:\/\/eldromedariorecords.com\/web\/inicio\/\"},{\"@type\":\"ListItem\",\"position\":2,\"name\":\"CICLONAUTAS pondr\\u00e1 fin a su extensa gira el pr\\u00f3ximo 16 de diciembre en Pamplona\"}]},{\"@type\":\"Article\",\"@id\":\"https:\/\/eldromedariorecords.com\/web\/ciclonautas-pondra-fin-a-su-extensa-gira-el-proximo-16-de-diciembre-en-pamplona\/#article\",\"isPartOf\":{\"@id\":\"https:\/\/eldromedariorecords.com\/web\/ciclonautas-pondra-fin-a-su-extensa-gira-el-proximo-16-de-diciembre-en-pamplona\/#webpage\"},\"author\":{\"@id\":\"https:\/\/eldromedariorecords.com\/web\/#\/schema\/person\/1804798da9a291c9fcd1e97b1adf7446\"},\"headline\":\"CICLONAUTAS pondr\\u00e1 fin a su extensa gira el pr\\u00f3ximo 16 de diciembre en Pamplona\",\"datePublished\":\"2022-11-08T11:07:05+00:00\",\"dateModified\":\"2022-11-08T11:07:09+00:00\",\"mainEntityOfPage\":{\"@id\":\"https:\/\/eldromedariorecords.com\/web\/ciclonautas-pondra-fin-a-su-extensa-gira-el-proximo-16-de-diciembre-en-pamplona\/#webpage\"},\"wordCount\":436,\"publisher\":{\"@id\":\"https:\/\/eldromedariorecords.com\/web\/#organization\"},\"image\":{\"@id\":\"https:\/\/eldromedariorecords.com\/web\/ciclonautas-pondra-fin-a-su-extensa-gira-el-proximo-16-de-diciembre-en-pamplona\/#primaryimage\"},\"thumbnailUrl\":\"https:\/\/eldromedariorecords.com\/web\/wp-content\/uploads\/2022\/11\/ciclonautas-fin-de-gira.jpg\",\"keywords\":[\"Ciclonautas\"],\"articleSection\":[\"Ciclonautas\"],\"inLanguage\":\"es\"},{\"@type\":\"Person\",\"@id\":\"https:\/\/eldromedariorecords.com\/web\/#\/schema\/person\/1804798da9a291c9fcd1e97b1adf7446\",\"name\":\"Gabri\",\"image\":{\"@type\":\"ImageObject\",\"@id\":\"https:\/\/eldromedariorecords.com\/web\/#personlogo\",\"inLanguage\":\"es\",\"url\":\"https:\/\/secure.gravatar.com\/avatar\/837409c97683bedfc8e1dd6d829bb3c1?s=96&d=mm&r=g\",\"contentUrl\":\"https:\/\/secure.gravatar.com\/avatar\/837409c97683bedfc8e1dd6d829bb3c1?s=96&d=mm&r=g\",\"caption\":\"Gabri\"}}]}<\/script>\n<!-- \/ Yoast SEO plugin. -->","_links":{"self":[{"href":"https:\/\/eldromedariorecords.com\/web\/wp-json\/wp\/v2\/posts\/15965"}],"collection":[{"href":"https:\/\/eldromedariorecords.com\/web\/wp-json\/wp\/v2\/posts"}],"about":[{"href":"https:\/\/eldromedariorecords.com\/web\/wp-json\/wp\/v2\/types\/post"}],"author":[{"embeddable":true,"href":"https:\/\/eldromedariorecords.com\/web\/wp-json\/wp\/v2\/users\/10"}],"replies":[{"embeddable":true,"href":"https:\/\/eldromedariorecords.com\/web\/wp-json\/wp\/v2\/comments?post=15965"}],"version-history":[{"count":4,"href":"https:\/\/eldromedariorecords.com\/web\/wp-json\/wp\/v2\/posts\/15965\/revisions"}],"predecessor-version":[{"id":15970,"href":"https:\/\/eldromedariorecords.com\/web\/wp-json\/wp\/v2\/posts\/15965\/revisions\/15970"}],"wp:featuredmedia":[{"embeddable":true,"href":"https:\/\/eldromedariorecords.com\/web\/wp-json\/wp\/v2\/media\/15967"}],"wp:attachment":[{"href":"https:\/\/eldromedariorecords.com\/web\/wp-json\/wp\/v2\/media?parent=15965"}],"wp:term":[{"taxonomy":"category","embeddable":true,"href":"https:\/\/eldromedariorecords.com\/web\/wp-json\/wp\/v2\/categories?post=15965"},{"taxonomy":"post_tag","embeddable":true,"href":"https:\/\/eldromedariorecords.com\/web\/wp-json\/wp\/v2\/tags?post=15965"}],"curies":[{"name":"wp","href":"https:\/\/api.w.org\/{rel}","templated":true}]}}