{"id":14275,"date":"2022-08-02T12:43:54","date_gmt":"2022-08-02T10:43:54","guid":{"rendered":"https:\/\/eldromedariorecords.com\/web\/?p=14275"},"modified":"2022-08-02T12:43:57","modified_gmt":"2022-08-02T10:43:57","slug":"nuevas-fechas-de-sober-con-especial-fin-de-gira-en-madrid-entradas-ya-a-la-venta","status":"publish","type":"post","link":"https:\/\/eldromedariorecords.com\/web\/nuevas-fechas-de-sober-con-especial-fin-de-gira-en-madrid-entradas-ya-a-la-venta\/","title":{"rendered":"Nuevas fechas de S\u00f4ber con especial fin de gira en Madrid: entradas ya a la venta"},"content":{"rendered":"\n<div class=\"wp-block-image\"><figure class=\"aligncenter size-large\"><img loading=\"lazy\" width=\"1200\" height=\"1500\" src=\"https:\/\/eldromedariorecords.com\/web\/wp-content\/uploads\/2022\/08\/sober-cartel-parte2-ENTRADAS-VENTA-1200x1500.jpg\" alt=\"\" class=\"wp-image-14274\" srcset=\"https:\/\/eldromedariorecords.com\/web\/wp-content\/uploads\/2022\/08\/sober-cartel-parte2-ENTRADAS-VENTA-1200x1500.jpg 1200w, https:\/\/eldromedariorecords.com\/web\/wp-content\/uploads\/2022\/08\/sober-cartel-parte2-ENTRADAS-VENTA-240x300.jpg 240w, https:\/\/eldromedariorecords.com\/web\/wp-content\/uploads\/2022\/08\/sober-cartel-parte2-ENTRADAS-VENTA-768x960.jpg 768w, https:\/\/eldromedariorecords.com\/web\/wp-content\/uploads\/2022\/08\/sober-cartel-parte2-ENTRADAS-VENTA-1229x1536.jpg 1229w, https:\/\/eldromedariorecords.com\/web\/wp-content\/uploads\/2022\/08\/sober-cartel-parte2-ENTRADAS-VENTA-564x705.jpg 564w, https:\/\/eldromedariorecords.com\/web\/wp-content\/uploads\/2022\/08\/sober-cartel-parte2-ENTRADAS-VENTA.jpg 1500w\" sizes=\"(max-width: 1200px) 100vw, 1200px\" \/><\/figure><\/div>\n\n\n\n<p><a href=\"https:\/\/www.enterticket.es\/?busqueda=s%C3%B4ber\">Ya est\u00e1n a la venta las entradas <\/a>para la segunda parte de\u00a0<em>Eleg\u00eda Tour 2022<\/em>\u00a0de presentaci\u00f3n de\u00a0<em>Eleg\u00eda<\/em>, \u00faltimo disco de estudio de S\u00f4ber. La presente gira de salas se retomar\u00e1 el 8 de octubre en Escenario Santander, y concluir\u00e1 con <a href=\"https:\/\/www.enterticket.es\/eventos\/sober-en-madrid-237657\">dos fechas consecutivas en la sala La Paqui <\/a>(antigua But) de Madrid, los d\u00edas 20 y 21 de enero de 2023.\u00a0<\/p>\n\n\n\n<div class=\"wp-block-image\"><figure class=\"aligncenter size-large\"><img loading=\"lazy\" width=\"1200\" height=\"1500\" src=\"https:\/\/eldromedariorecords.com\/web\/wp-content\/uploads\/2022\/08\/sober-cartel-morfoelegia-MADRID-1200x1500.jpg\" alt=\"\" class=\"wp-image-14273\" srcset=\"https:\/\/eldromedariorecords.com\/web\/wp-content\/uploads\/2022\/08\/sober-cartel-morfoelegia-MADRID-1200x1500.jpg 1200w, https:\/\/eldromedariorecords.com\/web\/wp-content\/uploads\/2022\/08\/sober-cartel-morfoelegia-MADRID-240x300.jpg 240w, https:\/\/eldromedariorecords.com\/web\/wp-content\/uploads\/2022\/08\/sober-cartel-morfoelegia-MADRID-768x960.jpg 768w, https:\/\/eldromedariorecords.com\/web\/wp-content\/uploads\/2022\/08\/sober-cartel-morfoelegia-MADRID-1229x1536.jpg 1229w, https:\/\/eldromedariorecords.com\/web\/wp-content\/uploads\/2022\/08\/sober-cartel-morfoelegia-MADRID-564x705.jpg 564w, https:\/\/eldromedariorecords.com\/web\/wp-content\/uploads\/2022\/08\/sober-cartel-morfoelegia-MADRID.jpg 1500w\" sizes=\"(max-width: 1200px) 100vw, 1200px\" \/><\/figure><\/div>\n\n\n\n<p>En estas dos \u00faltimas citas, programadas bajo el nombre de \u2018<strong>MORFOELEG\u00cdA<\/strong>\u2019, la hist\u00f3rica formaci\u00f3n contar\u00e1 con invitados especiales y ofrecer\u00e1 dos repertorios diferentes, erigidos sobre canciones que recorrer\u00e1n toda su trayectoria partiendo del primer disco,\u00a0<em>Morfolog\u00eda<\/em>, hasta desembocar en el \u00faltimo,<em>\u00a0Eleg\u00eda<\/em>. Las entradas para estas fechas pueden adquirirse por 29 euros + gastos de gesti\u00f3n por d\u00eda o 49 + g,g para los dos d\u00edas. Adem\u00e1s tambi\u00e9n puede adquirirse una entrada VIP para ambas jornadas con Meet &amp; greet, camiseta y pack de p\u00faas por 99 euros + g.g.<em>Eleg\u00eda<\/em>\u00a0fue\u00a0publicado en junio de 2021 por El Dromedario Records, entrando directamente en el n\u00famero 2 de las listas de ventas.\u00a0Con motivo de la presentaci\u00f3n de estas nuevas fechas se lanz\u00f3 un v\u00eddeo-movie del tema \u2018La noche m\u00e1s larga\u2019, nuevo single del \u00e1lbum y protagonista de uno de los momentos m\u00e1s emocionales y emotivos del disco.\u00a0<\/p>\n","protected":false},"excerpt":{"rendered":"<p>Ya est\u00e1n a la venta las entradas para la segunda parte de\u00a0Eleg\u00eda Tour 2022\u00a0de presentaci\u00f3n de\u00a0Eleg\u00eda, \u00faltimo disco de estudio de S\u00f4ber. La presente gira de salas se retomar\u00e1 el 8 de octubre en Escenario Santander, y concluir\u00e1 con dos fechas consecutivas en la sala La Paqui (antigua But) de Madrid, los d\u00edas 20 y [&hellip;]<\/p>\n","protected":false},"author":3,"featured_media":14273,"comment_status":"closed","ping_status":"open","sticky":false,"template":"","format":"standard","meta":[],"categories":[672,659],"tags":[187,1470,195,1473,925],"yoast_head":"<!-- This site is optimized with the Yoast SEO plugin v16.5 - https:\/\/yoast.com\/wordpress\/plugins\/seo\/ -->\n<title>Nuevas fechas de S\u00f4ber con especial fin de gira en Madrid: entradas ya a la venta - El Dromedario Records<\/title>\n<meta name=\"robots\" content=\"index, follow, max-snippet:-1, max-image-preview:large, max-video-preview:-1\" \/>\n<link rel=\"canonical\" href=\"https:\/\/eldromedariorecords.com\/web\/nuevas-fechas-de-sober-con-especial-fin-de-gira-en-madrid-entradas-ya-a-la-venta\/\" \/>\n<meta property=\"og:locale\" content=\"es_ES\" \/>\n<meta property=\"og:type\" content=\"article\" \/>\n<meta property=\"og:title\" content=\"Nuevas fechas de S\u00f4ber con especial fin de gira en Madrid: entradas ya a la venta - El Dromedario Records\" \/>\n<meta property=\"og:description\" content=\"Ya est\u00e1n a la venta las entradas para la segunda parte de\u00a0Eleg\u00eda Tour 2022\u00a0de presentaci\u00f3n de\u00a0Eleg\u00eda, \u00faltimo disco de estudio de S\u00f4ber. La presente gira de salas se retomar\u00e1 el 8 de octubre en Escenario Santander, y concluir\u00e1 con dos fechas consecutivas en la sala La Paqui (antigua But) de Madrid, los d\u00edas 20 y [&hellip;]\" \/>\n<meta property=\"og:url\" content=\"https:\/\/eldromedariorecords.com\/web\/nuevas-fechas-de-sober-con-especial-fin-de-gira-en-madrid-entradas-ya-a-la-venta\/\" \/>\n<meta property=\"og:site_name\" content=\"El Dromedario Records\" \/>\n<meta property=\"article:published_time\" content=\"2022-08-02T10:43:54+00:00\" \/>\n<meta property=\"article:modified_time\" content=\"2022-08-02T10:43:57+00:00\" \/>\n<meta property=\"og:image\" content=\"https:\/\/eldromedariorecords.com\/web\/wp-content\/uploads\/2022\/08\/sober-cartel-morfoelegia-MADRID.jpg\" \/>\n\t<meta property=\"og:image:width\" content=\"1500\" \/>\n\t<meta property=\"og:image:height\" content=\"1875\" \/>\n<meta name=\"twitter:card\" content=\"summary\" \/>\n<meta name=\"twitter:label1\" content=\"Tiempo de lectura\" \/>\n\t<meta name=\"twitter:data1\" content=\"2 minutos\" \/>\n<script type=\"application\/ld+json\" class=\"yoast-schema-graph\">{\"@context\":\"https:\/\/schema.org\",\"@graph\":[{\"@type\":\"Organization\",\"@id\":\"https:\/\/eldromedariorecords.com\/web\/#organization\",\"name\":\"El Dromedario Records\",\"url\":\"https:\/\/eldromedariorecords.com\/web\/\",\"sameAs\":[],\"logo\":{\"@type\":\"ImageObject\",\"@id\":\"https:\/\/eldromedariorecords.com\/web\/#logo\",\"inLanguage\":\"es\",\"url\":\"https:\/\/eldromedariorecords.melboss.com\/web\/wp-content\/uploads\/2021\/06\/logo-dromedario-negro.png\",\"contentUrl\":\"https:\/\/eldromedariorecords.melboss.com\/web\/wp-content\/uploads\/2021\/06\/logo-dromedario-negro.png\",\"width\":800,\"height\":624,\"caption\":\"El Dromedario Records\"},\"image\":{\"@id\":\"https:\/\/eldromedariorecords.com\/web\/#logo\"}},{\"@type\":\"WebSite\",\"@id\":\"https:\/\/eldromedariorecords.com\/web\/#website\",\"url\":\"https:\/\/eldromedariorecords.com\/web\/\",\"name\":\"El Dromedario Records\",\"description\":\"Discogr\\u00e1fica El Dromedario Records\",\"publisher\":{\"@id\":\"https:\/\/eldromedariorecords.com\/web\/#organization\"},\"potentialAction\":[{\"@type\":\"SearchAction\",\"target\":\"https:\/\/eldromedariorecords.com\/web\/?s={search_term_string}\",\"query-input\":\"required name=search_term_string\"}],\"inLanguage\":\"es\"},{\"@type\":\"ImageObject\",\"@id\":\"https:\/\/eldromedariorecords.com\/web\/nuevas-fechas-de-sober-con-especial-fin-de-gira-en-madrid-entradas-ya-a-la-venta\/#primaryimage\",\"inLanguage\":\"es\",\"url\":\"https:\/\/eldromedariorecords.com\/web\/wp-content\/uploads\/2022\/08\/sober-cartel-morfoelegia-MADRID.jpg\",\"contentUrl\":\"https:\/\/eldromedariorecords.com\/web\/wp-content\/uploads\/2022\/08\/sober-cartel-morfoelegia-MADRID.jpg\",\"width\":1500,\"height\":1875},{\"@type\":\"WebPage\",\"@id\":\"https:\/\/eldromedariorecords.com\/web\/nuevas-fechas-de-sober-con-especial-fin-de-gira-en-madrid-entradas-ya-a-la-venta\/#webpage\",\"url\":\"https:\/\/eldromedariorecords.com\/web\/nuevas-fechas-de-sober-con-especial-fin-de-gira-en-madrid-entradas-ya-a-la-venta\/\",\"name\":\"Nuevas fechas de S\\u00f4ber con especial fin de gira en Madrid: entradas ya a la venta - El Dromedario Records\",\"isPartOf\":{\"@id\":\"https:\/\/eldromedariorecords.com\/web\/#website\"},\"primaryImageOfPage\":{\"@id\":\"https:\/\/eldromedariorecords.com\/web\/nuevas-fechas-de-sober-con-especial-fin-de-gira-en-madrid-entradas-ya-a-la-venta\/#primaryimage\"},\"datePublished\":\"2022-08-02T10:43:54+00:00\",\"dateModified\":\"2022-08-02T10:43:57+00:00\",\"breadcrumb\":{\"@id\":\"https:\/\/eldromedariorecords.com\/web\/nuevas-fechas-de-sober-con-especial-fin-de-gira-en-madrid-entradas-ya-a-la-venta\/#breadcrumb\"},\"inLanguage\":\"es\",\"potentialAction\":[{\"@type\":\"ReadAction\",\"target\":[\"https:\/\/eldromedariorecords.com\/web\/nuevas-fechas-de-sober-con-especial-fin-de-gira-en-madrid-entradas-ya-a-la-venta\/\"]}]},{\"@type\":\"BreadcrumbList\",\"@id\":\"https:\/\/eldromedariorecords.com\/web\/nuevas-fechas-de-sober-con-especial-fin-de-gira-en-madrid-entradas-ya-a-la-venta\/#breadcrumb\",\"itemListElement\":[{\"@type\":\"ListItem\",\"position\":1,\"name\":\"Portada\",\"item\":\"https:\/\/eldromedariorecords.com\/web\/inicio\/\"},{\"@type\":\"ListItem\",\"position\":2,\"name\":\"Nuevas fechas de S\\u00f4ber con especial fin de gira en Madrid: entradas ya a la venta\"}]},{\"@type\":\"Article\",\"@id\":\"https:\/\/eldromedariorecords.com\/web\/nuevas-fechas-de-sober-con-especial-fin-de-gira-en-madrid-entradas-ya-a-la-venta\/#article\",\"isPartOf\":{\"@id\":\"https:\/\/eldromedariorecords.com\/web\/nuevas-fechas-de-sober-con-especial-fin-de-gira-en-madrid-entradas-ya-a-la-venta\/#webpage\"},\"author\":{\"@id\":\"https:\/\/eldromedariorecords.com\/web\/#\/schema\/person\/71690da9dcd1ce3d7409664303024b87\"},\"headline\":\"Nuevas fechas de S\\u00f4ber con especial fin de gira en Madrid: entradas ya a la venta\",\"datePublished\":\"2022-08-02T10:43:54+00:00\",\"dateModified\":\"2022-08-02T10:43:57+00:00\",\"mainEntityOfPage\":{\"@id\":\"https:\/\/eldromedariorecords.com\/web\/nuevas-fechas-de-sober-con-especial-fin-de-gira-en-madrid-entradas-ya-a-la-venta\/#webpage\"},\"wordCount\":241,\"publisher\":{\"@id\":\"https:\/\/eldromedariorecords.com\/web\/#organization\"},\"image\":{\"@id\":\"https:\/\/eldromedariorecords.com\/web\/nuevas-fechas-de-sober-con-especial-fin-de-gira-en-madrid-entradas-ya-a-la-venta\/#primaryimage\"},\"thumbnailUrl\":\"https:\/\/eldromedariorecords.com\/web\/wp-content\/uploads\/2022\/08\/sober-cartel-morfoelegia-MADRID.jpg\",\"keywords\":[\"conciertos\",\"Eleg\\u00eda Tour\",\"Madrid\",\"Morfoeleg\\u00eda\",\"S\\u00f4ber\"],\"articleSection\":[\"Conciertos\",\"S\\u00f4ber\"],\"inLanguage\":\"es\"},{\"@type\":\"Person\",\"@id\":\"https:\/\/eldromedariorecords.com\/web\/#\/schema\/person\/71690da9dcd1ce3d7409664303024b87\",\"name\":\"Iosu\",\"image\":{\"@type\":\"ImageObject\",\"@id\":\"https:\/\/eldromedariorecords.com\/web\/#personlogo\",\"inLanguage\":\"es\",\"url\":\"https:\/\/secure.gravatar.com\/avatar\/4225fb5a2e5d3e2effd3ee240c8f8d9d?s=96&d=mm&r=g\",\"contentUrl\":\"https:\/\/secure.gravatar.com\/avatar\/4225fb5a2e5d3e2effd3ee240c8f8d9d?s=96&d=mm&r=g\",\"caption\":\"Iosu\"}}]}<\/script>\n<!-- \/ Yoast SEO plugin. -->","_links":{"self":[{"href":"https:\/\/eldromedariorecords.com\/web\/wp-json\/wp\/v2\/posts\/14275"}],"collection":[{"href":"https:\/\/eldromedariorecords.com\/web\/wp-json\/wp\/v2\/posts"}],"about":[{"href":"https:\/\/eldromedariorecords.com\/web\/wp-json\/wp\/v2\/types\/post"}],"author":[{"embeddable":true,"href":"https:\/\/eldromedariorecords.com\/web\/wp-json\/wp\/v2\/users\/3"}],"replies":[{"embeddable":true,"href":"https:\/\/eldromedariorecords.com\/web\/wp-json\/wp\/v2\/comments?post=14275"}],"version-history":[{"count":1,"href":"https:\/\/eldromedariorecords.com\/web\/wp-json\/wp\/v2\/posts\/14275\/revisions"}],"predecessor-version":[{"id":14276,"href":"https:\/\/eldromedariorecords.com\/web\/wp-json\/wp\/v2\/posts\/14275\/revisions\/14276"}],"wp:featuredmedia":[{"embeddable":true,"href":"https:\/\/eldromedariorecords.com\/web\/wp-json\/wp\/v2\/media\/14273"}],"wp:attachment":[{"href":"https:\/\/eldromedariorecords.com\/web\/wp-json\/wp\/v2\/media?parent=14275"}],"wp:term":[{"taxonomy":"category","embeddable":true,"href":"https:\/\/eldromedariorecords.com\/web\/wp-json\/wp\/v2\/categories?post=14275"},{"taxonomy":"post_tag","embeddable":true,"href":"https:\/\/eldromedariorecords.com\/web\/wp-json\/wp\/v2\/tags?post=14275"}],"curies":[{"name":"wp","href":"https:\/\/api.w.org\/{rel}","templated":true}]}}