{"id":1186,"date":"2014-03-10T11:32:15","date_gmt":"2014-03-10T11:32:15","guid":{"rendered":"https:\/\/eldromedariorecords.com\/web\/?p=1186"},"modified":"2015-08-31T11:41:26","modified_gmt":"2015-08-31T11:41:26","slug":"lanzamiento-disco-de-ciclonautas","status":"publish","type":"post","link":"https:\/\/eldromedariorecords.com\/web\/lanzamiento-disco-de-ciclonautas\/","title":{"rendered":"Lanzamiento del primer disco de Ciclonautas"},"content":{"rendered":"<p style=\"text-align: left;\"><strong>El lunes\u00a017 de marzo<\/strong>\u00a0ver\u00e1 la luz el esperado primer disco de <strong><em>CICLONAUTAS<\/em><\/strong>,\u00a0catalogados ya por muchos como <em>banda revelaci\u00f3n de la temporada:<\/em> no en vano, antes\u00a0de la publicaci\u00f3n del trabajo, ya est\u00e1 anunciada su presencia incluso en festivales como\u00a0el <em>VI\u00d1A ROCK,<\/em> el <em>EXTREMUSIKA<\/em> o el<em> AUPA LUMBRERAS!<\/em><\/p>\n<p style=\"text-align: left;\">Grabado en los <em>Estudios Aberin<\/em> por I\u00f1aki Llarena, <strong><em>CICLONAUTAS<\/em><\/strong> saltan a la\u00a0arena con <strong>un disco doble\u00a0titulado <em>Qu\u00e9 tal?,<\/em><\/strong> integrado por dos CD\u00b4s: <strong><em>La virtud del caos<\/em><\/strong>\u00a0y <strong><em>Que corra el aire<\/em><\/strong>. A lo largo del trabajo, integrado por 22 canciones, encontramos\u00a0colaboraciones como las de <em>Loquillo<\/em>, <em>El Drogas, Kutxi Romero, C\u00e9sar Ramallo, I\u00f1aki\u00a0\u2018Uoho\u2019 Ant\u00f3n, Roberto Iniesta, Alex Sardui (Gatibu), Domingo Calzado (Cala\u00f1a)<\/em> o las\u00a0de <em>Sebasti\u00e1n Teysera (\u2018Enano\u2019) y Sebasti\u00e1n Cebreiro (\u2018Cebolla\u2019), de La Vela Puerca.<\/em><\/p>\n<p style=\"text-align: left;\">Por \u00faltimo, a\u00f1adir que <strong><em>Qu\u00e9 tal?<\/em><\/strong> ser\u00e1 publicado por <strong>EL DROMEDARIO RECORDS.<\/strong><\/p>\n","protected":false},"excerpt":{"rendered":"<p>El lunes\u00a017 de marzo\u00a0ver\u00e1 la luz el esperado primer disco de CICLONAUTAS,\u00a0catalogados ya por muchos como banda revelaci\u00f3n de la temporada: no en vano, antes\u00a0de la publicaci\u00f3n del trabajo, ya est\u00e1 anunciada su presencia incluso en festivales como\u00a0el VI\u00d1A ROCK, el EXTREMUSIKA o el AUPA LUMBRERAS! Grabado en los Estudios Aberin por I\u00f1aki Llarena, CICLONAUTAS [&hellip;]<\/p>\n","protected":false},"author":3,"featured_media":1187,"comment_status":"closed","ping_status":"open","sticky":false,"template":"","format":"standard","meta":[],"categories":[35],"tags":[53],"yoast_head":"<!-- This site is optimized with the Yoast SEO plugin v16.5 - https:\/\/yoast.com\/wordpress\/plugins\/seo\/ -->\n<title>Lanzamiento del primer disco de Ciclonautas - El Dromedario Records<\/title>\n<meta name=\"robots\" content=\"index, follow, max-snippet:-1, max-image-preview:large, max-video-preview:-1\" \/>\n<link rel=\"canonical\" href=\"https:\/\/eldromedariorecords.com\/web\/lanzamiento-disco-de-ciclonautas\/\" \/>\n<meta property=\"og:locale\" content=\"es_ES\" \/>\n<meta property=\"og:type\" content=\"article\" \/>\n<meta property=\"og:title\" content=\"Lanzamiento del primer disco de Ciclonautas - El Dromedario Records\" \/>\n<meta property=\"og:description\" content=\"El lunes\u00a017 de marzo\u00a0ver\u00e1 la luz el esperado primer disco de CICLONAUTAS,\u00a0catalogados ya por muchos como banda revelaci\u00f3n de la temporada: no en vano, antes\u00a0de la publicaci\u00f3n del trabajo, ya est\u00e1 anunciada su presencia incluso en festivales como\u00a0el VI\u00d1A ROCK, el EXTREMUSIKA o el AUPA LUMBRERAS! Grabado en los Estudios Aberin por I\u00f1aki Llarena, CICLONAUTAS [&hellip;]\" \/>\n<meta property=\"og:url\" content=\"https:\/\/eldromedariorecords.com\/web\/lanzamiento-disco-de-ciclonautas\/\" \/>\n<meta property=\"og:site_name\" content=\"El Dromedario Records\" \/>\n<meta property=\"article:published_time\" content=\"2014-03-10T11:32:15+00:00\" \/>\n<meta property=\"article:modified_time\" content=\"2015-08-31T11:41:26+00:00\" \/>\n<meta property=\"og:image\" content=\"https:\/\/eldromedariorecords.melboss.com\/web\/wp-content\/uploads\/2015\/08\/que-tal-cover.jpg\" \/>\n\t<meta property=\"og:image:width\" content=\"1030\" \/>\n\t<meta property=\"og:image:height\" content=\"850\" \/>\n<meta name=\"twitter:card\" content=\"summary\" \/>\n<meta name=\"twitter:label1\" content=\"Tiempo de lectura\" \/>\n\t<meta name=\"twitter:data1\" content=\"1 minuto\" \/>\n<script type=\"application\/ld+json\" class=\"yoast-schema-graph\">{\"@context\":\"https:\/\/schema.org\",\"@graph\":[{\"@type\":\"Organization\",\"@id\":\"https:\/\/eldromedariorecords.com\/web\/#organization\",\"name\":\"El Dromedario Records\",\"url\":\"https:\/\/eldromedariorecords.com\/web\/\",\"sameAs\":[],\"logo\":{\"@type\":\"ImageObject\",\"@id\":\"https:\/\/eldromedariorecords.com\/web\/#logo\",\"inLanguage\":\"es\",\"url\":\"https:\/\/eldromedariorecords.melboss.com\/web\/wp-content\/uploads\/2021\/06\/logo-dromedario-negro.png\",\"contentUrl\":\"https:\/\/eldromedariorecords.melboss.com\/web\/wp-content\/uploads\/2021\/06\/logo-dromedario-negro.png\",\"width\":800,\"height\":624,\"caption\":\"El Dromedario Records\"},\"image\":{\"@id\":\"https:\/\/eldromedariorecords.com\/web\/#logo\"}},{\"@type\":\"WebSite\",\"@id\":\"https:\/\/eldromedariorecords.com\/web\/#website\",\"url\":\"https:\/\/eldromedariorecords.com\/web\/\",\"name\":\"El Dromedario Records\",\"description\":\"Discogr\\u00e1fica El Dromedario Records\",\"publisher\":{\"@id\":\"https:\/\/eldromedariorecords.com\/web\/#organization\"},\"potentialAction\":[{\"@type\":\"SearchAction\",\"target\":\"https:\/\/eldromedariorecords.com\/web\/?s={search_term_string}\",\"query-input\":\"required name=search_term_string\"}],\"inLanguage\":\"es\"},{\"@type\":\"ImageObject\",\"@id\":\"https:\/\/eldromedariorecords.com\/web\/lanzamiento-disco-de-ciclonautas\/#primaryimage\",\"inLanguage\":\"es\",\"url\":\"https:\/\/eldromedariorecords.com\/web\/wp-content\/uploads\/2015\/08\/que-tal-cover.jpg\",\"contentUrl\":\"https:\/\/eldromedariorecords.com\/web\/wp-content\/uploads\/2015\/08\/que-tal-cover.jpg\",\"width\":1030,\"height\":850,\"caption\":\"Ciclonautas 'Qu\\u00e9 tal?' Cover\"},{\"@type\":\"WebPage\",\"@id\":\"https:\/\/eldromedariorecords.com\/web\/lanzamiento-disco-de-ciclonautas\/#webpage\",\"url\":\"https:\/\/eldromedariorecords.com\/web\/lanzamiento-disco-de-ciclonautas\/\",\"name\":\"Lanzamiento del primer disco de Ciclonautas - El Dromedario Records\",\"isPartOf\":{\"@id\":\"https:\/\/eldromedariorecords.com\/web\/#website\"},\"primaryImageOfPage\":{\"@id\":\"https:\/\/eldromedariorecords.com\/web\/lanzamiento-disco-de-ciclonautas\/#primaryimage\"},\"datePublished\":\"2014-03-10T11:32:15+00:00\",\"dateModified\":\"2015-08-31T11:41:26+00:00\",\"breadcrumb\":{\"@id\":\"https:\/\/eldromedariorecords.com\/web\/lanzamiento-disco-de-ciclonautas\/#breadcrumb\"},\"inLanguage\":\"es\",\"potentialAction\":[{\"@type\":\"ReadAction\",\"target\":[\"https:\/\/eldromedariorecords.com\/web\/lanzamiento-disco-de-ciclonautas\/\"]}]},{\"@type\":\"BreadcrumbList\",\"@id\":\"https:\/\/eldromedariorecords.com\/web\/lanzamiento-disco-de-ciclonautas\/#breadcrumb\",\"itemListElement\":[{\"@type\":\"ListItem\",\"position\":1,\"name\":\"Portada\",\"item\":\"https:\/\/eldromedariorecords.com\/web\/inicio\/\"},{\"@type\":\"ListItem\",\"position\":2,\"name\":\"Lanzamiento del primer disco de Ciclonautas\"}]},{\"@type\":\"Article\",\"@id\":\"https:\/\/eldromedariorecords.com\/web\/lanzamiento-disco-de-ciclonautas\/#article\",\"isPartOf\":{\"@id\":\"https:\/\/eldromedariorecords.com\/web\/lanzamiento-disco-de-ciclonautas\/#webpage\"},\"author\":{\"@id\":\"https:\/\/eldromedariorecords.com\/web\/#\/schema\/person\/71690da9dcd1ce3d7409664303024b87\"},\"headline\":\"Lanzamiento del primer disco de Ciclonautas\",\"datePublished\":\"2014-03-10T11:32:15+00:00\",\"dateModified\":\"2015-08-31T11:41:26+00:00\",\"mainEntityOfPage\":{\"@id\":\"https:\/\/eldromedariorecords.com\/web\/lanzamiento-disco-de-ciclonautas\/#webpage\"},\"wordCount\":158,\"publisher\":{\"@id\":\"https:\/\/eldromedariorecords.com\/web\/#organization\"},\"image\":{\"@id\":\"https:\/\/eldromedariorecords.com\/web\/lanzamiento-disco-de-ciclonautas\/#primaryimage\"},\"thumbnailUrl\":\"https:\/\/eldromedariorecords.com\/web\/wp-content\/uploads\/2015\/08\/que-tal-cover.jpg\",\"keywords\":[\"Lanzamiento\"],\"articleSection\":[\"Ciclonautas\"],\"inLanguage\":\"es\"},{\"@type\":\"Person\",\"@id\":\"https:\/\/eldromedariorecords.com\/web\/#\/schema\/person\/71690da9dcd1ce3d7409664303024b87\",\"name\":\"Iosu\",\"image\":{\"@type\":\"ImageObject\",\"@id\":\"https:\/\/eldromedariorecords.com\/web\/#personlogo\",\"inLanguage\":\"es\",\"url\":\"https:\/\/secure.gravatar.com\/avatar\/4225fb5a2e5d3e2effd3ee240c8f8d9d?s=96&d=mm&r=g\",\"contentUrl\":\"https:\/\/secure.gravatar.com\/avatar\/4225fb5a2e5d3e2effd3ee240c8f8d9d?s=96&d=mm&r=g\",\"caption\":\"Iosu\"}}]}<\/script>\n<!-- \/ Yoast SEO plugin. -->","_links":{"self":[{"href":"https:\/\/eldromedariorecords.com\/web\/wp-json\/wp\/v2\/posts\/1186"}],"collection":[{"href":"https:\/\/eldromedariorecords.com\/web\/wp-json\/wp\/v2\/posts"}],"about":[{"href":"https:\/\/eldromedariorecords.com\/web\/wp-json\/wp\/v2\/types\/post"}],"author":[{"embeddable":true,"href":"https:\/\/eldromedariorecords.com\/web\/wp-json\/wp\/v2\/users\/3"}],"replies":[{"embeddable":true,"href":"https:\/\/eldromedariorecords.com\/web\/wp-json\/wp\/v2\/comments?post=1186"}],"version-history":[{"count":0,"href":"https:\/\/eldromedariorecords.com\/web\/wp-json\/wp\/v2\/posts\/1186\/revisions"}],"wp:featuredmedia":[{"embeddable":true,"href":"https:\/\/eldromedariorecords.com\/web\/wp-json\/wp\/v2\/media\/1187"}],"wp:attachment":[{"href":"https:\/\/eldromedariorecords.com\/web\/wp-json\/wp\/v2\/media?parent=1186"}],"wp:term":[{"taxonomy":"category","embeddable":true,"href":"https:\/\/eldromedariorecords.com\/web\/wp-json\/wp\/v2\/categories?post=1186"},{"taxonomy":"post_tag","embeddable":true,"href":"https:\/\/eldromedariorecords.com\/web\/wp-json\/wp\/v2\/tags?post=1186"}],"curies":[{"name":"wp","href":"https:\/\/api.w.org\/{rel}","templated":true}]}}