{"id":1179,"date":"2015-05-19T11:00:22","date_gmt":"2015-05-19T11:00:22","guid":{"rendered":"https:\/\/eldromedariorecords.com\/web\/?p=1179"},"modified":"2015-09-01T08:29:20","modified_gmt":"2015-09-01T08:29:20","slug":"madrid-final-de-trayecto-del-ciclon-tour-2015","status":"publish","type":"post","link":"https:\/\/eldromedariorecords.com\/web\/madrid-final-de-trayecto-del-ciclon-tour-2015\/","title":{"rendered":"Madrid, final de trayecto del \u2018Cicl\u00f3n Tour 2015\u2019"},"content":{"rendered":"<p style=\"text-align: left;\">Recala Ciclonautas en la muy exigente Madrid con la maquinaria de sobra engrasada, tras graduarse con los m\u00e1ximos honores en Granada, Murcia, Valencia, Barcelona, Tarragona, Bilbao y Zaragoza. Ser\u00e1 la \u00faltima parada de una gira \u2015<em>Cicl\u00f3n Tour 2015<\/em>\u2015 que arranc\u00f3 el pasado marzo <strong><a href=\"http:\/\/bit.ly\/1B40jIJ\">(pinchar aqu\u00ed)<\/a> <\/strong>y que ha superado de lejos las previsiones de este tr\u00edo norte\u00f1o, creador de un rock s\u00f3lido e igual de directo que un disparo a quemarropa. \u00abNuestra primera expectativa era muy humana: quer\u00edamos conocer a nuestro p\u00fablico, ya que se trata de nuestra primera gira solos, y en ese sentido te dir\u00e9 que ha sido espectacular\u2015relata un exultante Al\u00e9n Ayerdi, bater\u00eda y autor, junto a Mai Medina, de todas las canciones del grupo\u2015. Es un p\u00fablico con mucha cultura de rock y, a su vez, muy abierto a los sonidos nuevos del rock, sobre todo del rock fronterizo. Ciertamente, la acogida ha sido muy parecida en todas las ciudades porque el p\u00fablico que nos sigue es muy apasionado. Empiezan expectantes, pero se acaba montando la gran fiesta. La sorpresa grande ha sido Tarragona, que es la ciudad m\u00e1s peque\u00f1a de la gira y sin embargo fue el concierto m\u00e1s caliente de todos\u00bb.<\/p>\n<p style=\"text-align: left;\"><a href=\"https:\/\/eldromedariorecords.com\/web\/wp-content\/uploads\/2015\/08\/Ciclonautas-2.jpeg\"><img loading=\"lazy\" class=\"alignnone size-large wp-image-1180\" src=\"https:\/\/eldromedariorecords.com\/web\/wp-content\/uploads\/2015\/08\/Ciclonautas-2-1030x686.jpeg\" alt=\"Ciclonautas en Taragona\" width=\"1030\" height=\"686\" srcset=\"https:\/\/eldromedariorecords.com\/web\/wp-content\/uploads\/2015\/08\/Ciclonautas-2-1030x686.jpeg 1030w, https:\/\/eldromedariorecords.com\/web\/wp-content\/uploads\/2015\/08\/Ciclonautas-2-300x200.jpeg 300w, https:\/\/eldromedariorecords.com\/web\/wp-content\/uploads\/2015\/08\/Ciclonautas-2-705x470.jpeg 705w, https:\/\/eldromedariorecords.com\/web\/wp-content\/uploads\/2015\/08\/Ciclonautas-2-450x300.jpeg 450w, https:\/\/eldromedariorecords.com\/web\/wp-content\/uploads\/2015\/08\/Ciclonautas-2.jpeg 1280w\" sizes=\"(max-width: 1030px) 100vw, 1030px\" \/><\/a><\/p>\n<p style=\"text-align: left;\">\nEl m\u00fasico navarro no puede contener su excitaci\u00f3n cuando habla de la cita que les aguarda el pr\u00f3ximo jueves 21 en la sala We Rock (Costanilla de los \u00c1ngeles, 20; 21.30 h.), en donde estar\u00e1n acompa\u00f1ados, como en el resto de la gira, por el grupo Cero a la Izquierda: \u00abEs la primera vez que vamos a actuar en Madrid, y las ganas y la ansiedad son enormes. Cada d\u00eda se van reforzando porque la venta de entradas nos dice que hay ganas de vernos. La venta anticipada va como un tiro y ya podemos prever que va a ser una fiesta tremenda de rock. Adem\u00e1s de que nada m\u00e1s terminar de tocar ya ser\u00e1 mi cumplea\u00f1os, por lo que la celebraci\u00f3n va a ser por todo lo alto y por muchas razones\u00bb.<\/p>\n<p style=\"text-align: left;\">Al\u00e9n explica los motivos por las cuales esta gira no ha sido m\u00e1s larga: \u00abEn realidad es como la segunda parte de la gira, ya que el a\u00f1o pasado hicimos casi todos los grandes festivales del pa\u00eds y previamente hab\u00edamos hecho una pregira de rodaje por locales peque\u00f1os de rock. Para un primer disco creo que es m\u00e1s que suficiente. Sobre todo, porque tenemos la cabeza puesta en la composici\u00f3n de los temas del que ser\u00e1 nuestro segundo disco de estudio\u00bb.<\/p>\n<p style=\"text-align: left;\">Su disco de debut, el doble <em>Qu\u00e9 tal?<\/em> (El Dromedario Records), fue una de las m\u00e1s gratas noticias discogr\u00e1ficas del a\u00f1o pasado en el \u00e1mbito del rock nacional; un trabajo solvente y en\u00e9rgico que recibi\u00f3 el aplauso de la cr\u00edtica. A ra\u00edz de la gira, las ventas de ese disco se han incrementado de forma notable: \u00abEstamos muy cerca de los 6.000 discos vendidos, el 90% de ellos en tiendas \u2015me informa Al\u00e9n\u2015. Cuando tocas en directo se nota que se venden m\u00e1s discos, efectivamente. Pero el dato m\u00e1s significativo es que hace poco m\u00e1s de un a\u00f1o que sali\u00f3 a la calle y est\u00e1 cada d\u00eda m\u00e1s vivo. La semana pasada la distribuidora nos pidi\u00f3 128 discos de los nuestros, de los \u00a0que tenemos para vender en los conciertos, porque hab\u00edan agotado existencias y ten\u00edan esa cantidad de pedidos para tiendas a las que ten\u00edan que abastecer de inmediato\u00bb.<\/p>\n<p style=\"text-align: left;\"><strong>I\u00f1aki <em>Uoho<\/em> Ant\u00f3n, invitado estelar<\/strong><\/p>\n<p style=\"text-align: left;\">Adem\u00e1s de m\u00fasico, Ayerdi es el sufrido m\u00e1nager de Extremoduro. Esa cercan\u00eda con el grupo de origen extreme\u00f1o ha propiciado el que I\u00f1aki Ant\u00f3n, cabeza musical de Extremoduro, se haya animado a colaborar con ellos como teclista en algunos conciertos (estar\u00e1 en Madrid), lo que m\u00e1s que un lujo es una de catorce: \u00abA I\u00f1aki le gustamos mucho como grupo y m\u00e1s de una vez hab\u00eda venido a vernos y ayudarnos. Para nosotros es un lujo tenerlo cerca, como teclista, compa\u00f1ero y amigo. El rock de este pa\u00eds tiene un gran amigo en I\u00f1aki, y nosotros, por a\u00f1adidura, la suerte de tenerlo cerca. Ves que tiene el rock dentro, da igual que le pongas delante un teclado, una guitarra o una pandereta\u00bb.<\/p>\n<p style=\"text-align: left;\">\u00bfSe encuentra el singular\u00edsimo m\u00fasico vasco inmerso en alg\u00fan proyecto en solitario aprovechando que su socio, Roberto Iniesta, est\u00e1 a punto de sacar un disco para el que ha contado con m\u00fasicos ajenos al grupo? Al\u00e9n no da demasiadas pistas: \u00abI\u00f1aki siempre anda enroscado con canciones, es un trabajador incansable. Lo que no te puedo decir es para qu\u00e9 proyectos ir\u00e1n dirigidas sus futuras creaciones, porque lo desconozco\u00bb.<\/p>\n<p style=\"text-align: left;\"><strong>El disco de Robe, en breve<\/strong><\/p>\n<p style=\"text-align: left;\">En cuanto a Robe, Al\u00e9n Ayerdi ser\u00e1 poco menos que su sombra durante la promoci\u00f3n del citado disco. Un trabajo tan esperado como rodeado de misterio: \u00abDel disco de Robe s\u00f3lo te puedo decir que ha quedado espectacular y que es un proyecto apasionante, para disfrutar cada momento de la escucha. En breve podremos dar m\u00e1s detalles\u00bb <strong><a href=\"http:\/\/robe.es\/single\/y-rozar-contigo\">(\u00a1\u00daLTIMA HORA!: pinchar aqu\u00ed para escuchar \u00ab&#8230;Y rozar contigo\u00bb, primer single del que ser\u00e1 el debut discogr\u00e1fico en solitario de ROBERTO INIESTA, <em>Lo que aletea en nuestras cabezas,<\/em> a la venta el 9 de junio).<\/a><\/strong><\/p>\n<p style=\"text-align: left;\">Volviendo a Ciclonautas, Al\u00e9n se despide lanzando un aviso: \u00abQuienes quieran ir a vernos al \u00faltimo concierto de esta gira tendr\u00e1n que darse prisa en hacerse con las entradas, porque van como un tiro y es muy posible que vendamos todo el papel\u00bb.<\/p>\n<p style=\"text-align: left;\">Lo dicho. El pr\u00f3ximo jueves 21 el Rock, con may\u00fascula, arribar\u00e1 a Madrid. Advertidos qued\u00e1is.<\/p>\n<p style=\"text-align: left;\"><em>Fuente: <a href=\"http:\/\/arte-en-vena.blogspot.com.es\/2015\/05\/ciclonautas-en-madrid-final-de-trayecto.html\" target=\"_blank\">Arte en vena<\/a><\/em><\/p>\n","protected":false},"excerpt":{"rendered":"<p>Recala Ciclonautas en la muy exigente Madrid con la maquinaria de sobra engrasada, tras graduarse con los m\u00e1ximos honores en Granada, Murcia, Valencia, Barcelona, Tarragona, Bilbao y Zaragoza. Ser\u00e1 la \u00faltima parada de una gira \u2015Cicl\u00f3n Tour 2015\u2015 que arranc\u00f3 el pasado marzo (pinchar aqu\u00ed) y que ha superado de lejos las previsiones de este [&hellip;]<\/p>\n","protected":false},"author":3,"featured_media":1181,"comment_status":"closed","ping_status":"open","sticky":false,"template":"","format":"standard","meta":[],"categories":[36,35],"tags":[28,66,27],"yoast_head":"<!-- This site is optimized with the Yoast SEO plugin v16.5 - https:\/\/yoast.com\/wordpress\/plugins\/seo\/ -->\n<title>Madrid, final de trayecto del \u2018Cicl\u00f3n Tour 2015\u2019 - El Dromedario Records<\/title>\n<meta name=\"robots\" content=\"index, follow, max-snippet:-1, max-image-preview:large, max-video-preview:-1\" \/>\n<link rel=\"canonical\" href=\"https:\/\/eldromedariorecords.com\/web\/madrid-final-de-trayecto-del-ciclon-tour-2015\/\" \/>\n<meta property=\"og:locale\" content=\"es_ES\" \/>\n<meta property=\"og:type\" content=\"article\" \/>\n<meta property=\"og:title\" content=\"Madrid, final de trayecto del \u2018Cicl\u00f3n Tour 2015\u2019 - El Dromedario Records\" \/>\n<meta property=\"og:description\" content=\"Recala Ciclonautas en la muy exigente Madrid con la maquinaria de sobra engrasada, tras graduarse con los m\u00e1ximos honores en Granada, Murcia, Valencia, Barcelona, Tarragona, Bilbao y Zaragoza. Ser\u00e1 la \u00faltima parada de una gira \u2015Cicl\u00f3n Tour 2015\u2015 que arranc\u00f3 el pasado marzo (pinchar aqu\u00ed) y que ha superado de lejos las previsiones de este [&hellip;]\" \/>\n<meta property=\"og:url\" content=\"https:\/\/eldromedariorecords.com\/web\/madrid-final-de-trayecto-del-ciclon-tour-2015\/\" \/>\n<meta property=\"og:site_name\" content=\"El Dromedario Records\" \/>\n<meta property=\"article:published_time\" content=\"2015-05-19T11:00:22+00:00\" \/>\n<meta property=\"article:modified_time\" content=\"2015-09-01T08:29:20+00:00\" \/>\n<meta property=\"og:image\" content=\"https:\/\/eldromedariorecords.melboss.com\/web\/wp-content\/uploads\/2015\/08\/fin-gira.jpg\" \/>\n\t<meta property=\"og:image:width\" content=\"1030\" \/>\n\t<meta property=\"og:image:height\" content=\"778\" \/>\n<meta name=\"twitter:card\" content=\"summary\" \/>\n<meta name=\"twitter:label1\" content=\"Tiempo de lectura\" \/>\n\t<meta name=\"twitter:data1\" content=\"5 minutos\" \/>\n<script type=\"application\/ld+json\" class=\"yoast-schema-graph\">{\"@context\":\"https:\/\/schema.org\",\"@graph\":[{\"@type\":\"Organization\",\"@id\":\"https:\/\/eldromedariorecords.com\/web\/#organization\",\"name\":\"El Dromedario Records\",\"url\":\"https:\/\/eldromedariorecords.com\/web\/\",\"sameAs\":[],\"logo\":{\"@type\":\"ImageObject\",\"@id\":\"https:\/\/eldromedariorecords.com\/web\/#logo\",\"inLanguage\":\"es\",\"url\":\"https:\/\/eldromedariorecords.melboss.com\/web\/wp-content\/uploads\/2021\/06\/logo-dromedario-negro.png\",\"contentUrl\":\"https:\/\/eldromedariorecords.melboss.com\/web\/wp-content\/uploads\/2021\/06\/logo-dromedario-negro.png\",\"width\":800,\"height\":624,\"caption\":\"El Dromedario Records\"},\"image\":{\"@id\":\"https:\/\/eldromedariorecords.com\/web\/#logo\"}},{\"@type\":\"WebSite\",\"@id\":\"https:\/\/eldromedariorecords.com\/web\/#website\",\"url\":\"https:\/\/eldromedariorecords.com\/web\/\",\"name\":\"El Dromedario Records\",\"description\":\"Discogr\\u00e1fica El Dromedario Records\",\"publisher\":{\"@id\":\"https:\/\/eldromedariorecords.com\/web\/#organization\"},\"potentialAction\":[{\"@type\":\"SearchAction\",\"target\":\"https:\/\/eldromedariorecords.com\/web\/?s={search_term_string}\",\"query-input\":\"required name=search_term_string\"}],\"inLanguage\":\"es\"},{\"@type\":\"ImageObject\",\"@id\":\"https:\/\/eldromedariorecords.com\/web\/madrid-final-de-trayecto-del-ciclon-tour-2015\/#primaryimage\",\"inLanguage\":\"es\",\"url\":\"https:\/\/eldromedariorecords.com\/web\/wp-content\/uploads\/2015\/08\/fin-gira.jpg\",\"contentUrl\":\"https:\/\/eldromedariorecords.com\/web\/wp-content\/uploads\/2015\/08\/fin-gira.jpg\",\"width\":1030,\"height\":778,\"caption\":\"Ciclonautas fin de gira Cicl\\u00f3n Tour 2015\"},{\"@type\":\"WebPage\",\"@id\":\"https:\/\/eldromedariorecords.com\/web\/madrid-final-de-trayecto-del-ciclon-tour-2015\/#webpage\",\"url\":\"https:\/\/eldromedariorecords.com\/web\/madrid-final-de-trayecto-del-ciclon-tour-2015\/\",\"name\":\"Madrid, final de trayecto del \\u2018Cicl\\u00f3n Tour 2015\\u2019 - El Dromedario Records\",\"isPartOf\":{\"@id\":\"https:\/\/eldromedariorecords.com\/web\/#website\"},\"primaryImageOfPage\":{\"@id\":\"https:\/\/eldromedariorecords.com\/web\/madrid-final-de-trayecto-del-ciclon-tour-2015\/#primaryimage\"},\"datePublished\":\"2015-05-19T11:00:22+00:00\",\"dateModified\":\"2015-09-01T08:29:20+00:00\",\"breadcrumb\":{\"@id\":\"https:\/\/eldromedariorecords.com\/web\/madrid-final-de-trayecto-del-ciclon-tour-2015\/#breadcrumb\"},\"inLanguage\":\"es\",\"potentialAction\":[{\"@type\":\"ReadAction\",\"target\":[\"https:\/\/eldromedariorecords.com\/web\/madrid-final-de-trayecto-del-ciclon-tour-2015\/\"]}]},{\"@type\":\"BreadcrumbList\",\"@id\":\"https:\/\/eldromedariorecords.com\/web\/madrid-final-de-trayecto-del-ciclon-tour-2015\/#breadcrumb\",\"itemListElement\":[{\"@type\":\"ListItem\",\"position\":1,\"name\":\"Portada\",\"item\":\"https:\/\/eldromedariorecords.com\/web\/inicio\/\"},{\"@type\":\"ListItem\",\"position\":2,\"name\":\"Madrid, final de trayecto del \\u2018Cicl\\u00f3n Tour 2015\\u2019\"}]},{\"@type\":\"Article\",\"@id\":\"https:\/\/eldromedariorecords.com\/web\/madrid-final-de-trayecto-del-ciclon-tour-2015\/#article\",\"isPartOf\":{\"@id\":\"https:\/\/eldromedariorecords.com\/web\/madrid-final-de-trayecto-del-ciclon-tour-2015\/#webpage\"},\"author\":{\"@id\":\"https:\/\/eldromedariorecords.com\/web\/#\/schema\/person\/71690da9dcd1ce3d7409664303024b87\"},\"headline\":\"Madrid, final de trayecto del \\u2018Cicl\\u00f3n Tour 2015\\u2019\",\"datePublished\":\"2015-05-19T11:00:22+00:00\",\"dateModified\":\"2015-09-01T08:29:20+00:00\",\"mainEntityOfPage\":{\"@id\":\"https:\/\/eldromedariorecords.com\/web\/madrid-final-de-trayecto-del-ciclon-tour-2015\/#webpage\"},\"wordCount\":998,\"publisher\":{\"@id\":\"https:\/\/eldromedariorecords.com\/web\/#organization\"},\"image\":{\"@id\":\"https:\/\/eldromedariorecords.com\/web\/madrid-final-de-trayecto-del-ciclon-tour-2015\/#primaryimage\"},\"thumbnailUrl\":\"https:\/\/eldromedariorecords.com\/web\/wp-content\/uploads\/2015\/08\/fin-gira.jpg\",\"keywords\":[\"Cero a la Izquierda\",\"Cicl\\u00f3n Tour 2015\",\"Ciclonautas\"],\"articleSection\":[\"Cero a la Izquierda\",\"Ciclonautas\"],\"inLanguage\":\"es\"},{\"@type\":\"Person\",\"@id\":\"https:\/\/eldromedariorecords.com\/web\/#\/schema\/person\/71690da9dcd1ce3d7409664303024b87\",\"name\":\"Iosu\",\"image\":{\"@type\":\"ImageObject\",\"@id\":\"https:\/\/eldromedariorecords.com\/web\/#personlogo\",\"inLanguage\":\"es\",\"url\":\"https:\/\/secure.gravatar.com\/avatar\/4225fb5a2e5d3e2effd3ee240c8f8d9d?s=96&d=mm&r=g\",\"contentUrl\":\"https:\/\/secure.gravatar.com\/avatar\/4225fb5a2e5d3e2effd3ee240c8f8d9d?s=96&d=mm&r=g\",\"caption\":\"Iosu\"}}]}<\/script>\n<!-- \/ Yoast SEO plugin. -->","_links":{"self":[{"href":"https:\/\/eldromedariorecords.com\/web\/wp-json\/wp\/v2\/posts\/1179"}],"collection":[{"href":"https:\/\/eldromedariorecords.com\/web\/wp-json\/wp\/v2\/posts"}],"about":[{"href":"https:\/\/eldromedariorecords.com\/web\/wp-json\/wp\/v2\/types\/post"}],"author":[{"embeddable":true,"href":"https:\/\/eldromedariorecords.com\/web\/wp-json\/wp\/v2\/users\/3"}],"replies":[{"embeddable":true,"href":"https:\/\/eldromedariorecords.com\/web\/wp-json\/wp\/v2\/comments?post=1179"}],"version-history":[{"count":0,"href":"https:\/\/eldromedariorecords.com\/web\/wp-json\/wp\/v2\/posts\/1179\/revisions"}],"wp:featuredmedia":[{"embeddable":true,"href":"https:\/\/eldromedariorecords.com\/web\/wp-json\/wp\/v2\/media\/1181"}],"wp:attachment":[{"href":"https:\/\/eldromedariorecords.com\/web\/wp-json\/wp\/v2\/media?parent=1179"}],"wp:term":[{"taxonomy":"category","embeddable":true,"href":"https:\/\/eldromedariorecords.com\/web\/wp-json\/wp\/v2\/categories?post=1179"},{"taxonomy":"post_tag","embeddable":true,"href":"https:\/\/eldromedariorecords.com\/web\/wp-json\/wp\/v2\/tags?post=1179"}],"curies":[{"name":"wp","href":"https:\/\/api.w.org\/{rel}","templated":true}]}}