{"id":10998,"date":"2021-12-10T18:12:02","date_gmt":"2021-12-10T17:12:02","guid":{"rendered":"https:\/\/eldromedariorecords.com\/web\/?p=10998"},"modified":"2022-03-02T12:34:32","modified_gmt":"2022-03-02T11:34:32","slug":"pilar-alegria-ministra-de-educacion-y-formacion-profesional-recita-un-poema-inspirado-en-la-cancion-dele-al-play-de-ciclonautas","status":"publish","type":"post","link":"https:\/\/eldromedariorecords.com\/web\/pilar-alegria-ministra-de-educacion-y-formacion-profesional-recita-un-poema-inspirado-en-la-cancion-dele-al-play-de-ciclonautas\/","title":{"rendered":"Pilar Alegr\u00eda, Ministra de Educaci\u00f3n y Formaci\u00f3n Profesional, recita un poema inspirado en la canci\u00f3n Dele al play de Ciclonautas"},"content":{"rendered":"\n<figure class=\"wp-block-embed is-type-video is-provider-youtube wp-block-embed-youtube wp-embed-aspect-16-9 wp-has-aspect-ratio\"><div class=\"wp-block-embed__wrapper\">\n<div class='avia-iframe-wrap'><iframe loading=\"lazy\" title=\"DELE AL PLAY (RECITA PILAR ALEGR\u00cdA, MINISTRA DE EDUCACI\u00d3N)\" width=\"1500\" height=\"844\" src=\"https:\/\/www.youtube.com\/embed\/xzNOHBCsWoE?feature=oembed\" frameborder=\"0\" allow=\"accelerometer; autoplay; clipboard-write; encrypted-media; gyroscope; picture-in-picture\" allowfullscreen><\/iframe><\/div>\n<\/div><\/figure>\n\n\n\n<p>En el marco de&nbsp;<a href=\"http:\/\/nochedeluz.blogspot.com\/\">\u2018Proyecto Versicos\u2019<\/a>, hoy ha trascendido que Pilar Alegr\u00eda, Ministra de Educaci\u00f3n y Formaci\u00f3n Profesional del actual Gobierno de Espa\u00f1a,&nbsp;<a href=\"https:\/\/www.youtube.com\/watch?v=xzNOHBCsWoE\">ha recitado un poema<\/a>&nbsp;compuesto por Aitana L\u00f3pez, Alex Gracia, Mauro Seral y Vicky Squire, inspirado por el tema&nbsp;<em>Dele al play<\/em>, de&nbsp;<strong>Ciclonautas<\/strong>. La canci\u00f3n est\u00e1 incluida en el tercer \u00e1lbum del tr\u00edo,&nbsp;<a href=\"https:\/\/open.spotify.com\/album\/39nvZq16IHR2CQ5zG3hoOs?si=db5ek0voQcqFvqt9m-N87A\">Camping del hast\u00edo<\/a>.<\/p>\n\n\n\n<p>\u2018Proyecto Versicos\u2019 es una iniciativa surgida de manos de tres maestros de Zaragoza, Francho Lafuente, Jes\u00fas Guallar y Carlos Garc\u00eda, con el objetivo de impartir docencia apoy\u00e1ndose en trabajos de bandas de rock. Que una canci\u00f3n de los hispano-argentinos&nbsp;<strong>Ciclonautas<\/strong>&nbsp;inspire la composici\u00f3n de poemas no es la primera vez que ocurre; de hecho, ya sucedi\u00f3 con sus canciones&nbsp;<a href=\"https:\/\/www.youtube.com\/watch?v=6lvn4z5Ya20\"><em>Abrazado a un misil<\/em><\/a>, con la obra resultante recitada en su d\u00eda por Maru D\u00edaz, Consejera de Ciencia, Universidad y Sociedad del Conocimiento del Gobierno de Arag\u00f3n;&nbsp;<a href=\"https:\/\/www.youtube.com\/watch?v=iW3dpkLPeug\"><em>Souvenir<\/em><\/a>,&nbsp;<a href=\"https:\/\/www.youtube.com\/watch?v=H-2JUaNzSCA\"><em>Eterno aprendiz<\/em><\/a>&nbsp;o&nbsp;<a href=\"https:\/\/www.youtube.com\/watch?v=Y7xuVseblN8\"><em>\u00a1Agua va!<\/em><\/a>, declamado por el reconocido alpinista Carlos Pauner.<\/p>\n","protected":false},"excerpt":{"rendered":"<p>En el marco de&nbsp;\u2018Proyecto Versicos\u2019, hoy ha trascendido que Pilar Alegr\u00eda, Ministra de Educaci\u00f3n y Formaci\u00f3n Profesional del actual Gobierno de Espa\u00f1a,&nbsp;ha recitado un poema&nbsp;compuesto por Aitana L\u00f3pez, Alex Gracia, Mauro Seral y Vicky Squire, inspirado por el tema&nbsp;Dele al play, de&nbsp;Ciclonautas. La canci\u00f3n est\u00e1 incluida en el tercer \u00e1lbum del tr\u00edo,&nbsp;Camping del hast\u00edo. \u2018Proyecto [&hellip;]<\/p>\n","protected":false},"author":7,"featured_media":11512,"comment_status":"closed","ping_status":"open","sticky":false,"template":"","format":"standard","meta":[],"categories":[14],"tags":[],"yoast_head":"<!-- This site is optimized with the Yoast SEO plugin v16.5 - https:\/\/yoast.com\/wordpress\/plugins\/seo\/ -->\n<title>Pilar Alegr\u00eda, Ministra de Educaci\u00f3n y Formaci\u00f3n Profesional, recita un poema inspirado en la canci\u00f3n Dele al play de Ciclonautas - El Dromedario Records<\/title>\n<meta name=\"robots\" content=\"index, follow, max-snippet:-1, max-image-preview:large, max-video-preview:-1\" \/>\n<link rel=\"canonical\" href=\"https:\/\/eldromedariorecords.com\/web\/pilar-alegria-ministra-de-educacion-y-formacion-profesional-recita-un-poema-inspirado-en-la-cancion-dele-al-play-de-ciclonautas\/\" \/>\n<meta property=\"og:locale\" content=\"es_ES\" \/>\n<meta property=\"og:type\" content=\"article\" \/>\n<meta property=\"og:title\" content=\"Pilar Alegr\u00eda, Ministra de Educaci\u00f3n y Formaci\u00f3n Profesional, recita un poema inspirado en la canci\u00f3n Dele al play de Ciclonautas - El Dromedario Records\" \/>\n<meta property=\"og:description\" content=\"En el marco de&nbsp;\u2018Proyecto Versicos\u2019, hoy ha trascendido que Pilar Alegr\u00eda, Ministra de Educaci\u00f3n y Formaci\u00f3n Profesional del actual Gobierno de Espa\u00f1a,&nbsp;ha recitado un poema&nbsp;compuesto por Aitana L\u00f3pez, Alex Gracia, Mauro Seral y Vicky Squire, inspirado por el tema&nbsp;Dele al play, de&nbsp;Ciclonautas. La canci\u00f3n est\u00e1 incluida en el tercer \u00e1lbum del tr\u00edo,&nbsp;Camping del hast\u00edo. \u2018Proyecto [&hellip;]\" \/>\n<meta property=\"og:url\" content=\"https:\/\/eldromedariorecords.com\/web\/pilar-alegria-ministra-de-educacion-y-formacion-profesional-recita-un-poema-inspirado-en-la-cancion-dele-al-play-de-ciclonautas\/\" \/>\n<meta property=\"og:site_name\" content=\"El Dromedario Records\" \/>\n<meta property=\"article:published_time\" content=\"2021-12-10T17:12:02+00:00\" \/>\n<meta property=\"article:modified_time\" content=\"2022-03-02T11:34:32+00:00\" \/>\n<meta property=\"og:image\" content=\"https:\/\/eldromedariorecords.com\/web\/wp-content\/uploads\/2021\/12\/Pilar-Alegria-1.jpg\" \/>\n\t<meta property=\"og:image:width\" content=\"990\" \/>\n\t<meta property=\"og:image:height\" content=\"557\" \/>\n<meta name=\"twitter:card\" content=\"summary\" \/>\n<meta name=\"twitter:label1\" content=\"Tiempo de lectura\" \/>\n\t<meta name=\"twitter:data1\" content=\"1 minuto\" \/>\n<script type=\"application\/ld+json\" class=\"yoast-schema-graph\">{\"@context\":\"https:\/\/schema.org\",\"@graph\":[{\"@type\":\"Organization\",\"@id\":\"https:\/\/eldromedariorecords.com\/web\/#organization\",\"name\":\"El Dromedario Records\",\"url\":\"https:\/\/eldromedariorecords.com\/web\/\",\"sameAs\":[],\"logo\":{\"@type\":\"ImageObject\",\"@id\":\"https:\/\/eldromedariorecords.com\/web\/#logo\",\"inLanguage\":\"es\",\"url\":\"https:\/\/eldromedariorecords.melboss.com\/web\/wp-content\/uploads\/2021\/06\/logo-dromedario-negro.png\",\"contentUrl\":\"https:\/\/eldromedariorecords.melboss.com\/web\/wp-content\/uploads\/2021\/06\/logo-dromedario-negro.png\",\"width\":800,\"height\":624,\"caption\":\"El Dromedario Records\"},\"image\":{\"@id\":\"https:\/\/eldromedariorecords.com\/web\/#logo\"}},{\"@type\":\"WebSite\",\"@id\":\"https:\/\/eldromedariorecords.com\/web\/#website\",\"url\":\"https:\/\/eldromedariorecords.com\/web\/\",\"name\":\"El Dromedario Records\",\"description\":\"Discogr\\u00e1fica El Dromedario Records\",\"publisher\":{\"@id\":\"https:\/\/eldromedariorecords.com\/web\/#organization\"},\"potentialAction\":[{\"@type\":\"SearchAction\",\"target\":\"https:\/\/eldromedariorecords.com\/web\/?s={search_term_string}\",\"query-input\":\"required name=search_term_string\"}],\"inLanguage\":\"es\"},{\"@type\":\"ImageObject\",\"@id\":\"https:\/\/eldromedariorecords.com\/web\/pilar-alegria-ministra-de-educacion-y-formacion-profesional-recita-un-poema-inspirado-en-la-cancion-dele-al-play-de-ciclonautas\/#primaryimage\",\"inLanguage\":\"es\",\"url\":\"https:\/\/eldromedariorecords.com\/web\/wp-content\/uploads\/2021\/12\/Pilar-Alegria-1.jpg\",\"contentUrl\":\"https:\/\/eldromedariorecords.com\/web\/wp-content\/uploads\/2021\/12\/Pilar-Alegria-1.jpg\",\"width\":990,\"height\":557},{\"@type\":\"WebPage\",\"@id\":\"https:\/\/eldromedariorecords.com\/web\/pilar-alegria-ministra-de-educacion-y-formacion-profesional-recita-un-poema-inspirado-en-la-cancion-dele-al-play-de-ciclonautas\/#webpage\",\"url\":\"https:\/\/eldromedariorecords.com\/web\/pilar-alegria-ministra-de-educacion-y-formacion-profesional-recita-un-poema-inspirado-en-la-cancion-dele-al-play-de-ciclonautas\/\",\"name\":\"Pilar Alegr\\u00eda, Ministra de Educaci\\u00f3n y Formaci\\u00f3n Profesional, recita un poema inspirado en la canci\\u00f3n Dele al play de Ciclonautas - El Dromedario Records\",\"isPartOf\":{\"@id\":\"https:\/\/eldromedariorecords.com\/web\/#website\"},\"primaryImageOfPage\":{\"@id\":\"https:\/\/eldromedariorecords.com\/web\/pilar-alegria-ministra-de-educacion-y-formacion-profesional-recita-un-poema-inspirado-en-la-cancion-dele-al-play-de-ciclonautas\/#primaryimage\"},\"datePublished\":\"2021-12-10T17:12:02+00:00\",\"dateModified\":\"2022-03-02T11:34:32+00:00\",\"breadcrumb\":{\"@id\":\"https:\/\/eldromedariorecords.com\/web\/pilar-alegria-ministra-de-educacion-y-formacion-profesional-recita-un-poema-inspirado-en-la-cancion-dele-al-play-de-ciclonautas\/#breadcrumb\"},\"inLanguage\":\"es\",\"potentialAction\":[{\"@type\":\"ReadAction\",\"target\":[\"https:\/\/eldromedariorecords.com\/web\/pilar-alegria-ministra-de-educacion-y-formacion-profesional-recita-un-poema-inspirado-en-la-cancion-dele-al-play-de-ciclonautas\/\"]}]},{\"@type\":\"BreadcrumbList\",\"@id\":\"https:\/\/eldromedariorecords.com\/web\/pilar-alegria-ministra-de-educacion-y-formacion-profesional-recita-un-poema-inspirado-en-la-cancion-dele-al-play-de-ciclonautas\/#breadcrumb\",\"itemListElement\":[{\"@type\":\"ListItem\",\"position\":1,\"name\":\"Portada\",\"item\":\"https:\/\/eldromedariorecords.com\/web\/inicio\/\"},{\"@type\":\"ListItem\",\"position\":2,\"name\":\"Pilar Alegr\\u00eda, Ministra de Educaci\\u00f3n y Formaci\\u00f3n Profesional, recita un poema inspirado en la canci\\u00f3n Dele al play de Ciclonautas\"}]},{\"@type\":\"Article\",\"@id\":\"https:\/\/eldromedariorecords.com\/web\/pilar-alegria-ministra-de-educacion-y-formacion-profesional-recita-un-poema-inspirado-en-la-cancion-dele-al-play-de-ciclonautas\/#article\",\"isPartOf\":{\"@id\":\"https:\/\/eldromedariorecords.com\/web\/pilar-alegria-ministra-de-educacion-y-formacion-profesional-recita-un-poema-inspirado-en-la-cancion-dele-al-play-de-ciclonautas\/#webpage\"},\"author\":{\"@id\":\"https:\/\/eldromedariorecords.com\/web\/#\/schema\/person\/88cc5b5785dd5752f1eb98ed48385fa8\"},\"headline\":\"Pilar Alegr\\u00eda, Ministra de Educaci\\u00f3n y Formaci\\u00f3n Profesional, recita un poema inspirado en la canci\\u00f3n Dele al play de Ciclonautas\",\"datePublished\":\"2021-12-10T17:12:02+00:00\",\"dateModified\":\"2022-03-02T11:34:32+00:00\",\"mainEntityOfPage\":{\"@id\":\"https:\/\/eldromedariorecords.com\/web\/pilar-alegria-ministra-de-educacion-y-formacion-profesional-recita-un-poema-inspirado-en-la-cancion-dele-al-play-de-ciclonautas\/#webpage\"},\"wordCount\":219,\"publisher\":{\"@id\":\"https:\/\/eldromedariorecords.com\/web\/#organization\"},\"image\":{\"@id\":\"https:\/\/eldromedariorecords.com\/web\/pilar-alegria-ministra-de-educacion-y-formacion-profesional-recita-un-poema-inspirado-en-la-cancion-dele-al-play-de-ciclonautas\/#primaryimage\"},\"thumbnailUrl\":\"https:\/\/eldromedariorecords.com\/web\/wp-content\/uploads\/2021\/12\/Pilar-Alegria-1.jpg\",\"articleSection\":[\"Robe\"],\"inLanguage\":\"es\"},{\"@type\":\"Person\",\"@id\":\"https:\/\/eldromedariorecords.com\/web\/#\/schema\/person\/88cc5b5785dd5752f1eb98ed48385fa8\",\"name\":\"Albert\",\"image\":{\"@type\":\"ImageObject\",\"@id\":\"https:\/\/eldromedariorecords.com\/web\/#personlogo\",\"inLanguage\":\"es\",\"url\":\"https:\/\/secure.gravatar.com\/avatar\/88c579de412db91cc3f570abdeb93e7a?s=96&d=mm&r=g\",\"contentUrl\":\"https:\/\/secure.gravatar.com\/avatar\/88c579de412db91cc3f570abdeb93e7a?s=96&d=mm&r=g\",\"caption\":\"Albert\"}}]}<\/script>\n<!-- \/ Yoast SEO plugin. -->","_links":{"self":[{"href":"https:\/\/eldromedariorecords.com\/web\/wp-json\/wp\/v2\/posts\/10998"}],"collection":[{"href":"https:\/\/eldromedariorecords.com\/web\/wp-json\/wp\/v2\/posts"}],"about":[{"href":"https:\/\/eldromedariorecords.com\/web\/wp-json\/wp\/v2\/types\/post"}],"author":[{"embeddable":true,"href":"https:\/\/eldromedariorecords.com\/web\/wp-json\/wp\/v2\/users\/7"}],"replies":[{"embeddable":true,"href":"https:\/\/eldromedariorecords.com\/web\/wp-json\/wp\/v2\/comments?post=10998"}],"version-history":[{"count":1,"href":"https:\/\/eldromedariorecords.com\/web\/wp-json\/wp\/v2\/posts\/10998\/revisions"}],"predecessor-version":[{"id":11513,"href":"https:\/\/eldromedariorecords.com\/web\/wp-json\/wp\/v2\/posts\/10998\/revisions\/11513"}],"wp:featuredmedia":[{"embeddable":true,"href":"https:\/\/eldromedariorecords.com\/web\/wp-json\/wp\/v2\/media\/11512"}],"wp:attachment":[{"href":"https:\/\/eldromedariorecords.com\/web\/wp-json\/wp\/v2\/media?parent=10998"}],"wp:term":[{"taxonomy":"category","embeddable":true,"href":"https:\/\/eldromedariorecords.com\/web\/wp-json\/wp\/v2\/categories?post=10998"},{"taxonomy":"post_tag","embeddable":true,"href":"https:\/\/eldromedariorecords.com\/web\/wp-json\/wp\/v2\/tags?post=10998"}],"curies":[{"name":"wp","href":"https:\/\/api.w.org\/{rel}","templated":true}]}}